{"id":15354,"date":"2024-07-26T17:39:58","date_gmt":"2024-07-26T17:39:58","guid":{"rendered":"https:\/\/diariotiempo.com.uy\/noticias\/?p=15354"},"modified":"2024-07-26T17:39:59","modified_gmt":"2024-07-26T17:39:59","slug":"comienzan-trabajos-de-carpeta-asfaltica-en-cont-varela-y-circunvalacion-de-plaza-de-deportes","status":"publish","type":"post","link":"https:\/\/diariotiempo.com.uy\/noticias\/2024\/07\/26\/comienzan-trabajos-de-carpeta-asfaltica-en-cont-varela-y-circunvalacion-de-plaza-de-deportes\/","title":{"rendered":"Comienzan trabajos de carpeta asf\u00e1ltica en Cont. Varela y Circunvalaci\u00f3n de Plaza de Deportes"},"content":{"rendered":"\n<figure class=\"wp-block-image size-full\"><img loading=\"lazy\" decoding=\"async\" width=\"509\" height=\"446\" src=\"https:\/\/diariotiempo.com.uy\/noticias\/wp-content\/uploads\/2024\/07\/con-varela.jpg\" alt=\"\" class=\"wp-image-15355\" srcset=\"https:\/\/diariotiempo.com.uy\/noticias\/wp-content\/uploads\/2024\/07\/con-varela.jpg 509w, https:\/\/diariotiempo.com.uy\/noticias\/wp-content\/uploads\/2024\/07\/con-varela-300x263.jpg 300w\" sizes=\"auto, (max-width: 509px) 100vw, 509px\" \/><\/figure>\n\n\n\n<p>Contin\u00faan las obras seg\u00fan lo planificado en el Municipio de Pando y anunciado en Audiencia P\u00fablica.<br>La pr\u00f3xima semana ser\u00e1 turno de realizar la carpeta asf\u00e1ltica de calle continuaci\u00f3n Jos\u00e9 Pedro Varela y la circunvalaci\u00f3n de la Plaza de Deportes. Se pide a las y los vecinos circular con precauci\u00f3n durante las obras.<\/p>\n","protected":false},"excerpt":{"rendered":"<p>Contin\u00faan las obras seg\u00fan lo planificado en el Municipio de Pando y anunciado en Audiencia&#8230;<\/p>\n","protected":false},"author":1,"featured_media":15355,"comment_status":"closed","ping_status":"closed","sticky":false,"template":"","format":"standard","meta":{"_monsterinsights_skip_tracking":false,"_monsterinsights_sitenote_active":false,"_monsterinsights_sitenote_note":"","_monsterinsights_sitenote_category":0,"footnotes":""},"categories":[19],"tags":[],"class_list":["post-15354","post","type-post","status-publish","format-standard","has-post-thumbnail","hentry","category-pando"],"featured_image_urls":{"full":["https:\/\/diariotiempo.com.uy\/noticias\/wp-content\/uploads\/2024\/07\/con-varela.jpg",509,446,false],"thumbnail":["https:\/\/diariotiempo.com.uy\/noticias\/wp-content\/uploads\/2024\/07\/con-varela-150x150.jpg",150,150,true],"medium":["https:\/\/diariotiempo.com.uy\/noticias\/wp-content\/uploads\/2024\/07\/con-varela-300x263.jpg",300,263,true],"medium_large":["https:\/\/diariotiempo.com.uy\/noticias\/wp-content\/uploads\/2024\/07\/con-varela.jpg",509,446,false],"large":["https:\/\/diariotiempo.com.uy\/noticias\/wp-content\/uploads\/2024\/07\/con-varela.jpg",509,446,false],"rpg_gallery_admin_thumb":["https:\/\/diariotiempo.com.uy\/noticias\/wp-content\/uploads\/2024\/07\/con-varela-150x150.jpg",150,150,true],"rpg_gallery_thumb":["https:\/\/diariotiempo.com.uy\/noticias\/wp-content\/uploads\/2024\/07\/con-varela-150x150.jpg",150,150,true],"1536x1536":["https:\/\/diariotiempo.com.uy\/noticias\/wp-content\/uploads\/2024\/07\/con-varela.jpg",509,446,false],"2048x2048":["https:\/\/diariotiempo.com.uy\/noticias\/wp-content\/uploads\/2024\/07\/con-varela.jpg",509,446,false],"covernews-slider-full":["https:\/\/diariotiempo.com.uy\/noticias\/wp-content\/uploads\/2024\/07\/con-varela.jpg",509,446,false],"covernews-slider-center":["https:\/\/diariotiempo.com.uy\/noticias\/wp-content\/uploads\/2024\/07\/con-varela.jpg",509,446,false],"covernews-featured":["https:\/\/diariotiempo.com.uy\/noticias\/wp-content\/uploads\/2024\/07\/con-varela.jpg",509,446,false],"covernews-medium":["https:\/\/diariotiempo.com.uy\/noticias\/wp-content\/uploads\/2024\/07\/con-varela-509x340.jpg",509,340,true],"covernews-medium-square":["https:\/\/diariotiempo.com.uy\/noticias\/wp-content\/uploads\/2024\/07\/con-varela-400x250.jpg",400,250,true]},"author_info":{"display_name":"diario","author_link":"https:\/\/diariotiempo.com.uy\/noticias\/author\/diario\/"},"category_info":"<a href=\"https:\/\/diariotiempo.com.uy\/noticias\/category\/departamental\/pando\/\" rel=\"category tag\">Pando<\/a>","tag_info":"Pando","comment_count":"0","_links":{"self":[{"href":"https:\/\/diariotiempo.com.uy\/noticias\/wp-json\/wp\/v2\/posts\/15354","targetHints":{"allow":["GET"]}}],"collection":[{"href":"https:\/\/diariotiempo.com.uy\/noticias\/wp-json\/wp\/v2\/posts"}],"about":[{"href":"https:\/\/diariotiempo.com.uy\/noticias\/wp-json\/wp\/v2\/types\/post"}],"author":[{"embeddable":true,"href":"https:\/\/diariotiempo.com.uy\/noticias\/wp-json\/wp\/v2\/users\/1"}],"replies":[{"embeddable":true,"href":"https:\/\/diariotiempo.com.uy\/noticias\/wp-json\/wp\/v2\/comments?post=15354"}],"version-history":[{"count":1,"href":"https:\/\/diariotiempo.com.uy\/noticias\/wp-json\/wp\/v2\/posts\/15354\/revisions"}],"predecessor-version":[{"id":15356,"href":"https:\/\/diariotiempo.com.uy\/noticias\/wp-json\/wp\/v2\/posts\/15354\/revisions\/15356"}],"wp:featuredmedia":[{"embeddable":true,"href":"https:\/\/diariotiempo.com.uy\/noticias\/wp-json\/wp\/v2\/media\/15355"}],"wp:attachment":[{"href":"https:\/\/diariotiempo.com.uy\/noticias\/wp-json\/wp\/v2\/media?parent=15354"}],"wp:term":[{"taxonomy":"category","embeddable":true,"href":"https:\/\/diariotiempo.com.uy\/noticias\/wp-json\/wp\/v2\/categories?post=15354"},{"taxonomy":"post_tag","embeddable":true,"href":"https:\/\/diariotiempo.com.uy\/noticias\/wp-json\/wp\/v2\/tags?post=15354"}],"curies":[{"name":"wp","href":"https:\/\/api.w.org\/{rel}","templated":true}]}}