{"id":15357,"date":"2024-07-26T17:41:18","date_gmt":"2024-07-26T17:41:18","guid":{"rendered":"https:\/\/diariotiempo.com.uy\/noticias\/?p=15357"},"modified":"2024-07-26T17:41:19","modified_gmt":"2024-07-26T17:41:19","slug":"documental-volver-a-mi-barrio-conversatorio-y-un-museo-viviente","status":"publish","type":"post","link":"https:\/\/diariotiempo.com.uy\/noticias\/2024\/07\/26\/documental-volver-a-mi-barrio-conversatorio-y-un-museo-viviente\/","title":{"rendered":"Documental \u00a0Volver a mi barrio, conversatorio y un museo viviente"},"content":{"rendered":"\n<figure class=\"wp-block-gallery has-nested-images columns-default is-cropped wp-block-gallery-1 is-layout-flex wp-block-gallery-is-layout-flex\">\n<figure class=\"wp-block-image size-large\"><img loading=\"lazy\" decoding=\"async\" width=\"800\" height=\"533\" data-id=\"15358\" src=\"https:\/\/diariotiempo.com.uy\/noticias\/wp-content\/uploads\/2024\/07\/ciudad-de-la-costa-cartel.jpg\" alt=\"\" class=\"wp-image-15358\" srcset=\"https:\/\/diariotiempo.com.uy\/noticias\/wp-content\/uploads\/2024\/07\/ciudad-de-la-costa-cartel.jpg 800w, https:\/\/diariotiempo.com.uy\/noticias\/wp-content\/uploads\/2024\/07\/ciudad-de-la-costa-cartel-300x200.jpg 300w, https:\/\/diariotiempo.com.uy\/noticias\/wp-content\/uploads\/2024\/07\/ciudad-de-la-costa-cartel-768x512.jpg 768w\" sizes=\"auto, (max-width: 800px) 100vw, 800px\" \/><\/figure>\n\n\n\n<figure class=\"wp-block-image size-large\"><img loading=\"lazy\" decoding=\"async\" width=\"800\" height=\"533\" data-id=\"15359\" src=\"https:\/\/diariotiempo.com.uy\/noticias\/wp-content\/uploads\/2024\/07\/ciudad-de-la-costa-museo.jpg\" alt=\"\" class=\"wp-image-15359\" srcset=\"https:\/\/diariotiempo.com.uy\/noticias\/wp-content\/uploads\/2024\/07\/ciudad-de-la-costa-museo.jpg 800w, https:\/\/diariotiempo.com.uy\/noticias\/wp-content\/uploads\/2024\/07\/ciudad-de-la-costa-museo-300x200.jpg 300w, https:\/\/diariotiempo.com.uy\/noticias\/wp-content\/uploads\/2024\/07\/ciudad-de-la-costa-museo-768x512.jpg 768w\" sizes=\"auto, (max-width: 800px) 100vw, 800px\" \/><\/figure>\n<\/figure>\n\n\n\n<p>En el Mes de la Afrodescendencia, protagonistas y colectivos comprometidos con la tem\u00e1tica afrodescendiente narran, a trav\u00e9s de actividades art\u00edsticas y culturales, sus experiencias hist\u00f3ricas generando espacios de visibilidad y sensibilizaci\u00f3n en el territorio canario.<\/p>\n\n\n\n<p>En el Centro Cultural Ciudad de la Costa se proyect\u00f3 el documental Volver a mi barrio, se realiz\u00f3 un conversatorio sobre el desplazamiento forzado que vivieron m\u00e1s de 100 familias en el barrio Sur y el conventillo Medio Mundo durante la dictadura c\u00edvico-militar y se llev\u00f3 a cabo Hermosa intervenci\u00f3n, un museo viviente en el que artistas afro contaron historias de mujeres \u00edconos en la lucha antirracista.<\/p>\n\n\n\n<p>Asimismo, el pr\u00f3ximo fin de semana se desarrollar\u00e1 un extenso espacio de encuentro con el seminario Voces de ra\u00edces en celebraci\u00f3n de la afrodescendencia en el Espacio D\u00ednamo de Atl\u00e1ntida. Entre mesas, talleres y espect\u00e1culos art\u00edsticos se expondr\u00e1n diferentes tem\u00e1ticas que golpean al colectivo afro buscando desarrollar propuestas para que la ciudadan\u00eda pueda transitar hacia la equidad y la igualdad. Para participar es necesaria la inscripci\u00f3n previa. Se trata de una actividad sin costo, abierta al p\u00fablico, como todas las actividades que realiza la Intendencia de Canelones en el Mes de la Afrodescencendia.<\/p>\n\n\n\n<p>Proyecci\u00f3n del documental Volver a mi barrio<\/p>\n\n\n\n<p>La Referente del \u00c1rea \u00c9tnico Racial de la Direcci\u00f3n de Derechos Humanos de la Intendencia de Canelones, Doris Piriz, consider\u00f3 que el documental pone sobre la mesa las \u201caberraciones\u201d que el colectivo afro sufri\u00f3 durante la \u00faltimo dictadura c\u00edvico-militar. A su vez, indic\u00f3 que durante julio se realizan muchas actividades que buscan generar visibilidad sobre diferentes tem\u00e1ticas, de las que tambi\u00e9n la poblaci\u00f3n canaria es parte.<\/p>\n\n\n\n<p>En el a\u00f1o 1973 m\u00e1s de 100 familias del barrio Ansina y del conventillo Medio Mundo de Montevideo fueron desplazadas forzosamente por parte de militares, en camiones de basura, primero a una f\u00e1brica de frazadas que estaba en el barrio de La Teja, para un a\u00f1o despu\u00e9s realojarlos en el barrio Los Palomares, en el Cerro de Montevideo, entre otras zonas del \u00c1rea Metropolitana.<\/p>\n\n\n\n<p>La realizadora del documental, Leticia Rodr\u00edguez Taborda, explic\u00f3 que se trat\u00f3 de una experiencia traum\u00e1tica para la poblaci\u00f3n afrouruguaya, que en muchos casos a\u00fan no ha podido recuperar su forma de vida, debido a que han sido revictimizados desde la trata transatl\u00e1ntica, el desarraigo de la d\u00e9cada del setenta y el racismo cotidiano. En Canelones hay familias que viv\u00edan en el conventillo Medio Mundo y en el barrio Sur, que sufrieron el desalojo y el desplazamiento y que actualmente viven en Toledo, Las Piedras, El Pinar norte y La Paz.<\/p>\n\n\n\n<p>Rodr\u00edguez Tabora inform\u00f3 durante el conversatorio, en el que participaron m\u00e1s de 20 personas, que se trata de un audiovisual realizado de forma colectiva con mujeres que fueron desalojadas y que propone una mirada diferente ya que hasta el momento el relato de esa experiencia traum\u00e1tica fue contado por hombres.<\/p>\n\n\n\n<p>Hermosa intervenci\u00f3n<\/p>\n\n\n\n<p>En la misma l\u00ednea de reconstrucci\u00f3n de la memoria desembarc\u00f3 Hermosa intervenci\u00f3n, un espect\u00e1culo \u201ccreado por mujeres y disidencias sexuales e ind\u00edgenas\u201d, como explic\u00f3 Jacqueline Dos Santos, quien ofici\u00f3 como gu\u00eda del museo viviente durante la performance. El espect\u00e1culo, en el que participaron m\u00e1s de 30 personas entre el p\u00fablico y las activistas, tambi\u00e9n fue presentado en Berl\u00edn, la capital de Alemania.<\/p>\n\n\n\n<p>Se trat\u00f3 de un recorrido por la historia de la lucha por la igualdad de derechos, en la que las protagonistas fueron mujeres muchas veces invisibilizadas por la historicidad institucional pero muy presentes en las comunidades que llevan adelantes las luchas sociales.<\/p>\n\n\n\n<p>Desde Guyunusa hasta la Mama Vieja, se atravesaron estaciones de la historia en reales cuadros vivientes y artistas afrodescendientes homenajearon a sus antecesoras reivindicando su compromiso con la causa afro. \u201cTraemos esas historias para que las personas podamos acercarnos m\u00e1s y quebrar esas brechas que nos distancian, que vienen de una historia que no estamos de acuerdo y que queremos trascender, queremos unirnos como humanidad\u201d, declar\u00f3 Dos Santos.<\/p>\n","protected":false},"excerpt":{"rendered":"<p>En el Mes de la Afrodescendencia, protagonistas y colectivos comprometidos con la tem\u00e1tica afrodescendiente narran,&#8230;<\/p>\n","protected":false},"author":1,"featured_media":15359,"comment_status":"closed","ping_status":"closed","sticky":false,"template":"","format":"standard","meta":{"_monsterinsights_skip_tracking":false,"_monsterinsights_sitenote_active":false,"_monsterinsights_sitenote_note":"","_monsterinsights_sitenote_category":0,"footnotes":""},"categories":[83],"tags":[],"class_list":["post-15357","post","type-post","status-publish","format-standard","has-post-thumbnail","hentry","category-ciudad-de-la-costa"],"featured_image_urls":{"full":["https:\/\/diariotiempo.com.uy\/noticias\/wp-content\/uploads\/2024\/07\/ciudad-de-la-costa-museo.jpg",800,533,false],"thumbnail":["https:\/\/diariotiempo.com.uy\/noticias\/wp-content\/uploads\/2024\/07\/ciudad-de-la-costa-museo-150x150.jpg",150,150,true],"medium":["https:\/\/diariotiempo.com.uy\/noticias\/wp-content\/uploads\/2024\/07\/ciudad-de-la-costa-museo-300x200.jpg",300,200,true],"medium_large":["https:\/\/diariotiempo.com.uy\/noticias\/wp-content\/uploads\/2024\/07\/ciudad-de-la-costa-museo-768x512.jpg",640,427,true],"large":["https:\/\/diariotiempo.com.uy\/noticias\/wp-content\/uploads\/2024\/07\/ciudad-de-la-costa-museo.jpg",640,426,false],"rpg_gallery_admin_thumb":["https:\/\/diariotiempo.com.uy\/noticias\/wp-content\/uploads\/2024\/07\/ciudad-de-la-costa-museo-150x150.jpg",150,150,true],"rpg_gallery_thumb":["https:\/\/diariotiempo.com.uy\/noticias\/wp-content\/uploads\/2024\/07\/ciudad-de-la-costa-museo-150x150.jpg",150,150,true],"1536x1536":["https:\/\/diariotiempo.com.uy\/noticias\/wp-content\/uploads\/2024\/07\/ciudad-de-la-costa-museo.jpg",800,533,false],"2048x2048":["https:\/\/diariotiempo.com.uy\/noticias\/wp-content\/uploads\/2024\/07\/ciudad-de-la-costa-museo.jpg",800,533,false],"covernews-slider-full":["https:\/\/diariotiempo.com.uy\/noticias\/wp-content\/uploads\/2024\/07\/ciudad-de-la-costa-museo.jpg",800,533,false],"covernews-slider-center":["https:\/\/diariotiempo.com.uy\/noticias\/wp-content\/uploads\/2024\/07\/ciudad-de-la-costa-museo-800x500.jpg",800,500,true],"covernews-featured":["https:\/\/diariotiempo.com.uy\/noticias\/wp-content\/uploads\/2024\/07\/ciudad-de-la-costa-museo.jpg",800,533,false],"covernews-medium":["https:\/\/diariotiempo.com.uy\/noticias\/wp-content\/uploads\/2024\/07\/ciudad-de-la-costa-museo-540x340.jpg",540,340,true],"covernews-medium-square":["https:\/\/diariotiempo.com.uy\/noticias\/wp-content\/uploads\/2024\/07\/ciudad-de-la-costa-museo-400x250.jpg",400,250,true]},"author_info":{"display_name":"diario","author_link":"https:\/\/diariotiempo.com.uy\/noticias\/author\/diario\/"},"category_info":"<a href=\"https:\/\/diariotiempo.com.uy\/noticias\/category\/departamental\/ciudad-de-la-costa\/\" rel=\"category tag\">Ciudad de la Costa<\/a>","tag_info":"Ciudad de la Costa","comment_count":"0","_links":{"self":[{"href":"https:\/\/diariotiempo.com.uy\/noticias\/wp-json\/wp\/v2\/posts\/15357","targetHints":{"allow":["GET"]}}],"collection":[{"href":"https:\/\/diariotiempo.com.uy\/noticias\/wp-json\/wp\/v2\/posts"}],"about":[{"href":"https:\/\/diariotiempo.com.uy\/noticias\/wp-json\/wp\/v2\/types\/post"}],"author":[{"embeddable":true,"href":"https:\/\/diariotiempo.com.uy\/noticias\/wp-json\/wp\/v2\/users\/1"}],"replies":[{"embeddable":true,"href":"https:\/\/diariotiempo.com.uy\/noticias\/wp-json\/wp\/v2\/comments?post=15357"}],"version-history":[{"count":1,"href":"https:\/\/diariotiempo.com.uy\/noticias\/wp-json\/wp\/v2\/posts\/15357\/revisions"}],"predecessor-version":[{"id":15360,"href":"https:\/\/diariotiempo.com.uy\/noticias\/wp-json\/wp\/v2\/posts\/15357\/revisions\/15360"}],"wp:featuredmedia":[{"embeddable":true,"href":"https:\/\/diariotiempo.com.uy\/noticias\/wp-json\/wp\/v2\/media\/15359"}],"wp:attachment":[{"href":"https:\/\/diariotiempo.com.uy\/noticias\/wp-json\/wp\/v2\/media?parent=15357"}],"wp:term":[{"taxonomy":"category","embeddable":true,"href":"https:\/\/diariotiempo.com.uy\/noticias\/wp-json\/wp\/v2\/categories?post=15357"},{"taxonomy":"post_tag","embeddable":true,"href":"https:\/\/diariotiempo.com.uy\/noticias\/wp-json\/wp\/v2\/tags?post=15357"}],"curies":[{"name":"wp","href":"https:\/\/api.w.org\/{rel}","templated":true}]}}