{"id":15550,"date":"2024-08-09T18:47:59","date_gmt":"2024-08-09T18:47:59","guid":{"rendered":"https:\/\/diariotiempo.com.uy\/noticias\/?p=15550"},"modified":"2024-08-09T18:48:00","modified_gmt":"2024-08-09T18:48:00","slug":"entrega-de-distincion-a-policias-de-zona-iidestacados-en-el-primer-semestre-del-2024","status":"publish","type":"post","link":"https:\/\/diariotiempo.com.uy\/noticias\/2024\/08\/09\/entrega-de-distincion-a-policias-de-zona-iidestacados-en-el-primer-semestre-del-2024\/","title":{"rendered":"Entrega de Distinci\u00f3n a Polic\u00edas de Zona II,destacados en el primer semestre del 2024"},"content":{"rendered":"\n<figure class=\"wp-block-gallery has-nested-images columns-2 is-cropped wp-block-gallery-1 is-layout-flex wp-block-gallery-is-layout-flex\">\n<figure class=\"wp-block-image size-large\"><img loading=\"lazy\" decoding=\"async\" width=\"629\" height=\"329\" data-id=\"15551\" src=\"https:\/\/diariotiempo.com.uy\/noticias\/wp-content\/uploads\/2024\/08\/pando-policias.jpg\" alt=\"\" class=\"wp-image-15551\" srcset=\"https:\/\/diariotiempo.com.uy\/noticias\/wp-content\/uploads\/2024\/08\/pando-policias.jpg 629w, https:\/\/diariotiempo.com.uy\/noticias\/wp-content\/uploads\/2024\/08\/pando-policias-300x157.jpg 300w\" sizes=\"auto, (max-width: 629px) 100vw, 629px\" \/><\/figure>\n\n\n\n<figure class=\"wp-block-image size-large\"><img loading=\"lazy\" decoding=\"async\" width=\"805\" height=\"452\" data-id=\"15552\" src=\"https:\/\/diariotiempo.com.uy\/noticias\/wp-content\/uploads\/2024\/08\/policias-dos.jpg\" alt=\"\" class=\"wp-image-15552\" srcset=\"https:\/\/diariotiempo.com.uy\/noticias\/wp-content\/uploads\/2024\/08\/policias-dos.jpg 805w, https:\/\/diariotiempo.com.uy\/noticias\/wp-content\/uploads\/2024\/08\/policias-dos-300x168.jpg 300w, https:\/\/diariotiempo.com.uy\/noticias\/wp-content\/uploads\/2024\/08\/policias-dos-768x431.jpg 768w\" sizes=\"auto, (max-width: 805px) 100vw, 805px\" \/><\/figure>\n\n\n\n<figure class=\"wp-block-image size-large\"><img loading=\"lazy\" decoding=\"async\" width=\"851\" height=\"474\" data-id=\"15553\" src=\"https:\/\/diariotiempo.com.uy\/noticias\/wp-content\/uploads\/2024\/08\/policias.jpg\" alt=\"\" class=\"wp-image-15553\" srcset=\"https:\/\/diariotiempo.com.uy\/noticias\/wp-content\/uploads\/2024\/08\/policias.jpg 851w, https:\/\/diariotiempo.com.uy\/noticias\/wp-content\/uploads\/2024\/08\/policias-300x167.jpg 300w, https:\/\/diariotiempo.com.uy\/noticias\/wp-content\/uploads\/2024\/08\/policias-768x428.jpg 768w\" sizes=\"auto, (max-width: 851px) 100vw, 851px\" \/><\/figure>\n<\/figure>\n\n\n\n<p>El mi\u00e9rcoles 7 del corriente en las instalaciones de la C\u00e1mara Comercial Industrial y Agraria de Pando, se realiz\u00f3 el acto de reconocimiento al personal de las diferentes unidades que integran la Jefatura de Zona Operacional II que se han destacado en distintos procedimientos realizados en forma exitosa en lo que respecta al primer semestre del a\u00f1o en curso resaltando el compromiso con la funci\u00f3n, la vocaci\u00f3n de servicio, y el profesionalismo de cada uno de ellos que llevan a fortalecer los valores de la instituci\u00f3n.<br>Fotos Ministerio del Interior<\/p>\n","protected":false},"excerpt":{"rendered":"<p>El mi\u00e9rcoles 7 del corriente en las instalaciones de la C\u00e1mara Comercial Industrial y Agraria&#8230;<\/p>\n","protected":false},"author":1,"featured_media":15551,"comment_status":"closed","ping_status":"closed","sticky":false,"template":"","format":"standard","meta":{"_monsterinsights_skip_tracking":false,"_monsterinsights_sitenote_active":false,"_monsterinsights_sitenote_note":"","_monsterinsights_sitenote_category":0,"footnotes":""},"categories":[19],"tags":[],"class_list":["post-15550","post","type-post","status-publish","format-standard","has-post-thumbnail","hentry","category-pando"],"featured_image_urls":{"full":["https:\/\/diariotiempo.com.uy\/noticias\/wp-content\/uploads\/2024\/08\/pando-policias.jpg",629,329,false],"thumbnail":["https:\/\/diariotiempo.com.uy\/noticias\/wp-content\/uploads\/2024\/08\/pando-policias-150x150.jpg",150,150,true],"medium":["https:\/\/diariotiempo.com.uy\/noticias\/wp-content\/uploads\/2024\/08\/pando-policias-300x157.jpg",300,157,true],"medium_large":["https:\/\/diariotiempo.com.uy\/noticias\/wp-content\/uploads\/2024\/08\/pando-policias.jpg",629,329,false],"large":["https:\/\/diariotiempo.com.uy\/noticias\/wp-content\/uploads\/2024\/08\/pando-policias.jpg",629,329,false],"rpg_gallery_admin_thumb":["https:\/\/diariotiempo.com.uy\/noticias\/wp-content\/uploads\/2024\/08\/pando-policias-150x150.jpg",150,150,true],"rpg_gallery_thumb":["https:\/\/diariotiempo.com.uy\/noticias\/wp-content\/uploads\/2024\/08\/pando-policias-150x150.jpg",150,150,true],"1536x1536":["https:\/\/diariotiempo.com.uy\/noticias\/wp-content\/uploads\/2024\/08\/pando-policias.jpg",629,329,false],"2048x2048":["https:\/\/diariotiempo.com.uy\/noticias\/wp-content\/uploads\/2024\/08\/pando-policias.jpg",629,329,false],"covernews-slider-full":["https:\/\/diariotiempo.com.uy\/noticias\/wp-content\/uploads\/2024\/08\/pando-policias.jpg",629,329,false],"covernews-slider-center":["https:\/\/diariotiempo.com.uy\/noticias\/wp-content\/uploads\/2024\/08\/pando-policias.jpg",629,329,false],"covernews-featured":["https:\/\/diariotiempo.com.uy\/noticias\/wp-content\/uploads\/2024\/08\/pando-policias.jpg",629,329,false],"covernews-medium":["https:\/\/diariotiempo.com.uy\/noticias\/wp-content\/uploads\/2024\/08\/pando-policias-540x329.jpg",540,329,true],"covernews-medium-square":["https:\/\/diariotiempo.com.uy\/noticias\/wp-content\/uploads\/2024\/08\/pando-policias-400x250.jpg",400,250,true]},"author_info":{"display_name":"diario","author_link":"https:\/\/diariotiempo.com.uy\/noticias\/author\/diario\/"},"category_info":"<a href=\"https:\/\/diariotiempo.com.uy\/noticias\/category\/departamental\/pando\/\" rel=\"category tag\">Pando<\/a>","tag_info":"Pando","comment_count":"0","_links":{"self":[{"href":"https:\/\/diariotiempo.com.uy\/noticias\/wp-json\/wp\/v2\/posts\/15550","targetHints":{"allow":["GET"]}}],"collection":[{"href":"https:\/\/diariotiempo.com.uy\/noticias\/wp-json\/wp\/v2\/posts"}],"about":[{"href":"https:\/\/diariotiempo.com.uy\/noticias\/wp-json\/wp\/v2\/types\/post"}],"author":[{"embeddable":true,"href":"https:\/\/diariotiempo.com.uy\/noticias\/wp-json\/wp\/v2\/users\/1"}],"replies":[{"embeddable":true,"href":"https:\/\/diariotiempo.com.uy\/noticias\/wp-json\/wp\/v2\/comments?post=15550"}],"version-history":[{"count":1,"href":"https:\/\/diariotiempo.com.uy\/noticias\/wp-json\/wp\/v2\/posts\/15550\/revisions"}],"predecessor-version":[{"id":15554,"href":"https:\/\/diariotiempo.com.uy\/noticias\/wp-json\/wp\/v2\/posts\/15550\/revisions\/15554"}],"wp:featuredmedia":[{"embeddable":true,"href":"https:\/\/diariotiempo.com.uy\/noticias\/wp-json\/wp\/v2\/media\/15551"}],"wp:attachment":[{"href":"https:\/\/diariotiempo.com.uy\/noticias\/wp-json\/wp\/v2\/media?parent=15550"}],"wp:term":[{"taxonomy":"category","embeddable":true,"href":"https:\/\/diariotiempo.com.uy\/noticias\/wp-json\/wp\/v2\/categories?post=15550"},{"taxonomy":"post_tag","embeddable":true,"href":"https:\/\/diariotiempo.com.uy\/noticias\/wp-json\/wp\/v2\/tags?post=15550"}],"curies":[{"name":"wp","href":"https:\/\/api.w.org\/{rel}","templated":true}]}}