{"id":15555,"date":"2024-08-09T18:50:17","date_gmt":"2024-08-09T18:50:17","guid":{"rendered":"https:\/\/diariotiempo.com.uy\/noticias\/?p=15555"},"modified":"2024-08-09T18:50:18","modified_gmt":"2024-08-09T18:50:18","slug":"ultima-fase-del-proyecto-paseo-costero-en-rambla-de-salinas","status":"publish","type":"post","link":"https:\/\/diariotiempo.com.uy\/noticias\/2024\/08\/09\/ultima-fase-del-proyecto-paseo-costero-en-rambla-de-salinas\/","title":{"rendered":"\u00daltima fase del proyecto Paseo Costero en Rambla de Salinas"},"content":{"rendered":"\n<figure class=\"wp-block-image size-full\"><img loading=\"lazy\" decoding=\"async\" width=\"800\" height=\"432\" src=\"https:\/\/diariotiempo.com.uy\/noticias\/wp-content\/uploads\/2024\/08\/salinas-maquina1.jpg\" alt=\"\" class=\"wp-image-15556\" srcset=\"https:\/\/diariotiempo.com.uy\/noticias\/wp-content\/uploads\/2024\/08\/salinas-maquina1.jpg 800w, https:\/\/diariotiempo.com.uy\/noticias\/wp-content\/uploads\/2024\/08\/salinas-maquina1-300x162.jpg 300w, https:\/\/diariotiempo.com.uy\/noticias\/wp-content\/uploads\/2024\/08\/salinas-maquina1-768x415.jpg 768w\" sizes=\"auto, (max-width: 800px) 100vw, 800px\" \/><\/figure>\n\n\n\n<p>En el marco del fideicomiso de obras aprobado por la Junta Departamental de Canelones en 2022, se avanza en la concreci\u00f3n de un paseo costero en la Rambla de Salinas. Este proyecto abarca una extensi\u00f3n de dos kil\u00f3metros y se ubicar\u00e1 en el tramo comprendido entre Av. Julieta y Av. de Acceso.<\/p>\n\n\n\n<p>El proyecto incluye la construcci\u00f3n de cord\u00f3n cuneta para la captaci\u00f3n de aguas pluviales, espacio verde, bicisenda de tres metros de ancho e instalaci\u00f3n de iluminaci\u00f3n. La obra tiene como objetivo dotar a esta zona del municipio de un espacio de convivencia y recreaci\u00f3n en armon\u00eda con su entorno natural. Se destacan los beneficios que traer\u00e1 en t\u00e9rminos de accesibilidad y disfrute.<\/p>\n\n\n\n<p>Desde la Direcci\u00f3n General de Obras, el Encargado de la Regional Costa de Oro, Andr\u00e9s Pena, explic\u00f3 que la obra involucr\u00f3 diversas etapas para mejorar la infraestructura y embellecer la zona. Adem\u00e1s, comparti\u00f3 los detalles e inform\u00f3 que actualmente se encuentra en su segunda etapa, en la que ya se coloc\u00f3 una carpeta asf\u00e1ltica, culminaron los trabajos de cord\u00f3n cuneta y las bocas de tormenta en toda su extensi\u00f3n.<\/p>\n\n\n\n<p>Intervenci\u00f3n sobre obras pluviales y adecuaci\u00f3n del<\/p>\n\n\n\n<p>terreno<\/p>\n\n\n\n<p>Pena puntualiz\u00f3 que hasta el momento se ha realizado un gran trabajo en el sistema pluvial, contemplando el fuerte crecimiento demogr\u00e1fico y las abundantes lluvias que caen en un breve lapso de tiempo. Estas obras son cruciales para la adecuaci\u00f3n de futuras intervenciones hidr\u00e1ulicas y comprenden la zona de la Rambla e Interbalnearia hacia el norte.<\/p>\n\n\n\n<p>Finalmente, el encargado indic\u00f3 que la obra implic\u00f3 movimientos de suelo y adecuaci\u00f3n de la faja de la rambla hacia la costa, la reubicaci\u00f3n de elementos de infraestructura del Club Albatros, como el corrimiento del tejido, luminaria y arcos de la cancha, e intervenciones en el camping del Centro Militar.<\/p>\n\n\n\n<p>Iluminaci\u00f3n y cuidado ambiental<\/p>\n\n\n\n<p>Otro de los aspectos contemplados en el proyecto es el cuidado ambiental con la incorporaci\u00f3n de nueva tecnolog\u00eda subterr\u00e1nea para la iluminaci\u00f3n de la bicisenda que considera el cuidado de la fauna y la incidencia de la luz. En lugar de columnas verticales, la obra de la Rambla de Salinas contar\u00e1 con iluminaci\u00f3n rasante instalada directamente sobre el pavimento. Este dise\u00f1o ayudar\u00e1 a dividir el espacio entre peatones y ciclistas o deportistas de mayor velocidad, como los patinadores.<\/p>\n","protected":false},"excerpt":{"rendered":"<p>En el marco del fideicomiso de obras aprobado por la Junta Departamental de Canelones en&#8230;<\/p>\n","protected":false},"author":1,"featured_media":15556,"comment_status":"closed","ping_status":"closed","sticky":false,"template":"","format":"standard","meta":{"_monsterinsights_skip_tracking":false,"_monsterinsights_sitenote_active":false,"_monsterinsights_sitenote_note":"","_monsterinsights_sitenote_category":0,"footnotes":""},"categories":[85],"tags":[],"class_list":["post-15555","post","type-post","status-publish","format-standard","has-post-thumbnail","hentry","category-salinas"],"featured_image_urls":{"full":["https:\/\/diariotiempo.com.uy\/noticias\/wp-content\/uploads\/2024\/08\/salinas-maquina1.jpg",800,432,false],"thumbnail":["https:\/\/diariotiempo.com.uy\/noticias\/wp-content\/uploads\/2024\/08\/salinas-maquina1-150x150.jpg",150,150,true],"medium":["https:\/\/diariotiempo.com.uy\/noticias\/wp-content\/uploads\/2024\/08\/salinas-maquina1-300x162.jpg",300,162,true],"medium_large":["https:\/\/diariotiempo.com.uy\/noticias\/wp-content\/uploads\/2024\/08\/salinas-maquina1-768x415.jpg",640,346,true],"large":["https:\/\/diariotiempo.com.uy\/noticias\/wp-content\/uploads\/2024\/08\/salinas-maquina1.jpg",640,346,false],"rpg_gallery_admin_thumb":["https:\/\/diariotiempo.com.uy\/noticias\/wp-content\/uploads\/2024\/08\/salinas-maquina1-150x150.jpg",150,150,true],"rpg_gallery_thumb":["https:\/\/diariotiempo.com.uy\/noticias\/wp-content\/uploads\/2024\/08\/salinas-maquina1-150x150.jpg",150,150,true],"1536x1536":["https:\/\/diariotiempo.com.uy\/noticias\/wp-content\/uploads\/2024\/08\/salinas-maquina1.jpg",800,432,false],"2048x2048":["https:\/\/diariotiempo.com.uy\/noticias\/wp-content\/uploads\/2024\/08\/salinas-maquina1.jpg",800,432,false],"covernews-slider-full":["https:\/\/diariotiempo.com.uy\/noticias\/wp-content\/uploads\/2024\/08\/salinas-maquina1.jpg",800,432,false],"covernews-slider-center":["https:\/\/diariotiempo.com.uy\/noticias\/wp-content\/uploads\/2024\/08\/salinas-maquina1.jpg",800,432,false],"covernews-featured":["https:\/\/diariotiempo.com.uy\/noticias\/wp-content\/uploads\/2024\/08\/salinas-maquina1.jpg",800,432,false],"covernews-medium":["https:\/\/diariotiempo.com.uy\/noticias\/wp-content\/uploads\/2024\/08\/salinas-maquina1-540x340.jpg",540,340,true],"covernews-medium-square":["https:\/\/diariotiempo.com.uy\/noticias\/wp-content\/uploads\/2024\/08\/salinas-maquina1-400x250.jpg",400,250,true]},"author_info":{"display_name":"diario","author_link":"https:\/\/diariotiempo.com.uy\/noticias\/author\/diario\/"},"category_info":"<a href=\"https:\/\/diariotiempo.com.uy\/noticias\/category\/departamental\/salinas\/\" rel=\"category tag\">Salinas<\/a>","tag_info":"Salinas","comment_count":"0","_links":{"self":[{"href":"https:\/\/diariotiempo.com.uy\/noticias\/wp-json\/wp\/v2\/posts\/15555","targetHints":{"allow":["GET"]}}],"collection":[{"href":"https:\/\/diariotiempo.com.uy\/noticias\/wp-json\/wp\/v2\/posts"}],"about":[{"href":"https:\/\/diariotiempo.com.uy\/noticias\/wp-json\/wp\/v2\/types\/post"}],"author":[{"embeddable":true,"href":"https:\/\/diariotiempo.com.uy\/noticias\/wp-json\/wp\/v2\/users\/1"}],"replies":[{"embeddable":true,"href":"https:\/\/diariotiempo.com.uy\/noticias\/wp-json\/wp\/v2\/comments?post=15555"}],"version-history":[{"count":1,"href":"https:\/\/diariotiempo.com.uy\/noticias\/wp-json\/wp\/v2\/posts\/15555\/revisions"}],"predecessor-version":[{"id":15557,"href":"https:\/\/diariotiempo.com.uy\/noticias\/wp-json\/wp\/v2\/posts\/15555\/revisions\/15557"}],"wp:featuredmedia":[{"embeddable":true,"href":"https:\/\/diariotiempo.com.uy\/noticias\/wp-json\/wp\/v2\/media\/15556"}],"wp:attachment":[{"href":"https:\/\/diariotiempo.com.uy\/noticias\/wp-json\/wp\/v2\/media?parent=15555"}],"wp:term":[{"taxonomy":"category","embeddable":true,"href":"https:\/\/diariotiempo.com.uy\/noticias\/wp-json\/wp\/v2\/categories?post=15555"},{"taxonomy":"post_tag","embeddable":true,"href":"https:\/\/diariotiempo.com.uy\/noticias\/wp-json\/wp\/v2\/tags?post=15555"}],"curies":[{"name":"wp","href":"https:\/\/api.w.org\/{rel}","templated":true}]}}