{"id":15558,"date":"2024-08-09T19:07:06","date_gmt":"2024-08-09T19:07:06","guid":{"rendered":"https:\/\/diariotiempo.com.uy\/noticias\/?p=15558"},"modified":"2024-08-09T19:07:07","modified_gmt":"2024-08-09T19:07:07","slug":"con-un-taller-de-sensibilizacion-desarrollado-en-el-espacio-dinamo-comenzo-a-implementarse-el-programa-querencia-canelones","status":"publish","type":"post","link":"https:\/\/diariotiempo.com.uy\/noticias\/2024\/08\/09\/con-un-taller-de-sensibilizacion-desarrollado-en-el-espacio-dinamo-comenzo-a-implementarse-el-programa-querencia-canelones\/","title":{"rendered":"Con un taller de sensibilizaci\u00f3n desarrollado en el Espacio D\u00ednamo, comenz\u00f3 a implementarse el programa Querencia Canelones"},"content":{"rendered":"\n<figure class=\"wp-block-image size-full\"><img loading=\"lazy\" decoding=\"async\" width=\"900\" height=\"600\" src=\"https:\/\/diariotiempo.com.uy\/noticias\/wp-content\/uploads\/2024\/08\/dinamo.jpg\" alt=\"\" class=\"wp-image-15559\" srcset=\"https:\/\/diariotiempo.com.uy\/noticias\/wp-content\/uploads\/2024\/08\/dinamo.jpg 900w, https:\/\/diariotiempo.com.uy\/noticias\/wp-content\/uploads\/2024\/08\/dinamo-300x200.jpg 300w, https:\/\/diariotiempo.com.uy\/noticias\/wp-content\/uploads\/2024\/08\/dinamo-768x512.jpg 768w\" sizes=\"auto, (max-width: 900px) 100vw, 900px\" \/><\/figure>\n\n\n\n<p>Con un taller de sensibilizaci\u00f3n sobre la tem\u00e1tica \u201cidentidad productiva canaria\u201d desarrollado en el Espacio D\u00ednamo de Atl\u00e1ntida, comenz\u00f3 a implementarse el programa Querencia Canelones, una iniciativa de la Direcci\u00f3n General de Desarrollo Econ\u00f3mico de la Intendencia de Canelones que capacita a emprendedoras artesanales canarias.<\/p>\n\n\n\n<p>A partir de las oportunidades de mercado identificadas, se apuesta a construir un diferencial para productos realizados por mujeres en nuestro departamento mediante la narraci\u00f3n de sus historias y dise\u00f1os que expresen la identidad local.<\/p>\n\n\n\n<p>Luego de este taller inicial, se llegar\u00e1 a la segunda etapa del programa en la que se realizar\u00e1n tres m\u00f3dulos de capacitaci\u00f3n presenciales que abarcar\u00e1n temas tales como el valor diferencial y oportunidades de dise\u00f1o, identidad local y aspectos claves de una colecci\u00f3n local, marketing y storytelling (intercambio de historias y experiencias).La fase final tendr\u00e1 lugar en el mes de noviembre e incluir\u00e1 la creaci\u00f3n de una colecci\u00f3n de productos con el sello identitario de nuestro departamento. All\u00ed se escoger\u00e1n 15 proyectos liderados por mujeres emprendedoras para prototipar, producir y comercializar en diferentes puntos claves. Durante esta \u00faltima etapa se capacitar\u00e1 a las participantes en habilidades productivas y en calidad.<\/p>\n\n\n\n<p>El programa es gratuito y llevado adelante en coordinaci\u00f3n con Sellin, una empresa que a trav\u00e9s de la innovaci\u00f3n social desarrolla oportunidades productivas y comerciales para micro y peque\u00f1os productores de todo el pa\u00eds.<\/p>\n\n\n\n<p>Agregando valor a la producci\u00f3n artesanal<\/p>\n\n\n\n<p>El Director General de Desarrollo Econ\u00f3mico de la Intendencia, \u00c1lvaro Su\u00e1rez, dijo que con este tipo de iniciativas se pretende brindar herramientas para la construcci\u00f3n de una identidad local que permita que ciertos productos lleguen a manos de los consumidores con un diferencial percibido de gran valor.Explic\u00f3 que se apunta principalmente a la producci\u00f3n artesanal debido a que, a diferencia de la industrial, tiene una relaci\u00f3n mucho m\u00e1s amigable con el medioambiente, al tiempo que adelant\u00f3 que se buscar\u00e1 crear durante el programa comunidades que permitan la comercializaci\u00f3n colectiva, como se viene dando en varios puntos del departamento.La Responsable de la Unidad de Apoyo a Mipymes y coordinadora principal del programa, Pilar de Amores, afirm\u00f3 que una de las funciones m\u00e1s importantes ser\u00e1 trabajar con todas las emprendedoras para que cada una, desde su lugar de vivencia, pueda aportar su visi\u00f3n sobre qu\u00e9 es lo que verdaderamente caracteriza a Canelones, luego de lo cual, mediante un equipo t\u00e9cnico que acompa\u00f1ar\u00e1 todo el proceso, se buscar\u00e1 llevarlo a cada uno de sus productos<\/p>\n","protected":false},"excerpt":{"rendered":"<p>Con un taller de sensibilizaci\u00f3n sobre la tem\u00e1tica \u201cidentidad productiva canaria\u201d desarrollado en el Espacio&#8230;<\/p>\n","protected":false},"author":1,"featured_media":15559,"comment_status":"closed","ping_status":"closed","sticky":false,"template":"","format":"standard","meta":{"_monsterinsights_skip_tracking":false,"_monsterinsights_sitenote_active":false,"_monsterinsights_sitenote_note":"","_monsterinsights_sitenote_category":0,"footnotes":""},"categories":[25],"tags":[],"class_list":["post-15558","post","type-post","status-publish","format-standard","has-post-thumbnail","hentry","category-atlantida"],"featured_image_urls":{"full":["https:\/\/diariotiempo.com.uy\/noticias\/wp-content\/uploads\/2024\/08\/dinamo.jpg",900,600,false],"thumbnail":["https:\/\/diariotiempo.com.uy\/noticias\/wp-content\/uploads\/2024\/08\/dinamo-150x150.jpg",150,150,true],"medium":["https:\/\/diariotiempo.com.uy\/noticias\/wp-content\/uploads\/2024\/08\/dinamo-300x200.jpg",300,200,true],"medium_large":["https:\/\/diariotiempo.com.uy\/noticias\/wp-content\/uploads\/2024\/08\/dinamo-768x512.jpg",640,427,true],"large":["https:\/\/diariotiempo.com.uy\/noticias\/wp-content\/uploads\/2024\/08\/dinamo.jpg",640,427,false],"rpg_gallery_admin_thumb":["https:\/\/diariotiempo.com.uy\/noticias\/wp-content\/uploads\/2024\/08\/dinamo-150x150.jpg",150,150,true],"rpg_gallery_thumb":["https:\/\/diariotiempo.com.uy\/noticias\/wp-content\/uploads\/2024\/08\/dinamo-150x150.jpg",150,150,true],"1536x1536":["https:\/\/diariotiempo.com.uy\/noticias\/wp-content\/uploads\/2024\/08\/dinamo.jpg",900,600,false],"2048x2048":["https:\/\/diariotiempo.com.uy\/noticias\/wp-content\/uploads\/2024\/08\/dinamo.jpg",900,600,false],"covernews-slider-full":["https:\/\/diariotiempo.com.uy\/noticias\/wp-content\/uploads\/2024\/08\/dinamo.jpg",900,600,false],"covernews-slider-center":["https:\/\/diariotiempo.com.uy\/noticias\/wp-content\/uploads\/2024\/08\/dinamo-800x500.jpg",800,500,true],"covernews-featured":["https:\/\/diariotiempo.com.uy\/noticias\/wp-content\/uploads\/2024\/08\/dinamo.jpg",900,600,false],"covernews-medium":["https:\/\/diariotiempo.com.uy\/noticias\/wp-content\/uploads\/2024\/08\/dinamo-540x340.jpg",540,340,true],"covernews-medium-square":["https:\/\/diariotiempo.com.uy\/noticias\/wp-content\/uploads\/2024\/08\/dinamo-400x250.jpg",400,250,true]},"author_info":{"display_name":"diario","author_link":"https:\/\/diariotiempo.com.uy\/noticias\/author\/diario\/"},"category_info":"<a href=\"https:\/\/diariotiempo.com.uy\/noticias\/category\/departamental\/atlantida\/\" rel=\"category tag\">Atl\u00e1ntida<\/a>","tag_info":"Atl\u00e1ntida","comment_count":"0","_links":{"self":[{"href":"https:\/\/diariotiempo.com.uy\/noticias\/wp-json\/wp\/v2\/posts\/15558","targetHints":{"allow":["GET"]}}],"collection":[{"href":"https:\/\/diariotiempo.com.uy\/noticias\/wp-json\/wp\/v2\/posts"}],"about":[{"href":"https:\/\/diariotiempo.com.uy\/noticias\/wp-json\/wp\/v2\/types\/post"}],"author":[{"embeddable":true,"href":"https:\/\/diariotiempo.com.uy\/noticias\/wp-json\/wp\/v2\/users\/1"}],"replies":[{"embeddable":true,"href":"https:\/\/diariotiempo.com.uy\/noticias\/wp-json\/wp\/v2\/comments?post=15558"}],"version-history":[{"count":1,"href":"https:\/\/diariotiempo.com.uy\/noticias\/wp-json\/wp\/v2\/posts\/15558\/revisions"}],"predecessor-version":[{"id":15560,"href":"https:\/\/diariotiempo.com.uy\/noticias\/wp-json\/wp\/v2\/posts\/15558\/revisions\/15560"}],"wp:featuredmedia":[{"embeddable":true,"href":"https:\/\/diariotiempo.com.uy\/noticias\/wp-json\/wp\/v2\/media\/15559"}],"wp:attachment":[{"href":"https:\/\/diariotiempo.com.uy\/noticias\/wp-json\/wp\/v2\/media?parent=15558"}],"wp:term":[{"taxonomy":"category","embeddable":true,"href":"https:\/\/diariotiempo.com.uy\/noticias\/wp-json\/wp\/v2\/categories?post=15558"},{"taxonomy":"post_tag","embeddable":true,"href":"https:\/\/diariotiempo.com.uy\/noticias\/wp-json\/wp\/v2\/tags?post=15558"}],"curies":[{"name":"wp","href":"https:\/\/api.w.org\/{rel}","templated":true}]}}