{"id":15565,"date":"2024-08-09T19:10:58","date_gmt":"2024-08-09T19:10:58","guid":{"rendered":"https:\/\/diariotiempo.com.uy\/noticias\/?p=15565"},"modified":"2024-08-09T19:10:59","modified_gmt":"2024-08-09T19:10:59","slug":"cierre-del-ciclo-de-cine-estrenos-recientes-con-el-documental-la-historia-de-mis-canciones-el-sabalero","status":"publish","type":"post","link":"https:\/\/diariotiempo.com.uy\/noticias\/2024\/08\/09\/cierre-del-ciclo-de-cine-estrenos-recientes-con-el-documental-la-historia-de-mis-canciones-el-sabalero\/","title":{"rendered":"Cierre del ciclo de cine Estrenos Recientes con el documental \u00abLa historia de mis canciones, El sabalero\u00bb"},"content":{"rendered":"\n<figure class=\"wp-block-image aligncenter size-full\"><img loading=\"lazy\" decoding=\"async\" width=\"900\" height=\"900\" src=\"https:\/\/diariotiempo.com.uy\/noticias\/wp-content\/uploads\/2024\/08\/sabalero.jpg\" alt=\"\" class=\"wp-image-15566\" srcset=\"https:\/\/diariotiempo.com.uy\/noticias\/wp-content\/uploads\/2024\/08\/sabalero.jpg 900w, https:\/\/diariotiempo.com.uy\/noticias\/wp-content\/uploads\/2024\/08\/sabalero-300x300.jpg 300w, https:\/\/diariotiempo.com.uy\/noticias\/wp-content\/uploads\/2024\/08\/sabalero-150x150.jpg 150w, https:\/\/diariotiempo.com.uy\/noticias\/wp-content\/uploads\/2024\/08\/sabalero-768x768.jpg 768w\" sizes=\"auto, (max-width: 900px) 100vw, 900px\" \/><\/figure>\n\n\n\n<p>Desde hoy a la hora 20:00 horas en el &nbsp;Centro Cultural Parque del Plata sito en calle 13 esquina Ferreira<\/p>\n\n\n\n<p>La entrada es libre<\/p>\n\n\n\n<p>\u00abFueron apareciendo as\u00ed como as\u00ed. Como por encanto. Como si no hubiese habido nadie detr\u00e1s de cada historia. Eran tan simples que no val\u00eda la pena llamarlas canciones. Eran las cositas de todos los d\u00edas. Las que pasan desapercibidas. Las que todos hac\u00edamos sin darnos cuenta. Las infancias, los amigos, las travesuras, los trabajos. Y el amor&#8230; el amor\u2026\u00bb<\/p>\n\n\n\n<p>Registro f\u00edlmico del \u00faltimo espect\u00e1culo de Jos\u00e9 Carbajal \u201cEl Sabalero\u201d en el Teatro Sol\u00eds, el 10 de abril de 2010.<\/p>\n\n\n\n<p>La historia de mis canciones, El Sabalero \/ G\u00e9nero: Concierto musical \/ Pa\u00eds: Uruguay \/ A\u00f1o de estreno: 2023 \/ Duraci\u00f3n: 81 min \/ Producci\u00f3n: Mus<\/p>\n\n\n\n<p>EstrenosRecientes es una selecci\u00f3n de largometrajes producidos y coproducidos con Uruguay y un recorrido de ficciones y documentales que tienen como denominador com\u00fan haber sido estrenados entre 2022 y 2024.<\/p>\n\n\n\n<p>Viv\u00ed la experiencia de disfrutar nuestro #CINE en el #CentroCulturalParquedelPlata&nbsp;<\/p>\n","protected":false},"excerpt":{"rendered":"<p>Desde hoy a la hora 20:00 horas en el &nbsp;Centro Cultural Parque del Plata sito&#8230;<\/p>\n","protected":false},"author":1,"featured_media":15566,"comment_status":"closed","ping_status":"closed","sticky":false,"template":"","format":"standard","meta":{"_monsterinsights_skip_tracking":false,"_monsterinsights_sitenote_active":false,"_monsterinsights_sitenote_note":"","_monsterinsights_sitenote_category":0,"footnotes":""},"categories":[86],"tags":[],"class_list":["post-15565","post","type-post","status-publish","format-standard","has-post-thumbnail","hentry","category-parque-del-plata"],"featured_image_urls":{"full":["https:\/\/diariotiempo.com.uy\/noticias\/wp-content\/uploads\/2024\/08\/sabalero.jpg",900,900,false],"thumbnail":["https:\/\/diariotiempo.com.uy\/noticias\/wp-content\/uploads\/2024\/08\/sabalero-150x150.jpg",150,150,true],"medium":["https:\/\/diariotiempo.com.uy\/noticias\/wp-content\/uploads\/2024\/08\/sabalero-300x300.jpg",300,300,true],"medium_large":["https:\/\/diariotiempo.com.uy\/noticias\/wp-content\/uploads\/2024\/08\/sabalero-768x768.jpg",640,640,true],"large":["https:\/\/diariotiempo.com.uy\/noticias\/wp-content\/uploads\/2024\/08\/sabalero.jpg",640,640,false],"rpg_gallery_admin_thumb":["https:\/\/diariotiempo.com.uy\/noticias\/wp-content\/uploads\/2024\/08\/sabalero-150x150.jpg",150,150,true],"rpg_gallery_thumb":["https:\/\/diariotiempo.com.uy\/noticias\/wp-content\/uploads\/2024\/08\/sabalero-150x150.jpg",150,150,true],"1536x1536":["https:\/\/diariotiempo.com.uy\/noticias\/wp-content\/uploads\/2024\/08\/sabalero.jpg",900,900,false],"2048x2048":["https:\/\/diariotiempo.com.uy\/noticias\/wp-content\/uploads\/2024\/08\/sabalero.jpg",900,900,false],"covernews-slider-full":["https:\/\/diariotiempo.com.uy\/noticias\/wp-content\/uploads\/2024\/08\/sabalero-900x715.jpg",900,715,true],"covernews-slider-center":["https:\/\/diariotiempo.com.uy\/noticias\/wp-content\/uploads\/2024\/08\/sabalero-800x500.jpg",800,500,true],"covernews-featured":["https:\/\/diariotiempo.com.uy\/noticias\/wp-content\/uploads\/2024\/08\/sabalero.jpg",900,900,false],"covernews-medium":["https:\/\/diariotiempo.com.uy\/noticias\/wp-content\/uploads\/2024\/08\/sabalero-540x340.jpg",540,340,true],"covernews-medium-square":["https:\/\/diariotiempo.com.uy\/noticias\/wp-content\/uploads\/2024\/08\/sabalero-400x250.jpg",400,250,true]},"author_info":{"display_name":"diario","author_link":"https:\/\/diariotiempo.com.uy\/noticias\/author\/diario\/"},"category_info":"<a href=\"https:\/\/diariotiempo.com.uy\/noticias\/category\/departamental\/parque-del-plata\/\" rel=\"category tag\">Parque del Plata<\/a>","tag_info":"Parque del Plata","comment_count":"0","_links":{"self":[{"href":"https:\/\/diariotiempo.com.uy\/noticias\/wp-json\/wp\/v2\/posts\/15565","targetHints":{"allow":["GET"]}}],"collection":[{"href":"https:\/\/diariotiempo.com.uy\/noticias\/wp-json\/wp\/v2\/posts"}],"about":[{"href":"https:\/\/diariotiempo.com.uy\/noticias\/wp-json\/wp\/v2\/types\/post"}],"author":[{"embeddable":true,"href":"https:\/\/diariotiempo.com.uy\/noticias\/wp-json\/wp\/v2\/users\/1"}],"replies":[{"embeddable":true,"href":"https:\/\/diariotiempo.com.uy\/noticias\/wp-json\/wp\/v2\/comments?post=15565"}],"version-history":[{"count":1,"href":"https:\/\/diariotiempo.com.uy\/noticias\/wp-json\/wp\/v2\/posts\/15565\/revisions"}],"predecessor-version":[{"id":15567,"href":"https:\/\/diariotiempo.com.uy\/noticias\/wp-json\/wp\/v2\/posts\/15565\/revisions\/15567"}],"wp:featuredmedia":[{"embeddable":true,"href":"https:\/\/diariotiempo.com.uy\/noticias\/wp-json\/wp\/v2\/media\/15566"}],"wp:attachment":[{"href":"https:\/\/diariotiempo.com.uy\/noticias\/wp-json\/wp\/v2\/media?parent=15565"}],"wp:term":[{"taxonomy":"category","embeddable":true,"href":"https:\/\/diariotiempo.com.uy\/noticias\/wp-json\/wp\/v2\/categories?post=15565"},{"taxonomy":"post_tag","embeddable":true,"href":"https:\/\/diariotiempo.com.uy\/noticias\/wp-json\/wp\/v2\/tags?post=15565"}],"curies":[{"name":"wp","href":"https:\/\/api.w.org\/{rel}","templated":true}]}}