{"id":15577,"date":"2024-08-09T19:15:37","date_gmt":"2024-08-09T19:15:37","guid":{"rendered":"https:\/\/diariotiempo.com.uy\/noticias\/?p=15577"},"modified":"2024-08-09T19:16:14","modified_gmt":"2024-08-09T19:16:14","slug":"lerete-presento-denuncia-contra-la-intendencia-canaria-por-mantener-en-funciones-a-funcionario-procesado-dos-ocasiones-por-trafico-de-estupefacientes-y-otros-delitos","status":"publish","type":"post","link":"https:\/\/diariotiempo.com.uy\/noticias\/2024\/08\/09\/lerete-presento-denuncia-contra-la-intendencia-canaria-por-mantener-en-funciones-a-funcionario-procesado-dos-ocasiones-por-trafico-de-estupefacientes-y-otros-delitos\/","title":{"rendered":"Leret\u00e9 present\u00f3 denuncia contra la Intendencia canaria por mantener en funciones a funcionario procesado \u00a0dos ocasiones por tr\u00e1fico de estupefacientes y otros delitos"},"content":{"rendered":"\n<p>Candidato a Presidente del FA, Orsi, y actual intendente de Canelones, Metediera, mantuvieron en la plantilla de trabajadores por 15 a\u00f1os a funcionario procesado con prisi\u00f3n por venta de estupefacientes &nbsp;Tambi\u00e9n se le tipific\u00f3 el delito de tr\u00e1fico de armas de fuego y municiones Militante del Partido Comunista El diputado Alfonso Leret\u00e9, &nbsp;enterado del tema a trav\u00e9s de una denuncia an\u00f3nima que recibi\u00f3, &nbsp;entrega hoy (lunes) la documentaci\u00f3n probatoria en la JUTEP para que indague el caso.A trav\u00e9s de resoluciones que tom\u00f3 la Intendencia de Canelones desde el a\u00f1o 2010 hasta el presente a\u00f1o y con fotograf\u00edas y otros documentos probatorios, el diputado Alfonso &nbsp;Leret\u00e9 entregar\u00e1 en la JUTEP (Junta de Transparencia y \u00c9tica P\u00fablica) un escrito a manera de denuncia para que el organismo estudie la pol\u00e9mica contrataci\u00f3n de un funcionario municipal que estuvo en prisi\u00f3n por un delito de venta onerosa de estupefacientes &nbsp;y se lo mantuvo 15 a\u00f1os en funciones. &nbsp;Su jefe directo era el director general de Tr\u00e1nsito y Transporte Marcelo Metediera, hoy intendente de Canelones, y el superior de ambos el ex intendente Yamand\u00fa Orsi, &nbsp;hoy candidato a la Presidencia del Frente Amplio, sostuvo Leret\u00e9. Agreg\u00f3 quien presentar\u00e1 la denuncia en la JUTEP que llama poderosamente la atenci\u00f3n la visible protecci\u00f3n del funcionario, militante del Frente Amplio y del Partido Comunista, que realiz\u00f3 Orsi al igual que el actual intendente. \u00bfQu\u00e9 dir\u00edan los funcionarios municipales honestos y cumplidores ante esta situaci\u00f3n donde &nbsp;dos gobernantes &nbsp; quedan como protectores de un inspector de tr\u00e1nsito condenado con prisi\u00f3n por tr\u00e1fico? \u00bfY si a esto le sumamos que despu\u00e9s que sali\u00f3 de la c\u00e1rcel lo volvieron a contratar? \u00bfY c\u00f3mo explica el hoy candidato a presidente del FA que en 2022 fue otra vez procesado por tr\u00e1fico de drogas y armas y le mantuvo el contrato al funcionario? \u00bfC\u00f3mo explica que no lo ces\u00f3, y renunci\u00f3 como intendente para dedicarse a la campa\u00f1a presidencial y le mantuvo el contrato? \u00bf Qu\u00e9 lo fren\u00f3 a Orsi para no tomar la decisi\u00f3n de dejar sin contrato a un traficante? Muchas preguntas que deber\u00e1 responder p\u00fablicamente el candidato del FA, afirm\u00f3 Leret\u00e9. &nbsp;El funcionario reci\u00e9n qued\u00f3 cesante en marzo de este a\u00f1o luego de 15 a\u00f1os apa\u00f1ado por Orsi y Metediera.Las pruebas ser\u00e1n presentadas hoy por Leret\u00e9 en la sede de JUTEP (Ciudad Vieja), &nbsp;a las 13 horas. &nbsp;HECHOS: &nbsp;<\/p>\n\n\n\n<p>En 2010 la Intendencia de Canelones recibe notificaci\u00f3n de la Justicia de que R.A.A. fue procesado por un delito de SUMINISTRO ONEROSO DE ESTUPEFACIENTES.<\/p>\n\n\n\n<p>La Intendencia instruye sumario y un a\u00f1o despu\u00e9s evita la rescisi\u00f3n del contrato por entender que es consumidor y la pol\u00edtica de la Comuna Canaria es distinta.<\/p>\n\n\n\n<p>&nbsp;El contrato no tiene la caracter\u00edstica de &nbsp;Presupuestado que necesita el aval de los ediles (Junta) para su destituci\u00f3n, &nbsp;sino que la sola voluntad del intendente es suficiente para extinguir el v\u00ednculo laboral.<\/p>\n\n\n\n<p>El funcionario (militante del Partido Comunista, &nbsp;al igual que el director general y hoy intendente Metediera) vuelve a cometer el mismo delito en 2022 con el agravante de tr\u00e1fico de armas y municiones. Orsi no rescinde el contrato y pide sumario que llega hasta 2024 y no es resuelto por el hoy candidato a la Presidencia del FA, que renunci\u00f3 en febrero de este a\u00f1o. &nbsp;<\/p>\n\n\n\n<p>En marzo del presente a\u00f1o queda sin efecto su v\u00ednculo laboral.<\/p>\n\n\n\n<p><strong>Respuesta del Intendente:<\/strong><\/p>\n\n\n\n<p>El Intendente Metediera brind\u00f3 una conferencia de prensa junto al secretario general de la Intendencia de Canelones, Francisco Legnani, en la que aseguraron que las autoridades municipales siguieron los procedimientos administrativos adecuados, dijo que \u201cla Intendencia de Canelones en ning\u00fan caso estuvo omisa a las distintas instancias y hechos que acontecieron\u201d y que en ambas instancias de procesamiento (2010 y 2022) \u201cse dieron los procesos jur\u00eddicos por las v\u00edas administrativas que correspond\u00edan para darles garant\u00eda a todas las partes\u201d. \u201cEsto no fue a la Junta Departamental porque no se trata de un funcionario presupuestado: se trata de un funcionario contratado, entonces el desenlace es la rescisi\u00f3n del v\u00ednculo contractual\u201d, detall\u00f3 Legnani. Metediera, por su parte, agreg\u00f3 que \u201clos il\u00edcitos no los hizo en ning\u00fan momento mientras estaba trabajando\u201d, y puntualmente sobre los sumarios consider\u00f3 que estos son \u201crealizados en la direcci\u00f3n de jur\u00eddica por parte de abogados de carrera\u201d. \u201cLa valoraci\u00f3n de la prueba la mira m\u00e1s de un profesional y se toma en consideraci\u00f3n el testimonio, donde hay circunstancias eventualmente atenuantes y agravantes\u201d.<\/p>\n\n\n\n<p>\u201cEl intendente puede deso\u00edr y aplicar otro tipo de sanci\u00f3n. Pero lo que se da en el 99% de los casos es que se les da la derecha a los profesionales actuantes que sugirieron esa sanci\u00f3n, y fue la que se le aplic\u00f3\u201d, sum\u00f3 Metediera. Tambi\u00e9n se critic\u00f3 a Leret\u00e9 por elevar la denuncia ante la Jutep: \u201cEntendemos que el accionar de este diputado refleja lo que hist\u00f3ricamente ha hecho en su forma de actuar. Entonces nos parec\u00eda que lo m\u00e1s sano era informar a la opini\u00f3n p\u00fablica\u201d<\/p>\n","protected":false},"excerpt":{"rendered":"<p>Candidato a Presidente del FA, Orsi, y actual intendente de Canelones, Metediera, mantuvieron en la&#8230;<\/p>\n","protected":false},"author":1,"featured_media":1819,"comment_status":"closed","ping_status":"closed","sticky":false,"template":"","format":"standard","meta":{"_monsterinsights_skip_tracking":false,"_monsterinsights_sitenote_active":false,"_monsterinsights_sitenote_note":"","_monsterinsights_sitenote_category":0,"footnotes":""},"categories":[4],"tags":[],"class_list":["post-15577","post","type-post","status-publish","format-standard","has-post-thumbnail","hentry","category-departamental"],"featured_image_urls":{"full":["https:\/\/diariotiempo.com.uy\/noticias\/wp-content\/uploads\/2021\/09\/judicial.jpg",800,416,false],"thumbnail":["https:\/\/diariotiempo.com.uy\/noticias\/wp-content\/uploads\/2021\/09\/judicial-150x150.jpg",150,150,true],"medium":["https:\/\/diariotiempo.com.uy\/noticias\/wp-content\/uploads\/2021\/09\/judicial-300x156.jpg",300,156,true],"medium_large":["https:\/\/diariotiempo.com.uy\/noticias\/wp-content\/uploads\/2021\/09\/judicial-768x399.jpg",640,333,true],"large":["https:\/\/diariotiempo.com.uy\/noticias\/wp-content\/uploads\/2021\/09\/judicial.jpg",640,333,false],"rpg_gallery_admin_thumb":["https:\/\/diariotiempo.com.uy\/noticias\/wp-content\/uploads\/2021\/09\/judicial.jpg",150,78,false],"rpg_gallery_thumb":["https:\/\/diariotiempo.com.uy\/noticias\/wp-content\/uploads\/2021\/09\/judicial.jpg",150,78,false],"1536x1536":["https:\/\/diariotiempo.com.uy\/noticias\/wp-content\/uploads\/2021\/09\/judicial.jpg",800,416,false],"2048x2048":["https:\/\/diariotiempo.com.uy\/noticias\/wp-content\/uploads\/2021\/09\/judicial.jpg",800,416,false],"covernews-slider-full":["https:\/\/diariotiempo.com.uy\/noticias\/wp-content\/uploads\/2021\/09\/judicial.jpg",800,416,false],"covernews-slider-center":["https:\/\/diariotiempo.com.uy\/noticias\/wp-content\/uploads\/2021\/09\/judicial.jpg",800,416,false],"covernews-featured":["https:\/\/diariotiempo.com.uy\/noticias\/wp-content\/uploads\/2021\/09\/judicial.jpg",800,416,false],"covernews-medium":["https:\/\/diariotiempo.com.uy\/noticias\/wp-content\/uploads\/2021\/09\/judicial-540x340.jpg",540,340,true],"covernews-medium-square":["https:\/\/diariotiempo.com.uy\/noticias\/wp-content\/uploads\/2021\/09\/judicial-400x250.jpg",400,250,true]},"author_info":{"display_name":"diario","author_link":"https:\/\/diariotiempo.com.uy\/noticias\/author\/diario\/"},"category_info":"<a href=\"https:\/\/diariotiempo.com.uy\/noticias\/category\/departamental\/\" rel=\"category tag\">DEPARTAMENTAL<\/a>","tag_info":"DEPARTAMENTAL","comment_count":"0","_links":{"self":[{"href":"https:\/\/diariotiempo.com.uy\/noticias\/wp-json\/wp\/v2\/posts\/15577","targetHints":{"allow":["GET"]}}],"collection":[{"href":"https:\/\/diariotiempo.com.uy\/noticias\/wp-json\/wp\/v2\/posts"}],"about":[{"href":"https:\/\/diariotiempo.com.uy\/noticias\/wp-json\/wp\/v2\/types\/post"}],"author":[{"embeddable":true,"href":"https:\/\/diariotiempo.com.uy\/noticias\/wp-json\/wp\/v2\/users\/1"}],"replies":[{"embeddable":true,"href":"https:\/\/diariotiempo.com.uy\/noticias\/wp-json\/wp\/v2\/comments?post=15577"}],"version-history":[{"count":2,"href":"https:\/\/diariotiempo.com.uy\/noticias\/wp-json\/wp\/v2\/posts\/15577\/revisions"}],"predecessor-version":[{"id":15579,"href":"https:\/\/diariotiempo.com.uy\/noticias\/wp-json\/wp\/v2\/posts\/15577\/revisions\/15579"}],"wp:featuredmedia":[{"embeddable":true,"href":"https:\/\/diariotiempo.com.uy\/noticias\/wp-json\/wp\/v2\/media\/1819"}],"wp:attachment":[{"href":"https:\/\/diariotiempo.com.uy\/noticias\/wp-json\/wp\/v2\/media?parent=15577"}],"wp:term":[{"taxonomy":"category","embeddable":true,"href":"https:\/\/diariotiempo.com.uy\/noticias\/wp-json\/wp\/v2\/categories?post=15577"},{"taxonomy":"post_tag","embeddable":true,"href":"https:\/\/diariotiempo.com.uy\/noticias\/wp-json\/wp\/v2\/tags?post=15577"}],"curies":[{"name":"wp","href":"https:\/\/api.w.org\/{rel}","templated":true}]}}