{"id":15580,"date":"2024-08-09T19:17:00","date_gmt":"2024-08-09T19:17:00","guid":{"rendered":"https:\/\/diariotiempo.com.uy\/noticias\/?p=15580"},"modified":"2024-08-09T19:17:00","modified_gmt":"2024-08-09T19:17:00","slug":"libertad-de-accion-o-de-inacion-de-la-coalision-opositora","status":"publish","type":"post","link":"https:\/\/diariotiempo.com.uy\/noticias\/2024\/08\/09\/libertad-de-accion-o-de-inacion-de-la-coalision-opositora\/","title":{"rendered":"LIBERTAD DE ACCI\u00d3N O DE INACI\u00d3N \u00a0DE LA COALISI\u00d3N OPOSITORA"},"content":{"rendered":"\n<p>Resulta poco comprensible declarar a los partidos de un conglomerado en libertad de acci\u00f3n, cuando de antemano se sabe que decisi\u00f3n ya tienen tomada y peor a\u00fan es desconocer la libertad de cada elector, que siempre tendr\u00e1 por suerte la capacidad de elegir la mejor opci\u00f3n que considere sin tutelaje alguno.<\/p>\n\n\n\n<p>Es innecesario sacar esa resoluci\u00f3n que solamente puede producir inaci\u00f3n en los &nbsp;votantes o incluso rechazo a participar por parte de los adherentes y que en nada contribuye a robustecer la fuerza pol\u00edtica, como gu\u00eda o conductora de la voluntad popular de sus fieles votantes.<\/p>\n\n\n\n<p>S\u00ed hubiera un liderazgo claro y contundente en el Frene Amplio deber\u00eda tomar el toro por las guampas &nbsp;y decir claramente que es un asunto de la fuerzas colectivas y sociales que han optado por una v\u00eda plebiscitaria, siendo ajeno a la mayor\u00eda de los representantes de los partidos o movimientos que integran la coalici\u00f3n .<\/p>\n\n\n\n<p>Parece poco inteligente seguir fomentando la divisi\u00f3n permanente dentro de un conglomerado donde sabemos que existen diferencias ideol\u00f3gicas y diferentes compromisos para estar de un lado u del otro, simplemente se deber\u00edan dirimir en las urna &nbsp;en forma libre e independiente por cada votante sin involucrar a la fuerza pol\u00edtica .<\/p>\n\n\n\n<p>Hace tiempo que en esto de los plebiscito la falta de ideas claras y contundentes va dejando al descubierto que en otras ocasiones cuando hab\u00edan tres l\u00edderes de peso este tipo de posicionamiento era claro y posesionaba a la fuerza pol\u00edtica como abanderada de las luchas de cada momento.<\/p>\n\n\n\n<p>Como est\u00e1 planteada en este caso la falta de toma de decisiones genera m\u00e1s incertidumbre y aleja a los votantes moderados de tener un rumbo claro hacia octubre, y menos a\u00fan de estar encabezando la lucha para incidir en los grandes temas nacionales.<\/p>\n\n\n\n<p>Decir que no es importante tomar partido por una u otra opci\u00f3n no es recomendable, visto lo complicado de analizar con el texto presentado, con todas sus consecuencias &nbsp;como hemos analizado en un art\u00edculo anterior.<\/p>\n\n\n\n<p>Parece absurdo esperar a que salga las modificaciones a nivel constitucional, para salir a aclarar los alcances de una resoluci\u00f3n desconociendo las consecuencias de esta propuesta.<\/p>\n\n\n\n<p>En un escenario donde resulte ganadora la posibilidad de rechazo de la ley propuesta en el parlamento, las consecuencias sobre la realidad pol\u00edtica y social permitir\u00e1 tener escaso margen para hacer modificaciones de fondo en el texto hoy vigente, simplemente se deber\u00e1 acatar lo aprobado y a llorar al cuartito.<\/p>\n\n\n\n<p>En el caso que se reafirme lo ya aprobado quedar\u00e1n heridas para resta\u00f1ar, abri\u00e9ndose una brecha interna cada d\u00eda m\u00e1s pronunciada, en lo que ya se ha producido diferencias respecto a otros temas como Venezuela o el conflicto de medio oriente; demasiados problemas para mantener la unidad de una coalici\u00f3n que siempre ha optado por los espacios de consenso.<\/p>\n\n\n\n<p>Dem\u00e1s estar decir el problem\u00f3n que se le plantear\u00e1 a la fuerza pol\u00edtica si accediera nuevamente al poder, tendr\u00e1 que arrear las diferencias para poder gobernar bajo la espada de Damocles de un compromiso social y econ\u00f3mico, que determinar\u00e1 una hipoteca previa de los recursos a ser administrados.<\/p>\n\n\n\n<p>M\u00edrese por donde se le mire la mejor opci\u00f3n hubiera sido tratar de abordar el tema con madurez, para entrar a un futuro gobierno sin compromisos previos, que obliguen a un futuro a tomar medidas antip\u00e1ticas para poder cumplir con los compromisos, que implicar\u00eda aprobar este plebiscito a favor de las organizaciones sociales que lo encabezan.<\/p>\n\n\n\n<p>Creo que esta forma de titubear frente a la realidad pol\u00edticamente no contribuye a mejorar el comportamiento favorable hacia el Frente Amplio y le separa cada d\u00eda m\u00e1s de un triunfo, que lo vuelva a posicionar como una alternativa real de gobierno.<\/p>\n\n\n\n<p>Cada d\u00eda con m\u00e1s fuerza otras opciones que enfocan su posicionamiento con claridad y sin andar especulando habr\u00e1n de ir ganando terreno electoral para octubre y dar\u00e1n a la coalici\u00f3n gobernante mayor chance de seguir teniendo la predominancia , aunque &nbsp;no sean los blancos quienes manejen la batuta del ejecutivo.<\/p>\n\n\n\n<p>La vuelta de Bordaberry, junto a la figura del presidenciable Ojeda posesiona al partido colorado como opci\u00f3n bien clara de c\u00f3mo manejar la seguridad social, sin magulladuras o posiciones timoratas frente a una realidad de baja natalidad y\/o larga expectativa de vida.<\/p>\n\n\n\n<p>Es muy f\u00e1cil para algunas agrupaciones pol\u00edticas prometer villas y castillos a futuro cuando los datos econ\u00f3micos no dejen demasiado margen de maniobra, porque si fuera tan f\u00e1cil de instrumentar quien se iba a negar en un pa\u00eds donde la mayor\u00eda de las ofertas pol\u00edticas tienen sensibilidad social a flor de piel, no creo que nadie est\u00e9 propenso a ser quemado en la hoguera por estar en contra de mejoras para los ciudadanos de este pa\u00eds.<\/p>\n\n\n\n<p>Por lo tanto gracias por la libertad de acci\u00f3n que ponen las autoridades frentistas, pero hubiera preferido una postura m\u00e1s determinante y clara que nos ayudara a ver el futuro de nuestro pa\u00eds con la esperanza de una convivencia m\u00e1s equitativa, pero tambi\u00e9n posible, sin utop\u00edas irreparables en t\u00e9rminos econ\u00f3micos.<\/p>\n\n\n\n<p>La demagogia es mala compa\u00f1era de la seriedad pol\u00edtica y tiene patas cortas, as\u00ed que mejor ser\u00eda usar la libertad planteada para avanzar y no para la inaci\u00f3n, donde se paralicen las decisiones pol\u00edticas por diferencias dentro del principal partido de nuestro pa\u00eds, por falta de coherencia en temas centrales para la vida nacional como el mencionado.<\/p>\n","protected":false},"excerpt":{"rendered":"<p>Resulta poco comprensible declarar a los partidos de un conglomerado en libertad de acci\u00f3n, cuando&#8230;<\/p>\n","protected":false},"author":1,"featured_media":1160,"comment_status":"closed","ping_status":"closed","sticky":false,"template":"","format":"standard","meta":{"_monsterinsights_skip_tracking":false,"_monsterinsights_sitenote_active":false,"_monsterinsights_sitenote_note":"","_monsterinsights_sitenote_category":0,"footnotes":""},"categories":[13],"tags":[],"class_list":["post-15580","post","type-post","status-publish","format-standard","has-post-thumbnail","hentry","category-articulos-de-opinion"],"featured_image_urls":{"full":["https:\/\/diariotiempo.com.uy\/noticias\/wp-content\/uploads\/2021\/07\/Master-Escribe-Casanova.jpg",300,185,false],"thumbnail":["https:\/\/diariotiempo.com.uy\/noticias\/wp-content\/uploads\/2021\/07\/Master-Escribe-Casanova-150x150.jpg",150,150,true],"medium":["https:\/\/diariotiempo.com.uy\/noticias\/wp-content\/uploads\/2021\/07\/Master-Escribe-Casanova.jpg",300,185,false],"medium_large":["https:\/\/diariotiempo.com.uy\/noticias\/wp-content\/uploads\/2021\/07\/Master-Escribe-Casanova.jpg",300,185,false],"large":["https:\/\/diariotiempo.com.uy\/noticias\/wp-content\/uploads\/2021\/07\/Master-Escribe-Casanova.jpg",300,185,false],"rpg_gallery_admin_thumb":["https:\/\/diariotiempo.com.uy\/noticias\/wp-content\/uploads\/2021\/07\/Master-Escribe-Casanova.jpg",150,93,false],"rpg_gallery_thumb":["https:\/\/diariotiempo.com.uy\/noticias\/wp-content\/uploads\/2021\/07\/Master-Escribe-Casanova.jpg",150,93,false],"1536x1536":["https:\/\/diariotiempo.com.uy\/noticias\/wp-content\/uploads\/2021\/07\/Master-Escribe-Casanova.jpg",300,185,false],"2048x2048":["https:\/\/diariotiempo.com.uy\/noticias\/wp-content\/uploads\/2021\/07\/Master-Escribe-Casanova.jpg",300,185,false],"covernews-slider-full":["https:\/\/diariotiempo.com.uy\/noticias\/wp-content\/uploads\/2021\/07\/Master-Escribe-Casanova.jpg",300,185,false],"covernews-slider-center":["https:\/\/diariotiempo.com.uy\/noticias\/wp-content\/uploads\/2021\/07\/Master-Escribe-Casanova.jpg",300,185,false],"covernews-featured":["https:\/\/diariotiempo.com.uy\/noticias\/wp-content\/uploads\/2021\/07\/Master-Escribe-Casanova.jpg",300,185,false],"covernews-medium":["https:\/\/diariotiempo.com.uy\/noticias\/wp-content\/uploads\/2021\/07\/Master-Escribe-Casanova.jpg",300,185,false],"covernews-medium-square":["https:\/\/diariotiempo.com.uy\/noticias\/wp-content\/uploads\/2021\/07\/Master-Escribe-Casanova.jpg",300,185,false]},"author_info":{"display_name":"diario","author_link":"https:\/\/diariotiempo.com.uy\/noticias\/author\/diario\/"},"category_info":"<a href=\"https:\/\/diariotiempo.com.uy\/noticias\/category\/opinion\/articulos-de-opinion\/\" rel=\"category tag\">Art\u00edculos de Opini\u00f3n<\/a>","tag_info":"Art\u00edculos de Opini\u00f3n","comment_count":"0","_links":{"self":[{"href":"https:\/\/diariotiempo.com.uy\/noticias\/wp-json\/wp\/v2\/posts\/15580","targetHints":{"allow":["GET"]}}],"collection":[{"href":"https:\/\/diariotiempo.com.uy\/noticias\/wp-json\/wp\/v2\/posts"}],"about":[{"href":"https:\/\/diariotiempo.com.uy\/noticias\/wp-json\/wp\/v2\/types\/post"}],"author":[{"embeddable":true,"href":"https:\/\/diariotiempo.com.uy\/noticias\/wp-json\/wp\/v2\/users\/1"}],"replies":[{"embeddable":true,"href":"https:\/\/diariotiempo.com.uy\/noticias\/wp-json\/wp\/v2\/comments?post=15580"}],"version-history":[{"count":1,"href":"https:\/\/diariotiempo.com.uy\/noticias\/wp-json\/wp\/v2\/posts\/15580\/revisions"}],"predecessor-version":[{"id":15581,"href":"https:\/\/diariotiempo.com.uy\/noticias\/wp-json\/wp\/v2\/posts\/15580\/revisions\/15581"}],"wp:featuredmedia":[{"embeddable":true,"href":"https:\/\/diariotiempo.com.uy\/noticias\/wp-json\/wp\/v2\/media\/1160"}],"wp:attachment":[{"href":"https:\/\/diariotiempo.com.uy\/noticias\/wp-json\/wp\/v2\/media?parent=15580"}],"wp:term":[{"taxonomy":"category","embeddable":true,"href":"https:\/\/diariotiempo.com.uy\/noticias\/wp-json\/wp\/v2\/categories?post=15580"},{"taxonomy":"post_tag","embeddable":true,"href":"https:\/\/diariotiempo.com.uy\/noticias\/wp-json\/wp\/v2\/tags?post=15580"}],"curies":[{"name":"wp","href":"https:\/\/api.w.org\/{rel}","templated":true}]}}