{"id":15582,"date":"2024-08-09T19:17:36","date_gmt":"2024-08-09T19:17:36","guid":{"rendered":"https:\/\/diariotiempo.com.uy\/noticias\/?p=15582"},"modified":"2024-08-09T19:17:44","modified_gmt":"2024-08-09T19:17:44","slug":"ausencia-de-debates","status":"publish","type":"post","link":"https:\/\/diariotiempo.com.uy\/noticias\/2024\/08\/09\/ausencia-de-debates\/","title":{"rendered":"AUSENCIA DE DEBATES"},"content":{"rendered":"\n<p>Seg\u00fan hemos ido enter\u00e1ndonos, en este a\u00f1o electoral donde quiz\u00e1 m\u00e1s que en ning\u00fan otro, la ciudadan\u00eda habr\u00e1 de elegir entre dos modelos muy distintos de pa\u00eds, la decisi\u00f3n de llamarse a silencio o llanamente no concurrir y dejar la silla vac\u00eda en eventos p\u00fablicos donde son invitados, deja en evidencia que, la oposici\u00f3n al gobierno de la coalici\u00f3n republicana, teme dejar al desnudo las fallas e inconsistencias de su candidato. Pero lo que es a\u00fan peor, demuestra un encubierto desprecio por la opini\u00f3n p\u00fablica, la que a nuestro leal entender, debiera conocer y aquilatar de primera mano las propuestas y opiniones de quien aspira recuperar el sill\u00f3n presidencial para su fuerza pol\u00edtica, (del que fuera desplazada en el 2019) luego de permitirle ejercer las funciones de gobierno por tres lustros. Es as\u00ed que, en su estrategia electoral, tupamaros y comunistas bregan por alcanzar nuevamente el poder, abroquelando a su f\u00f3rmula presidencial en el silencio. Cuanto menos expresen, tanto mejor para sus intereses, ya que en debates con otros candidatos e incluso, en entrevistas no digitadas ni previamente acordadas, pueden quedar al descubierto en sus carencias de propuestas y por ello, perder voluntades que les quieran brindar su voto de apoyo. Decisi\u00f3n por dem\u00e1s mezquina y peligrosa, ya que sub estima el esp\u00edritu cr\u00edtico del ciudadano a quien considera necesario, s\u00f3lo para contar con su voto, pero le niega la oportunidad de ver cu\u00e1l de los candidatos expresa mejor su propuesta, y qui\u00e9nes ser\u00e1n los que integren su equipo de gobierno. Con esa decisi\u00f3n y por puro inter\u00e9s pol\u00edtico, se cercena la posibilidad de que el elector indeciso, tome partido por una opci\u00f3n u otra. Los refranes y dichos populares nos brindan en su sencillez, mucha sabidur\u00eda recogida a lo largo de siglos y entiendo que uno de ellos es aplicable perfectamente al caso que ocupa nuestra atenci\u00f3n: \u00abGu\u00e1rdate del hombre que no habla y de perro que no ladra\u00bb, queriendo significar no otra cosa que la que observamos, advierte el cuidado que hay que tener frente a esos silencios. Interesado silencio, ya que de otra forma -seg\u00fan quienes lo asesoran en esta campa\u00f1a- se perder\u00eda la adhesi\u00f3n en el d\u00eda de las elecciones nacionales o el balotaje. No resulta menor tal actitud y debiera aquilatarse en su justa medida, ya que en muchas de las cuestiones que hoy nos preocupan, debemos recibir se\u00f1ales claras de \u00e9stos candidatos. Nos preocupa el tema de la seguridad, pero no debemos olvidar que est\u00e1 en juego la eliminaci\u00f3n de las AFAPS y la reforma de la seguridad social y con ella se pone en riesgo toda la estabilidad del sistema previsional que incide en el ordenamiento de las finanzas. El tema impositivo y manejo de la deuda p\u00fablica, tanto interna como externa debe tener propuestas claras; sin dejar de plantear la continuidad de las obras p\u00fablicas ya iniciadas y las que se proyectan. La apertura de los mercados -donde colocar nuestros productos sin las ataduras de un MERCOSUR que no ha funcionado, m\u00e1s la postura ideol\u00f3gica frente a reg\u00edmenes totalitarios requiere de planteos muy claros y los c\u00e1lculos electorales, no debieran ocultar con ese silencio, medidas a adoptarse si llegaran al poder, por nombrar s\u00f3lo algunas cuestiones. Estemos alertas!<\/p>\n","protected":false},"excerpt":{"rendered":"<p>Seg\u00fan hemos ido enter\u00e1ndonos, en este a\u00f1o electoral donde quiz\u00e1 m\u00e1s que en ning\u00fan otro,&#8230;<\/p>\n","protected":false},"author":1,"featured_media":0,"comment_status":"closed","ping_status":"closed","sticky":false,"template":"","format":"standard","meta":{"_monsterinsights_skip_tracking":false,"_monsterinsights_sitenote_active":false,"_monsterinsights_sitenote_note":"","_monsterinsights_sitenote_category":0,"footnotes":""},"categories":[13,1],"tags":[],"class_list":["post-15582","post","type-post","status-publish","format-standard","hentry","category-articulos-de-opinion","category-uncategorized"],"featured_image_urls":{"full":"","thumbnail":"","medium":"","medium_large":"","large":"","rpg_gallery_admin_thumb":"","rpg_gallery_thumb":"","1536x1536":"","2048x2048":"","covernews-slider-full":"","covernews-slider-center":"","covernews-featured":"","covernews-medium":"","covernews-medium-square":""},"author_info":{"display_name":"diario","author_link":"https:\/\/diariotiempo.com.uy\/noticias\/author\/diario\/"},"category_info":"<a href=\"https:\/\/diariotiempo.com.uy\/noticias\/category\/opinion\/articulos-de-opinion\/\" rel=\"category tag\">Art\u00edculos de Opini\u00f3n<\/a> <a href=\"https:\/\/diariotiempo.com.uy\/noticias\/category\/uncategorized\/\" rel=\"category tag\">NOTICIAS<\/a>","tag_info":"NOTICIAS","comment_count":"0","_links":{"self":[{"href":"https:\/\/diariotiempo.com.uy\/noticias\/wp-json\/wp\/v2\/posts\/15582","targetHints":{"allow":["GET"]}}],"collection":[{"href":"https:\/\/diariotiempo.com.uy\/noticias\/wp-json\/wp\/v2\/posts"}],"about":[{"href":"https:\/\/diariotiempo.com.uy\/noticias\/wp-json\/wp\/v2\/types\/post"}],"author":[{"embeddable":true,"href":"https:\/\/diariotiempo.com.uy\/noticias\/wp-json\/wp\/v2\/users\/1"}],"replies":[{"embeddable":true,"href":"https:\/\/diariotiempo.com.uy\/noticias\/wp-json\/wp\/v2\/comments?post=15582"}],"version-history":[{"count":1,"href":"https:\/\/diariotiempo.com.uy\/noticias\/wp-json\/wp\/v2\/posts\/15582\/revisions"}],"predecessor-version":[{"id":15583,"href":"https:\/\/diariotiempo.com.uy\/noticias\/wp-json\/wp\/v2\/posts\/15582\/revisions\/15583"}],"wp:attachment":[{"href":"https:\/\/diariotiempo.com.uy\/noticias\/wp-json\/wp\/v2\/media?parent=15582"}],"wp:term":[{"taxonomy":"category","embeddable":true,"href":"https:\/\/diariotiempo.com.uy\/noticias\/wp-json\/wp\/v2\/categories?post=15582"},{"taxonomy":"post_tag","embeddable":true,"href":"https:\/\/diariotiempo.com.uy\/noticias\/wp-json\/wp\/v2\/tags?post=15582"}],"curies":[{"name":"wp","href":"https:\/\/api.w.org\/{rel}","templated":true}]}}