{"id":15662,"date":"2024-08-15T18:15:05","date_gmt":"2024-08-15T18:15:05","guid":{"rendered":"https:\/\/diariotiempo.com.uy\/noticias\/?p=15662"},"modified":"2024-08-15T18:15:06","modified_gmt":"2024-08-15T18:15:06","slug":"centro-regional-de-profesores-celebro-sus-25-anos","status":"publish","type":"post","link":"https:\/\/diariotiempo.com.uy\/noticias\/2024\/08\/15\/centro-regional-de-profesores-celebro-sus-25-anos\/","title":{"rendered":"Centro Regional de Profesores \u00a0celebr\u00f3 sus 25 a\u00f1os"},"content":{"rendered":"\n<figure class=\"wp-block-image aligncenter size-full\"><img loading=\"lazy\" decoding=\"async\" width=\"755\" height=\"390\" src=\"https:\/\/diariotiempo.com.uy\/noticias\/wp-content\/uploads\/2024\/08\/DOCENTEES.jpg\" alt=\"\" class=\"wp-image-15663\" srcset=\"https:\/\/diariotiempo.com.uy\/noticias\/wp-content\/uploads\/2024\/08\/DOCENTEES.jpg 755w, https:\/\/diariotiempo.com.uy\/noticias\/wp-content\/uploads\/2024\/08\/DOCENTEES-300x155.jpg 300w\" sizes=\"auto, (max-width: 755px) 100vw, 755px\" \/><\/figure>\n\n\n\n<p>El Centro Regional de Profesores del Suroeste celebr\u00f3 25 a\u00f1os de trayectoria en una ceremonia, encabezada por docentes, alumnos, egresados y autoridades, en la que se remarc\u00f3 el aporte fundamental del centro educativo en la formaci\u00f3n de docentes en el departamento de Colonia y la regi\u00f3n.<\/p>\n\n\n\n<p>La celebraci\u00f3n cont\u00f3 con la participaci\u00f3n de los consejeros del Consejo Directivo Central, Dora Graziano y Juan Gabito, y del presidente del Consejo de Formaci\u00f3n en Educaci\u00f3n (CFE), V\u00edctor Pizzichillo, entre otras autoridades educativas y del departamento. Este acto conmemorativo fue una de las actividades organizadas por el centro para festejar su fundaci\u00f3n.<\/p>\n\n\n\n<p>Graziano destac\u00f3 el aporte que los Centros Regionales de Profesores realizaron para avanzar en la descentralizaci\u00f3n de la educaci\u00f3n. Asimismo, indic\u00f3 que previo a su creaci\u00f3n, Montevideo contaba con un porcentaje mucho mayor de profesores diplomados que el Interior. Esta fue una de las razones por las cuales se promovi\u00f3 su creaci\u00f3n.<\/p>\n\n\n\n<p>\u201cEste proceso de descentralizaci\u00f3n fue el inicio de un camino hacia una mayor cobertura y la mejora de la calidad docente, donde la ense\u00f1anza y el aprendizaje pudieran alcanzar mejores logros\u201d, resalt\u00f3.<\/p>\n\n\n\n<p>Por \u00faltimo, dirigi\u00f3 un mensaje a los educadores: \u201cExhorto a que los docentes de hoy y del futuro tengan la voluntad suficiente para ser aprendices de por vida y brinden educaci\u00f3n con amor\u201d. &nbsp; &nbsp; &nbsp; &nbsp; &nbsp; &nbsp; &nbsp; &nbsp; &nbsp; &nbsp; &nbsp; &nbsp; &nbsp; &nbsp; &nbsp; &nbsp; &nbsp;<\/p>\n\n\n\n<p>HISTORIA<\/p>\n\n\n\n<p>El Centro Regional de Profesores del Suroeste fue fundado el 17 de abril de 1999, como instituci\u00f3n de formaci\u00f3n docente para la regi\u00f3n. Dese 2001 funciona en su edificio actual, ubicado en Domingo Magdalena, en el Real de San Carlos. Su \u00e1rea de influencia abarca aproximadamente 26.000 km2. All\u00ed reside un 10% de la poblaci\u00f3n total del pa\u00eds, aproximadamente 325.000 habitantes, de acuerdo al \u00faltimo censo.<\/p>\n\n\n\n<p>Se trata de una regi\u00f3n de producci\u00f3n agr\u00edcola ganadera intensiva, con fuerte implante de agroindustrias y desarrollo de los servicios financieros, tur\u00edsticos, de comunicaci\u00f3n, sanitarios y educativos, que aportan el 12% del Producto Bruto Interno.En la zona se distribuyen alrededor de treinta liceos y escuelas t\u00e9cnicas, incluidas las de alternancia y las agrarias. Adem\u00e1s, funcionan cuatro Institutos de Formaci\u00f3n Docente.<\/p>\n\n\n\n<p>El centro tiene como cometido principal la formaci\u00f3n inicial de docentes para Educaci\u00f3n Media, el desarrollo profesional de docentes en servicio y la contribuci\u00f3n, como agente local de desarrollo, a la expansi\u00f3n cultural de la regi\u00f3n.<\/p>\n\n\n\n<p>Asimismo, apunta a la formaci\u00f3n de profesores de excelente calidad acad\u00e9mica, pedag\u00f3gica y de gesti\u00f3n. En la actualidad ha elaborado su primer plan de seguimiento de egresados con el objetivo de favorecer su inserci\u00f3n laboral en los centros educativos de Secundaria. Fuente y foto ANEP<\/p>\n","protected":false},"excerpt":{"rendered":"<p>El Centro Regional de Profesores del Suroeste celebr\u00f3 25 a\u00f1os de trayectoria en una ceremonia,&#8230;<\/p>\n","protected":false},"author":1,"featured_media":15663,"comment_status":"closed","ping_status":"closed","sticky":false,"template":"","format":"standard","meta":{"_monsterinsights_skip_tracking":false,"_monsterinsights_sitenote_active":false,"_monsterinsights_sitenote_note":"","_monsterinsights_sitenote_category":0,"footnotes":""},"categories":[79],"tags":[],"class_list":["post-15662","post","type-post","status-publish","format-standard","has-post-thumbnail","hentry","category-nacionales"],"featured_image_urls":{"full":["https:\/\/diariotiempo.com.uy\/noticias\/wp-content\/uploads\/2024\/08\/DOCENTEES.jpg",755,390,false],"thumbnail":["https:\/\/diariotiempo.com.uy\/noticias\/wp-content\/uploads\/2024\/08\/DOCENTEES-150x150.jpg",150,150,true],"medium":["https:\/\/diariotiempo.com.uy\/noticias\/wp-content\/uploads\/2024\/08\/DOCENTEES-300x155.jpg",300,155,true],"medium_large":["https:\/\/diariotiempo.com.uy\/noticias\/wp-content\/uploads\/2024\/08\/DOCENTEES.jpg",640,331,false],"large":["https:\/\/diariotiempo.com.uy\/noticias\/wp-content\/uploads\/2024\/08\/DOCENTEES.jpg",640,331,false],"rpg_gallery_admin_thumb":["https:\/\/diariotiempo.com.uy\/noticias\/wp-content\/uploads\/2024\/08\/DOCENTEES-150x150.jpg",150,150,true],"rpg_gallery_thumb":["https:\/\/diariotiempo.com.uy\/noticias\/wp-content\/uploads\/2024\/08\/DOCENTEES-150x150.jpg",150,150,true],"1536x1536":["https:\/\/diariotiempo.com.uy\/noticias\/wp-content\/uploads\/2024\/08\/DOCENTEES.jpg",755,390,false],"2048x2048":["https:\/\/diariotiempo.com.uy\/noticias\/wp-content\/uploads\/2024\/08\/DOCENTEES.jpg",755,390,false],"covernews-slider-full":["https:\/\/diariotiempo.com.uy\/noticias\/wp-content\/uploads\/2024\/08\/DOCENTEES.jpg",755,390,false],"covernews-slider-center":["https:\/\/diariotiempo.com.uy\/noticias\/wp-content\/uploads\/2024\/08\/DOCENTEES.jpg",755,390,false],"covernews-featured":["https:\/\/diariotiempo.com.uy\/noticias\/wp-content\/uploads\/2024\/08\/DOCENTEES.jpg",755,390,false],"covernews-medium":["https:\/\/diariotiempo.com.uy\/noticias\/wp-content\/uploads\/2024\/08\/DOCENTEES-540x340.jpg",540,340,true],"covernews-medium-square":["https:\/\/diariotiempo.com.uy\/noticias\/wp-content\/uploads\/2024\/08\/DOCENTEES-400x250.jpg",400,250,true]},"author_info":{"display_name":"diario","author_link":"https:\/\/diariotiempo.com.uy\/noticias\/author\/diario\/"},"category_info":"<a href=\"https:\/\/diariotiempo.com.uy\/noticias\/category\/nacionales\/\" rel=\"category tag\">NACIONALES<\/a>","tag_info":"NACIONALES","comment_count":"0","_links":{"self":[{"href":"https:\/\/diariotiempo.com.uy\/noticias\/wp-json\/wp\/v2\/posts\/15662","targetHints":{"allow":["GET"]}}],"collection":[{"href":"https:\/\/diariotiempo.com.uy\/noticias\/wp-json\/wp\/v2\/posts"}],"about":[{"href":"https:\/\/diariotiempo.com.uy\/noticias\/wp-json\/wp\/v2\/types\/post"}],"author":[{"embeddable":true,"href":"https:\/\/diariotiempo.com.uy\/noticias\/wp-json\/wp\/v2\/users\/1"}],"replies":[{"embeddable":true,"href":"https:\/\/diariotiempo.com.uy\/noticias\/wp-json\/wp\/v2\/comments?post=15662"}],"version-history":[{"count":1,"href":"https:\/\/diariotiempo.com.uy\/noticias\/wp-json\/wp\/v2\/posts\/15662\/revisions"}],"predecessor-version":[{"id":15664,"href":"https:\/\/diariotiempo.com.uy\/noticias\/wp-json\/wp\/v2\/posts\/15662\/revisions\/15664"}],"wp:featuredmedia":[{"embeddable":true,"href":"https:\/\/diariotiempo.com.uy\/noticias\/wp-json\/wp\/v2\/media\/15663"}],"wp:attachment":[{"href":"https:\/\/diariotiempo.com.uy\/noticias\/wp-json\/wp\/v2\/media?parent=15662"}],"wp:term":[{"taxonomy":"category","embeddable":true,"href":"https:\/\/diariotiempo.com.uy\/noticias\/wp-json\/wp\/v2\/categories?post=15662"},{"taxonomy":"post_tag","embeddable":true,"href":"https:\/\/diariotiempo.com.uy\/noticias\/wp-json\/wp\/v2\/tags?post=15662"}],"curies":[{"name":"wp","href":"https:\/\/api.w.org\/{rel}","templated":true}]}}