{"id":15669,"date":"2024-08-16T14:47:25","date_gmt":"2024-08-16T14:47:25","guid":{"rendered":"https:\/\/diariotiempo.com.uy\/noticias\/?p=15669"},"modified":"2024-08-16T14:48:37","modified_gmt":"2024-08-16T14:48:37","slug":"primaria-inauguro-escuela-de-tiempo-completo-en-parque-del-plata","status":"publish","type":"post","link":"https:\/\/diariotiempo.com.uy\/noticias\/2024\/08\/16\/primaria-inauguro-escuela-de-tiempo-completo-en-parque-del-plata\/","title":{"rendered":"Primaria inaugur\u00f3 Escuela de Tiempo Completo en Parque del Plata"},"content":{"rendered":"\n<figure class=\"wp-block-gallery has-nested-images columns-default is-cropped wp-block-gallery-1 is-layout-flex wp-block-gallery-is-layout-flex\">\n<figure class=\"wp-block-image size-large\"><img loading=\"lazy\" decoding=\"async\" width=\"800\" height=\"523\" data-id=\"15673\" src=\"https:\/\/diariotiempo.com.uy\/noticias\/wp-content\/uploads\/2024\/08\/parque-cinta.jpg\" alt=\"\" class=\"wp-image-15673\" srcset=\"https:\/\/diariotiempo.com.uy\/noticias\/wp-content\/uploads\/2024\/08\/parque-cinta.jpg 800w, https:\/\/diariotiempo.com.uy\/noticias\/wp-content\/uploads\/2024\/08\/parque-cinta-300x196.jpg 300w, https:\/\/diariotiempo.com.uy\/noticias\/wp-content\/uploads\/2024\/08\/parque-cinta-768x502.jpg 768w\" sizes=\"auto, (max-width: 800px) 100vw, 800px\" \/><\/figure>\n\n\n\n<figure class=\"wp-block-image size-large\"><img loading=\"lazy\" decoding=\"async\" width=\"755\" height=\"390\" data-id=\"15670\" src=\"https:\/\/diariotiempo.com.uy\/noticias\/wp-content\/uploads\/2024\/08\/parque-del-plata-tapa.jpg\" alt=\"\" class=\"wp-image-15670\" srcset=\"https:\/\/diariotiempo.com.uy\/noticias\/wp-content\/uploads\/2024\/08\/parque-del-plata-tapa.jpg 755w, https:\/\/diariotiempo.com.uy\/noticias\/wp-content\/uploads\/2024\/08\/parque-del-plata-tapa-300x155.jpg 300w\" sizes=\"auto, (max-width: 755px) 100vw, 755px\" \/><\/figure>\n\n\n\n<figure class=\"wp-block-image size-large\"><img loading=\"lazy\" decoding=\"async\" width=\"800\" height=\"532\" data-id=\"15674\" src=\"https:\/\/diariotiempo.com.uy\/noticias\/wp-content\/uploads\/2024\/08\/parque-escudo.jpg\" alt=\"\" class=\"wp-image-15674\" srcset=\"https:\/\/diariotiempo.com.uy\/noticias\/wp-content\/uploads\/2024\/08\/parque-escudo.jpg 800w, https:\/\/diariotiempo.com.uy\/noticias\/wp-content\/uploads\/2024\/08\/parque-escudo-300x200.jpg 300w, https:\/\/diariotiempo.com.uy\/noticias\/wp-content\/uploads\/2024\/08\/parque-escudo-768x511.jpg 768w\" sizes=\"auto, (max-width: 800px) 100vw, 800px\" \/><\/figure>\n\n\n\n<figure class=\"wp-block-image size-large\"><img loading=\"lazy\" decoding=\"async\" width=\"800\" height=\"532\" data-id=\"15671\" src=\"https:\/\/diariotiempo.com.uy\/noticias\/wp-content\/uploads\/2024\/08\/parque-escuela.jpg\" alt=\"\" class=\"wp-image-15671\" srcset=\"https:\/\/diariotiempo.com.uy\/noticias\/wp-content\/uploads\/2024\/08\/parque-escuela.jpg 800w, https:\/\/diariotiempo.com.uy\/noticias\/wp-content\/uploads\/2024\/08\/parque-escuela-300x200.jpg 300w, https:\/\/diariotiempo.com.uy\/noticias\/wp-content\/uploads\/2024\/08\/parque-escuela-768x511.jpg 768w\" sizes=\"auto, (max-width: 800px) 100vw, 800px\" \/><\/figure>\n\n\n\n<figure class=\"wp-block-image size-large\"><img loading=\"lazy\" decoding=\"async\" width=\"800\" height=\"535\" data-id=\"15672\" src=\"https:\/\/diariotiempo.com.uy\/noticias\/wp-content\/uploads\/2024\/08\/parque-plaqueta.jpg\" alt=\"\" class=\"wp-image-15672\" srcset=\"https:\/\/diariotiempo.com.uy\/noticias\/wp-content\/uploads\/2024\/08\/parque-plaqueta.jpg 800w, https:\/\/diariotiempo.com.uy\/noticias\/wp-content\/uploads\/2024\/08\/parque-plaqueta-300x201.jpg 300w, https:\/\/diariotiempo.com.uy\/noticias\/wp-content\/uploads\/2024\/08\/parque-plaqueta-768x514.jpg 768w\" sizes=\"auto, (max-width: 800px) 100vw, 800px\" \/><\/figure>\n<\/figure>\n\n\n\n<p>La Administraci\u00f3n Nacional de Educaci\u00f3n P\u00fablica (ANEP) &nbsp;a trav\u00e9s de la Direcci\u00f3n General de Educaci\u00f3n Inicial y Primaria (DGEIP), inaugur\u00f3 el viernes 9 la escuela n.\u00b0 320, de tiempo completo, en Parque del Plata norte, Canelones. La infraestructura demand\u00f3 una inversi\u00f3n superior a los 2.200.000 d\u00f3lares e incluye tres m\u00f3dulos con nueve aulas, direcci\u00f3n, sala docente, cocina, comedor y sala de psicomotricidad. Asisten a ella 211 alumnos.<\/p>\n\n\n\n<p>Participaron en el evento, desarrollado este viernes 9 en la sede del centro educativo, ubicado en la Calle Z2 entre la Diagonal 6 y la Calle 7, la presidenta de la ANEP, Virginia C\u00e1ceres; la directora general de Educaci\u00f3n Inicial y Primaria, Olga de las Heras; el consejero Juan Gabito; la directora de la escuela, Evangelina Rodr\u00edguez, autoridades nacionales y departamentales, docentes, funcionarios y alumnos y sus familias.<\/p>\n\n\n\n<p>La infraestructura se distribuye en tres m\u00f3dulos, que abarcan nueve aulas, direcci\u00f3n, sala docente, cocina, comedor, servicios higi\u00e9nicos y sala de psicomotricidad. El \u00e1rea total del predio es de 3.006 metros cuadrados e incluye zonas exteriores con espacios enjardinados y pavimentos de hormig\u00f3n y caucho para juegos infantiles.<\/p>\n\n\n\n<p>Asisten 211 ni\u00f1os y el equipo de trabajo consta de ocho maestros, profesores de ingl\u00e9s y educaci\u00f3n f\u00edsica, maestra comunitaria, dinamizadora de Ceibal y funcionarios auxiliares. La necesidad del referido centro de ensa\u00f1anza en la zona fue consecuencia del crecimiento poblacional de Parque del Plata y Las Toscas norte, se\u00f1al\u00f3 C\u00e1ceres en su oratoria. \u201cLas escuelas de aqu\u00ed estaban teniendo situaciones de superpoblaci\u00f3n\u201d, agreg\u00f3.<\/p>\n\n\n\n<p>Inform\u00f3, adem\u00e1s, que la firma del contrato de participaci\u00f3n p\u00fablico privada (PPP), en setiembre de 2022, permiti\u00f3 avanzar en la construcci\u00f3n de escuelas. \u201cCon esta inauguraci\u00f3n, estamos completando las 15 escuelas y jardines de tiempo completo durante el 2024\u201d, se\u00f1al\u00f3 la jerarca.<\/p>\n\n\n\n<p>Asimismo, indic\u00f3 que el sistema educativo debe estar atento a los cambios que la sociedad va planteando y valor\u00f3 la modalidad pedag\u00f3gica y el componente social de las escuelas de tiempo completo. \u201cLas familias de hoy necesitan de un espacio seguro donde dejar a sus ni\u00f1os mientras cumplen con sus tareas y trabajan\u201d, asever\u00f3.<\/p>\n\n\n\n<p>De las Heras, en tanto, sostuvo que las construcciones deben responder a los requerimientos de una propuesta pedag\u00f3gica. En ese sentido, consider\u00f3 que la modalidad de tiempo completo promueve el enfoque integral de los aprendizajes de los alumnos.<\/p>\n\n\n\n<p>Fuente y fotos presidencia<\/p>\n","protected":false},"excerpt":{"rendered":"<p>La Administraci\u00f3n Nacional de Educaci\u00f3n P\u00fablica (ANEP) &nbsp;a trav\u00e9s de la Direcci\u00f3n General de Educaci\u00f3n&#8230;<\/p>\n","protected":false},"author":1,"featured_media":15673,"comment_status":"closed","ping_status":"closed","sticky":false,"template":"","format":"standard","meta":{"_monsterinsights_skip_tracking":false,"_monsterinsights_sitenote_active":false,"_monsterinsights_sitenote_note":"","_monsterinsights_sitenote_category":0,"footnotes":""},"categories":[11],"tags":[],"class_list":["post-15669","post","type-post","status-publish","format-standard","has-post-thumbnail","hentry","category-noticia-destacada"],"featured_image_urls":{"full":["https:\/\/diariotiempo.com.uy\/noticias\/wp-content\/uploads\/2024\/08\/parque-cinta.jpg",800,523,false],"thumbnail":["https:\/\/diariotiempo.com.uy\/noticias\/wp-content\/uploads\/2024\/08\/parque-cinta-150x150.jpg",150,150,true],"medium":["https:\/\/diariotiempo.com.uy\/noticias\/wp-content\/uploads\/2024\/08\/parque-cinta-300x196.jpg",300,196,true],"medium_large":["https:\/\/diariotiempo.com.uy\/noticias\/wp-content\/uploads\/2024\/08\/parque-cinta-768x502.jpg",640,418,true],"large":["https:\/\/diariotiempo.com.uy\/noticias\/wp-content\/uploads\/2024\/08\/parque-cinta.jpg",640,418,false],"rpg_gallery_admin_thumb":["https:\/\/diariotiempo.com.uy\/noticias\/wp-content\/uploads\/2024\/08\/parque-cinta-150x150.jpg",150,150,true],"rpg_gallery_thumb":["https:\/\/diariotiempo.com.uy\/noticias\/wp-content\/uploads\/2024\/08\/parque-cinta-150x150.jpg",150,150,true],"1536x1536":["https:\/\/diariotiempo.com.uy\/noticias\/wp-content\/uploads\/2024\/08\/parque-cinta.jpg",800,523,false],"2048x2048":["https:\/\/diariotiempo.com.uy\/noticias\/wp-content\/uploads\/2024\/08\/parque-cinta.jpg",800,523,false],"covernews-slider-full":["https:\/\/diariotiempo.com.uy\/noticias\/wp-content\/uploads\/2024\/08\/parque-cinta.jpg",800,523,false],"covernews-slider-center":["https:\/\/diariotiempo.com.uy\/noticias\/wp-content\/uploads\/2024\/08\/parque-cinta-800x500.jpg",800,500,true],"covernews-featured":["https:\/\/diariotiempo.com.uy\/noticias\/wp-content\/uploads\/2024\/08\/parque-cinta.jpg",800,523,false],"covernews-medium":["https:\/\/diariotiempo.com.uy\/noticias\/wp-content\/uploads\/2024\/08\/parque-cinta-540x340.jpg",540,340,true],"covernews-medium-square":["https:\/\/diariotiempo.com.uy\/noticias\/wp-content\/uploads\/2024\/08\/parque-cinta-400x250.jpg",400,250,true]},"author_info":{"display_name":"diario","author_link":"https:\/\/diariotiempo.com.uy\/noticias\/author\/diario\/"},"category_info":"<a href=\"https:\/\/diariotiempo.com.uy\/noticias\/category\/noticia-destacada\/\" rel=\"category tag\">NOTICIA DESTACADA<\/a>","tag_info":"NOTICIA DESTACADA","comment_count":"0","_links":{"self":[{"href":"https:\/\/diariotiempo.com.uy\/noticias\/wp-json\/wp\/v2\/posts\/15669","targetHints":{"allow":["GET"]}}],"collection":[{"href":"https:\/\/diariotiempo.com.uy\/noticias\/wp-json\/wp\/v2\/posts"}],"about":[{"href":"https:\/\/diariotiempo.com.uy\/noticias\/wp-json\/wp\/v2\/types\/post"}],"author":[{"embeddable":true,"href":"https:\/\/diariotiempo.com.uy\/noticias\/wp-json\/wp\/v2\/users\/1"}],"replies":[{"embeddable":true,"href":"https:\/\/diariotiempo.com.uy\/noticias\/wp-json\/wp\/v2\/comments?post=15669"}],"version-history":[{"count":3,"href":"https:\/\/diariotiempo.com.uy\/noticias\/wp-json\/wp\/v2\/posts\/15669\/revisions"}],"predecessor-version":[{"id":15678,"href":"https:\/\/diariotiempo.com.uy\/noticias\/wp-json\/wp\/v2\/posts\/15669\/revisions\/15678"}],"wp:featuredmedia":[{"embeddable":true,"href":"https:\/\/diariotiempo.com.uy\/noticias\/wp-json\/wp\/v2\/media\/15673"}],"wp:attachment":[{"href":"https:\/\/diariotiempo.com.uy\/noticias\/wp-json\/wp\/v2\/media?parent=15669"}],"wp:term":[{"taxonomy":"category","embeddable":true,"href":"https:\/\/diariotiempo.com.uy\/noticias\/wp-json\/wp\/v2\/categories?post=15669"},{"taxonomy":"post_tag","embeddable":true,"href":"https:\/\/diariotiempo.com.uy\/noticias\/wp-json\/wp\/v2\/tags?post=15669"}],"curies":[{"name":"wp","href":"https:\/\/api.w.org\/{rel}","templated":true}]}}