{"id":15679,"date":"2024-08-16T14:52:35","date_gmt":"2024-08-16T14:52:35","guid":{"rendered":"https:\/\/diariotiempo.com.uy\/noticias\/?p=15679"},"modified":"2024-08-16T14:52:48","modified_gmt":"2024-08-16T14:52:48","slug":"taller-de-seguridad-electrica-y-prevencion-de-incendios-en-club-urupan","status":"publish","type":"post","link":"https:\/\/diariotiempo.com.uy\/noticias\/2024\/08\/16\/taller-de-seguridad-electrica-y-prevencion-de-incendios-en-club-urupan\/","title":{"rendered":"Taller de Seguridad El\u00e9ctrica y Prevenci\u00f3n de Incendios \u00a0en club Urupan"},"content":{"rendered":"\n<figure class=\"wp-block-gallery has-nested-images columns-default is-cropped wp-block-gallery-1 is-layout-flex wp-block-gallery-is-layout-flex\">\n<figure class=\"wp-block-image size-large\"><img loading=\"lazy\" decoding=\"async\" width=\"800\" height=\"533\" data-id=\"15681\" src=\"https:\/\/diariotiempo.com.uy\/noticias\/wp-content\/uploads\/2024\/08\/ute-gente.jpg\" alt=\"\" class=\"wp-image-15681\" srcset=\"https:\/\/diariotiempo.com.uy\/noticias\/wp-content\/uploads\/2024\/08\/ute-gente.jpg 800w, https:\/\/diariotiempo.com.uy\/noticias\/wp-content\/uploads\/2024\/08\/ute-gente-300x200.jpg 300w, https:\/\/diariotiempo.com.uy\/noticias\/wp-content\/uploads\/2024\/08\/ute-gente-768x512.jpg 768w\" sizes=\"auto, (max-width: 800px) 100vw, 800px\" \/><\/figure>\n\n\n\n<figure class=\"wp-block-image size-large\"><img loading=\"lazy\" decoding=\"async\" width=\"800\" height=\"533\" data-id=\"15682\" src=\"https:\/\/diariotiempo.com.uy\/noticias\/wp-content\/uploads\/2024\/08\/ute-rotary.jpg\" alt=\"\" class=\"wp-image-15682\" srcset=\"https:\/\/diariotiempo.com.uy\/noticias\/wp-content\/uploads\/2024\/08\/ute-rotary.jpg 800w, https:\/\/diariotiempo.com.uy\/noticias\/wp-content\/uploads\/2024\/08\/ute-rotary-300x200.jpg 300w, https:\/\/diariotiempo.com.uy\/noticias\/wp-content\/uploads\/2024\/08\/ute-rotary-768x512.jpg 768w\" sizes=\"auto, (max-width: 800px) 100vw, 800px\" \/><\/figure>\n\n\n\n<figure class=\"wp-block-image size-large\"><img loading=\"lazy\" decoding=\"async\" width=\"800\" height=\"533\" data-id=\"15680\" src=\"https:\/\/diariotiempo.com.uy\/noticias\/wp-content\/uploads\/2024\/08\/ute-urupan-presi.jpg\" alt=\"\" class=\"wp-image-15680\" srcset=\"https:\/\/diariotiempo.com.uy\/noticias\/wp-content\/uploads\/2024\/08\/ute-urupan-presi.jpg 800w, https:\/\/diariotiempo.com.uy\/noticias\/wp-content\/uploads\/2024\/08\/ute-urupan-presi-300x200.jpg 300w, https:\/\/diariotiempo.com.uy\/noticias\/wp-content\/uploads\/2024\/08\/ute-urupan-presi-768x512.jpg 768w\" sizes=\"auto, (max-width: 800px) 100vw, 800px\" \/><\/figure>\n\n\n\n<figure class=\"wp-block-image size-large\"><img loading=\"lazy\" decoding=\"async\" width=\"800\" height=\"533\" data-id=\"15683\" src=\"https:\/\/diariotiempo.com.uy\/noticias\/wp-content\/uploads\/2024\/08\/ute-gente-lejos.jpg\" alt=\"\" class=\"wp-image-15683\" srcset=\"https:\/\/diariotiempo.com.uy\/noticias\/wp-content\/uploads\/2024\/08\/ute-gente-lejos.jpg 800w, https:\/\/diariotiempo.com.uy\/noticias\/wp-content\/uploads\/2024\/08\/ute-gente-lejos-300x200.jpg 300w, https:\/\/diariotiempo.com.uy\/noticias\/wp-content\/uploads\/2024\/08\/ute-gente-lejos-768x512.jpg 768w\" sizes=\"auto, (max-width: 800px) 100vw, 800px\" \/><\/figure>\n<\/figure>\n\n\n\n<p>El evento cont\u00f3 con la participaci\u00f3n del vicepresidente de UTE Pablo Ferrari junto a t\u00e9cnicos especializados de la empresa. Asistieron tambi\u00e9n el director de Bomberos Richard Barboza, autoridades policiales de Canelones, del Rotary de Pando y vecinos de la zona.<\/p>\n\n\n\n<p>Este Taller, que ya se ha venido realizando en otros departamentos, fue el primero en Canelones y se espera desarrollarlo en otras localidades canarias, as\u00ed como continuarlo en el resto del pa\u00eds.<\/p>\n\n\n\n<p>El vicepresidente de UTE no s\u00f3lo destac\u00f3 la utilidad de estas capacitaciones, sino, las diferentes acciones que realiza la empresa para evitar que sucedan accidentes el\u00e9ctricos o posibles incendios en los hogares.<\/p>\n\n\n\n<p>Entre \u00e9stas, Ferrari subray\u00f3 la importancia del Plan de Inclusi\u00f3n Social que UTE lleva a cabo con el cual se regularizan viviendas de contexto vulnerable brind\u00e1ndoles las medidas de seguridad adecuadas, incluyendo la instalaci\u00f3n el\u00e9ctrica interior con las correspondientes protecciones y elementos de Eficiencia Energ\u00e9tica.<\/p>\n\n\n\n<p>Durante el desarrollo del Taller, especialistas t\u00e9cnicos de UTE, Sinae y Bomberos brindaron a los asistentes diferentes recomendaciones, medidas espec\u00edficas y una Gu\u00eda de Uso Familiar para prevenir accidentes el\u00e9ctricos. Tambi\u00e9n se abordaron las principales causas de incendios, tanto forestales como en el hogar y se explicaron las sugerencias que deben adoptarse para disponer de una calefacci\u00f3n segura.<\/p>\n\n\n\n<p>Finalmente, los t\u00e9cnicos de UTE remarcaron tambi\u00e9n, el debido cuidado que debe tenerse en las podas de vegetaci\u00f3n cercanas a las redes de energ\u00eda y los peligros de manejar objetos cerca de las l\u00edneas el\u00e9ctricas, como el remontar comentas por parte de los ni\u00f1os y adultos.<\/p>\n\n\n\n<p>Todas estas acciones de capacitaci\u00f3n y sensibilizaci\u00f3n, son tambi\u00e9n otra manera de continuar Transformando con energ\u00eda nuestro pa\u00eds.<\/p>\n\n\n\n<p><strong>\u00a0GU\u00cdA PR\u00c1CTICA DE FACTORES DE RIESGO<\/strong><\/p>\n\n\n\n<p>*Cuidado de los ni\u00f1os: Utilizar dispositivos especiales<\/p>\n\n\n\n<p>para bloquear los tomacorrientes que est\u00e9n al alcance de los m\u00e1s peque\u00f1os de la casa.<\/p>\n\n\n\n<p>*Muchos equipos en un tomacorriente: No enchufar muchos electrodom\u00e9sticos en un mismo tomacorriente. Evitar las extensiones o derivaciones improvisadas, ya que los cables de la instalaci\u00f3n sufren una sobrecarga y pueden provocar cortocircuitos.<\/p>\n\n\n\n<p>*Instalaci\u00f3n el\u00e9ctrica en mal estado: Es imprescindible saber si la instalaci\u00f3n el\u00e9ctrica cuenta con los materiales adecuados, si est\u00e1n conectados correctamente y con qu\u00e9 interruptor debe desconectar el circuito. Debe revisarse peri\u00f3dicamente.<\/p>\n\n\n\n<p>*Instalaciones antiguas: Es importante que se remplacen a la mayor brevedad posible.<\/p>\n\n\n\n<p>Fuente y fotos UTE<\/p>\n","protected":false},"excerpt":{"rendered":"<p>El evento cont\u00f3 con la participaci\u00f3n del vicepresidente de UTE Pablo Ferrari junto a t\u00e9cnicos&#8230;<\/p>\n","protected":false},"author":1,"featured_media":15681,"comment_status":"closed","ping_status":"closed","sticky":false,"template":"","format":"standard","meta":{"_monsterinsights_skip_tracking":false,"_monsterinsights_sitenote_active":false,"_monsterinsights_sitenote_note":"","_monsterinsights_sitenote_category":0,"footnotes":""},"categories":[19],"tags":[],"class_list":["post-15679","post","type-post","status-publish","format-standard","has-post-thumbnail","hentry","category-pando"],"featured_image_urls":{"full":["https:\/\/diariotiempo.com.uy\/noticias\/wp-content\/uploads\/2024\/08\/ute-gente.jpg",800,533,false],"thumbnail":["https:\/\/diariotiempo.com.uy\/noticias\/wp-content\/uploads\/2024\/08\/ute-gente-150x150.jpg",150,150,true],"medium":["https:\/\/diariotiempo.com.uy\/noticias\/wp-content\/uploads\/2024\/08\/ute-gente-300x200.jpg",300,200,true],"medium_large":["https:\/\/diariotiempo.com.uy\/noticias\/wp-content\/uploads\/2024\/08\/ute-gente-768x512.jpg",640,427,true],"large":["https:\/\/diariotiempo.com.uy\/noticias\/wp-content\/uploads\/2024\/08\/ute-gente.jpg",640,426,false],"rpg_gallery_admin_thumb":["https:\/\/diariotiempo.com.uy\/noticias\/wp-content\/uploads\/2024\/08\/ute-gente-150x150.jpg",150,150,true],"rpg_gallery_thumb":["https:\/\/diariotiempo.com.uy\/noticias\/wp-content\/uploads\/2024\/08\/ute-gente-150x150.jpg",150,150,true],"1536x1536":["https:\/\/diariotiempo.com.uy\/noticias\/wp-content\/uploads\/2024\/08\/ute-gente.jpg",800,533,false],"2048x2048":["https:\/\/diariotiempo.com.uy\/noticias\/wp-content\/uploads\/2024\/08\/ute-gente.jpg",800,533,false],"covernews-slider-full":["https:\/\/diariotiempo.com.uy\/noticias\/wp-content\/uploads\/2024\/08\/ute-gente.jpg",800,533,false],"covernews-slider-center":["https:\/\/diariotiempo.com.uy\/noticias\/wp-content\/uploads\/2024\/08\/ute-gente-800x500.jpg",800,500,true],"covernews-featured":["https:\/\/diariotiempo.com.uy\/noticias\/wp-content\/uploads\/2024\/08\/ute-gente.jpg",800,533,false],"covernews-medium":["https:\/\/diariotiempo.com.uy\/noticias\/wp-content\/uploads\/2024\/08\/ute-gente-540x340.jpg",540,340,true],"covernews-medium-square":["https:\/\/diariotiempo.com.uy\/noticias\/wp-content\/uploads\/2024\/08\/ute-gente-400x250.jpg",400,250,true]},"author_info":{"display_name":"diario","author_link":"https:\/\/diariotiempo.com.uy\/noticias\/author\/diario\/"},"category_info":"<a href=\"https:\/\/diariotiempo.com.uy\/noticias\/category\/departamental\/pando\/\" rel=\"category tag\">Pando<\/a>","tag_info":"Pando","comment_count":"0","_links":{"self":[{"href":"https:\/\/diariotiempo.com.uy\/noticias\/wp-json\/wp\/v2\/posts\/15679","targetHints":{"allow":["GET"]}}],"collection":[{"href":"https:\/\/diariotiempo.com.uy\/noticias\/wp-json\/wp\/v2\/posts"}],"about":[{"href":"https:\/\/diariotiempo.com.uy\/noticias\/wp-json\/wp\/v2\/types\/post"}],"author":[{"embeddable":true,"href":"https:\/\/diariotiempo.com.uy\/noticias\/wp-json\/wp\/v2\/users\/1"}],"replies":[{"embeddable":true,"href":"https:\/\/diariotiempo.com.uy\/noticias\/wp-json\/wp\/v2\/comments?post=15679"}],"version-history":[{"count":2,"href":"https:\/\/diariotiempo.com.uy\/noticias\/wp-json\/wp\/v2\/posts\/15679\/revisions"}],"predecessor-version":[{"id":15685,"href":"https:\/\/diariotiempo.com.uy\/noticias\/wp-json\/wp\/v2\/posts\/15679\/revisions\/15685"}],"wp:featuredmedia":[{"embeddable":true,"href":"https:\/\/diariotiempo.com.uy\/noticias\/wp-json\/wp\/v2\/media\/15681"}],"wp:attachment":[{"href":"https:\/\/diariotiempo.com.uy\/noticias\/wp-json\/wp\/v2\/media?parent=15679"}],"wp:term":[{"taxonomy":"category","embeddable":true,"href":"https:\/\/diariotiempo.com.uy\/noticias\/wp-json\/wp\/v2\/categories?post=15679"},{"taxonomy":"post_tag","embeddable":true,"href":"https:\/\/diariotiempo.com.uy\/noticias\/wp-json\/wp\/v2\/tags?post=15679"}],"curies":[{"name":"wp","href":"https:\/\/api.w.org\/{rel}","templated":true}]}}