{"id":15719,"date":"2024-08-19T12:46:11","date_gmt":"2024-08-19T12:46:11","guid":{"rendered":"https:\/\/diariotiempo.com.uy\/noticias\/?p=15719"},"modified":"2024-08-19T12:46:11","modified_gmt":"2024-08-19T12:46:11","slug":"avanzan-las-medidas-de-control-y-fiscalizacion-de-velocidad-con-nuevos-controladores-de-velocidad-en-paso-carrasco-y-la-paz","status":"publish","type":"post","link":"https:\/\/diariotiempo.com.uy\/noticias\/2024\/08\/19\/avanzan-las-medidas-de-control-y-fiscalizacion-de-velocidad-con-nuevos-controladores-de-velocidad-en-paso-carrasco-y-la-paz\/","title":{"rendered":"Avanzan las medidas de control y fiscalizaci\u00f3n de velocidad con nuevos controladores de velocidad en Paso Carrasco y La Paz"},"content":{"rendered":"\n<figure class=\"wp-block-gallery has-nested-images columns-2 is-cropped wp-block-gallery-1 is-layout-flex wp-block-gallery-is-layout-flex\">\n<figure class=\"wp-block-image size-large\"><img loading=\"lazy\" decoding=\"async\" width=\"800\" height=\"533\" data-id=\"15720\" src=\"https:\/\/diariotiempo.com.uy\/noticias\/wp-content\/uploads\/2024\/08\/conrolador-interior.jpeg\" alt=\"\" class=\"wp-image-15720\" srcset=\"https:\/\/diariotiempo.com.uy\/noticias\/wp-content\/uploads\/2024\/08\/conrolador-interior.jpeg 800w, https:\/\/diariotiempo.com.uy\/noticias\/wp-content\/uploads\/2024\/08\/conrolador-interior-300x200.jpeg 300w, https:\/\/diariotiempo.com.uy\/noticias\/wp-content\/uploads\/2024\/08\/conrolador-interior-768x512.jpeg 768w\" sizes=\"auto, (max-width: 800px) 100vw, 800px\" \/><\/figure>\n\n\n\n<figure class=\"wp-block-image size-large\"><img loading=\"lazy\" decoding=\"async\" width=\"800\" height=\"533\" data-id=\"15721\" src=\"https:\/\/diariotiempo.com.uy\/noticias\/wp-content\/uploads\/2024\/08\/controlador-dos.jpeg\" alt=\"\" class=\"wp-image-15721\" srcset=\"https:\/\/diariotiempo.com.uy\/noticias\/wp-content\/uploads\/2024\/08\/controlador-dos.jpeg 800w, https:\/\/diariotiempo.com.uy\/noticias\/wp-content\/uploads\/2024\/08\/controlador-dos-300x200.jpeg 300w, https:\/\/diariotiempo.com.uy\/noticias\/wp-content\/uploads\/2024\/08\/controlador-dos-768x512.jpeg 768w\" sizes=\"auto, (max-width: 800px) 100vw, 800px\" \/><\/figure>\n\n\n\n<figure class=\"wp-block-image size-large\"><img loading=\"lazy\" decoding=\"async\" width=\"900\" height=\"600\" data-id=\"15722\" src=\"https:\/\/diariotiempo.com.uy\/noticias\/wp-content\/uploads\/2024\/08\/controlador.jpeg\" alt=\"\" class=\"wp-image-15722\" srcset=\"https:\/\/diariotiempo.com.uy\/noticias\/wp-content\/uploads\/2024\/08\/controlador.jpeg 900w, https:\/\/diariotiempo.com.uy\/noticias\/wp-content\/uploads\/2024\/08\/controlador-300x200.jpeg 300w, https:\/\/diariotiempo.com.uy\/noticias\/wp-content\/uploads\/2024\/08\/controlador-768x512.jpeg 768w\" sizes=\"auto, (max-width: 900px) 100vw, 900px\" \/><\/figure>\n<\/figure>\n\n\n\n<p>La Intendencia de Canelones avanza con medidas de control y fiscalizaci\u00f3n de velocidad en el departamento, incluyendo la incorporaci\u00f3n de cuatro controladores de velocidad fijos en las zonas de Paso Carrasco y La Paz con el objetivo de mejorar la seguridad vial y la fluidez del tr\u00e1nsito.<\/p>\n\n\n\n<p>Despu\u00e9s de un per\u00edodo de 15 d\u00edas de prueba, durante el cual los conductores podr\u00e1n familiarizarse con la presencia de estos dispositivos, comenzar\u00e1 la fiscalizaci\u00f3n efectiva que se aplicar\u00e1 a partir del 2 de setiembre.<\/p>\n\n\n\n<p>En Paso Carrasco los dos nuevos controladores de velocidad est\u00e1n ubicados en el cruce de Wilson Ferreira Aldunate con Racine y en Wilson Ferreira Aldunate con Sersale.<\/p>\n\n\n\n<p>Los otros dos controladores se encuentran en las inmediaciones de La Paz y Las Piedras, espec\u00edficamente en la intersecci\u00f3n de Av. Artigas con De las Industrias y en la esquina de Tom\u00e1s Aldabalde con Pena, que presenta conflictividad en t\u00e9rminos de velocidad vehicular.<\/p>\n\n\n\n<p>Los cuatro puntos est\u00e1n adecuadamente identificados con se\u00f1alizaci\u00f3n vertical, indicando la velocidad m\u00e1xima permitida.<\/p>\n\n\n\n<p>Cambios en el l\u00edmite<\/p>\n\n\n\n<p>&nbsp;de velocidad<\/p>\n\n\n\n<p>El Director General de Tr\u00e1nsito y Transporte de la Intendencia, Alejandro Alberro, anunci\u00f3 adem\u00e1s que en Paso Carrasco el tramo de Wilson Ferreira Aldunate entre el puente de Carrasco y la Av. a la Playa tendr\u00e1 un aumento en la velocidad m\u00e1xima permitida pasando de 45 a 60 km\/h.<\/p>\n\n\n\n<p>Alberro agreg\u00f3 que este cambio se debe a mejoras en la infraestructura de la v\u00eda, incluyendo la incorporaci\u00f3n de dos auxiliares en Camino Carrasco y la actualizaci\u00f3n tecnol\u00f3gica de los sem\u00e1foros, que ahora ser\u00e1n controlados de manera remota mediante sensores, lo que permitir\u00e1 una mayor fluidez en el tr\u00e1nsito.<\/p>\n\n\n\n<p>El Director reiter\u00f3 que a partir del 2 de setiembre aquellos que no respeten las normativas ser\u00e1n susceptibles de sanci\u00f3n y destac\u00f3 que estos avances buscan optimizar la circulaci\u00f3n vial en la zona, mejorando tanto la seguridad como la eficienciadel tr\u00e1nsito.<\/p>\n","protected":false},"excerpt":{"rendered":"<p>La Intendencia de Canelones avanza con medidas de control y fiscalizaci\u00f3n de velocidad en el&#8230;<\/p>\n","protected":false},"author":1,"featured_media":15720,"comment_status":"closed","ping_status":"closed","sticky":false,"template":"","format":"standard","meta":{"_monsterinsights_skip_tracking":false,"_monsterinsights_sitenote_active":false,"_monsterinsights_sitenote_note":"","_monsterinsights_sitenote_category":0,"footnotes":""},"categories":[11],"tags":[],"class_list":["post-15719","post","type-post","status-publish","format-standard","has-post-thumbnail","hentry","category-noticia-destacada"],"featured_image_urls":{"full":["https:\/\/diariotiempo.com.uy\/noticias\/wp-content\/uploads\/2024\/08\/conrolador-interior.jpeg",800,533,false],"thumbnail":["https:\/\/diariotiempo.com.uy\/noticias\/wp-content\/uploads\/2024\/08\/conrolador-interior-150x150.jpeg",150,150,true],"medium":["https:\/\/diariotiempo.com.uy\/noticias\/wp-content\/uploads\/2024\/08\/conrolador-interior-300x200.jpeg",300,200,true],"medium_large":["https:\/\/diariotiempo.com.uy\/noticias\/wp-content\/uploads\/2024\/08\/conrolador-interior-768x512.jpeg",640,427,true],"large":["https:\/\/diariotiempo.com.uy\/noticias\/wp-content\/uploads\/2024\/08\/conrolador-interior.jpeg",640,426,false],"rpg_gallery_admin_thumb":["https:\/\/diariotiempo.com.uy\/noticias\/wp-content\/uploads\/2024\/08\/conrolador-interior-150x150.jpeg",150,150,true],"rpg_gallery_thumb":["https:\/\/diariotiempo.com.uy\/noticias\/wp-content\/uploads\/2024\/08\/conrolador-interior-150x150.jpeg",150,150,true],"1536x1536":["https:\/\/diariotiempo.com.uy\/noticias\/wp-content\/uploads\/2024\/08\/conrolador-interior.jpeg",800,533,false],"2048x2048":["https:\/\/diariotiempo.com.uy\/noticias\/wp-content\/uploads\/2024\/08\/conrolador-interior.jpeg",800,533,false],"covernews-slider-full":["https:\/\/diariotiempo.com.uy\/noticias\/wp-content\/uploads\/2024\/08\/conrolador-interior.jpeg",800,533,false],"covernews-slider-center":["https:\/\/diariotiempo.com.uy\/noticias\/wp-content\/uploads\/2024\/08\/conrolador-interior-800x500.jpeg",800,500,true],"covernews-featured":["https:\/\/diariotiempo.com.uy\/noticias\/wp-content\/uploads\/2024\/08\/conrolador-interior.jpeg",800,533,false],"covernews-medium":["https:\/\/diariotiempo.com.uy\/noticias\/wp-content\/uploads\/2024\/08\/conrolador-interior-540x340.jpeg",540,340,true],"covernews-medium-square":["https:\/\/diariotiempo.com.uy\/noticias\/wp-content\/uploads\/2024\/08\/conrolador-interior-400x250.jpeg",400,250,true]},"author_info":{"display_name":"diario","author_link":"https:\/\/diariotiempo.com.uy\/noticias\/author\/diario\/"},"category_info":"<a href=\"https:\/\/diariotiempo.com.uy\/noticias\/category\/noticia-destacada\/\" rel=\"category tag\">NOTICIA DESTACADA<\/a>","tag_info":"NOTICIA DESTACADA","comment_count":"0","_links":{"self":[{"href":"https:\/\/diariotiempo.com.uy\/noticias\/wp-json\/wp\/v2\/posts\/15719","targetHints":{"allow":["GET"]}}],"collection":[{"href":"https:\/\/diariotiempo.com.uy\/noticias\/wp-json\/wp\/v2\/posts"}],"about":[{"href":"https:\/\/diariotiempo.com.uy\/noticias\/wp-json\/wp\/v2\/types\/post"}],"author":[{"embeddable":true,"href":"https:\/\/diariotiempo.com.uy\/noticias\/wp-json\/wp\/v2\/users\/1"}],"replies":[{"embeddable":true,"href":"https:\/\/diariotiempo.com.uy\/noticias\/wp-json\/wp\/v2\/comments?post=15719"}],"version-history":[{"count":1,"href":"https:\/\/diariotiempo.com.uy\/noticias\/wp-json\/wp\/v2\/posts\/15719\/revisions"}],"predecessor-version":[{"id":15723,"href":"https:\/\/diariotiempo.com.uy\/noticias\/wp-json\/wp\/v2\/posts\/15719\/revisions\/15723"}],"wp:featuredmedia":[{"embeddable":true,"href":"https:\/\/diariotiempo.com.uy\/noticias\/wp-json\/wp\/v2\/media\/15720"}],"wp:attachment":[{"href":"https:\/\/diariotiempo.com.uy\/noticias\/wp-json\/wp\/v2\/media?parent=15719"}],"wp:term":[{"taxonomy":"category","embeddable":true,"href":"https:\/\/diariotiempo.com.uy\/noticias\/wp-json\/wp\/v2\/categories?post=15719"},{"taxonomy":"post_tag","embeddable":true,"href":"https:\/\/diariotiempo.com.uy\/noticias\/wp-json\/wp\/v2\/tags?post=15719"}],"curies":[{"name":"wp","href":"https:\/\/api.w.org\/{rel}","templated":true}]}}