{"id":15810,"date":"2024-08-23T14:48:26","date_gmt":"2024-08-23T14:48:26","guid":{"rendered":"https:\/\/diariotiempo.com.uy\/noticias\/?p=15810"},"modified":"2024-08-23T14:48:27","modified_gmt":"2024-08-23T14:48:27","slug":"fue-presentado-el-cuerpo-tecnico-de-la-seleccion-sub-20-de-la-lliga-de-futbol-regional-del-este","status":"publish","type":"post","link":"https:\/\/diariotiempo.com.uy\/noticias\/2024\/08\/23\/fue-presentado-el-cuerpo-tecnico-de-la-seleccion-sub-20-de-la-lliga-de-futbol-regional-del-este\/","title":{"rendered":"Fue presentado el cuerpo t\u00e9cnico de la Selecci\u00f3n Sub 20 de la Lliga de F\u00fatbol Regional del Este"},"content":{"rendered":"\n<figure class=\"wp-block-image size-full\"><img loading=\"lazy\" decoding=\"async\" width=\"526\" height=\"526\" src=\"https:\/\/diariotiempo.com.uy\/noticias\/wp-content\/uploads\/2024\/08\/seleccion-tecnicos.jpg\" alt=\"\" class=\"wp-image-15811\" srcset=\"https:\/\/diariotiempo.com.uy\/noticias\/wp-content\/uploads\/2024\/08\/seleccion-tecnicos.jpg 526w, https:\/\/diariotiempo.com.uy\/noticias\/wp-content\/uploads\/2024\/08\/seleccion-tecnicos-300x300.jpg 300w, https:\/\/diariotiempo.com.uy\/noticias\/wp-content\/uploads\/2024\/08\/seleccion-tecnicos-150x150.jpg 150w\" sizes=\"auto, (max-width: 526px) 100vw, 526px\" \/><\/figure>\n\n\n\n<p>Este lunes en la reuni\u00f3n semanal de clubes se realiz\u00f3 la presentaci\u00f3n oficial del cuerpo t\u00e9cnico que va a estar al frente de la primer Selecci\u00f3n Sub 20 de la Liga Regional del Este qu\u00e9 va a disputar la primera edici\u00f3n de la Copa Nacional de Selecciones OFI de esta categor\u00eda.<\/p>\n\n\n\n<p>Pablo Pintos es el designado como Director T\u00e9cnico, quien a trav\u00e9s de su Club Tucanes y desde que el club forma parte de nuestra Liga &nbsp;viene trabajando muy bien a\u00f1o a a\u00f1o en sus formativas, donde incluso recientemente logr\u00f3 consagrarse Campe\u00f3n del Clasificatorio dirigiendo esta Categor\u00eda Sub 20.<\/p>\n\n\n\n<p>Su cuerpo t\u00e9cnico estar\u00e1 compuesto de la siguiente manera:<\/p>\n\n\n\n<p>&#8211; PREPARADOR &nbsp;F\u00cdSICO: Richard Pintos<\/p>\n\n\n\n<p>&#8211; ENTRENADOR DE ARQUERO: Richard Borches<\/p>\n\n\n\n<p>&#8211; AYUDANTES DE CAMPO: Federico Mart\u00ednez y Fernando Olivera<\/p>\n\n\n\n<p>&#8211; KINESIOLOGO: Mario Alvez<\/p>\n\n\n\n<p>-COORDINADORES: Elbio Cejas y Alejandro Pires.<\/p>\n\n\n\n<p>El primer entrenamiento y si el tiempo acompa\u00f1a ser\u00e1 este S\u00e1bado 24 en el Complejo Aviaci\u00f3n, cancha de Tucanes.<\/p>\n\n\n\n<p>El torneo est\u00e1 previsto que comience el \u00faltimo fin de semana de Setiembre y la primera fase ser\u00e1n series que se van a disputar en Sedes Fijas.<\/p>\n\n\n\n<p>Futente Liga F.R.E.<\/p>\n","protected":false},"excerpt":{"rendered":"<p>Este lunes en la reuni\u00f3n semanal de clubes se realiz\u00f3 la presentaci\u00f3n oficial del cuerpo&#8230;<\/p>\n","protected":false},"author":1,"featured_media":15811,"comment_status":"closed","ping_status":"closed","sticky":false,"template":"","format":"standard","meta":{"_monsterinsights_skip_tracking":false,"_monsterinsights_sitenote_active":false,"_monsterinsights_sitenote_note":"","_monsterinsights_sitenote_category":0,"footnotes":""},"categories":[8],"tags":[],"class_list":["post-15810","post","type-post","status-publish","format-standard","has-post-thumbnail","hentry","category-deporte"],"featured_image_urls":{"full":["https:\/\/diariotiempo.com.uy\/noticias\/wp-content\/uploads\/2024\/08\/seleccion-tecnicos.jpg",526,526,false],"thumbnail":["https:\/\/diariotiempo.com.uy\/noticias\/wp-content\/uploads\/2024\/08\/seleccion-tecnicos-150x150.jpg",150,150,true],"medium":["https:\/\/diariotiempo.com.uy\/noticias\/wp-content\/uploads\/2024\/08\/seleccion-tecnicos-300x300.jpg",300,300,true],"medium_large":["https:\/\/diariotiempo.com.uy\/noticias\/wp-content\/uploads\/2024\/08\/seleccion-tecnicos.jpg",526,526,false],"large":["https:\/\/diariotiempo.com.uy\/noticias\/wp-content\/uploads\/2024\/08\/seleccion-tecnicos.jpg",526,526,false],"rpg_gallery_admin_thumb":["https:\/\/diariotiempo.com.uy\/noticias\/wp-content\/uploads\/2024\/08\/seleccion-tecnicos-150x150.jpg",150,150,true],"rpg_gallery_thumb":["https:\/\/diariotiempo.com.uy\/noticias\/wp-content\/uploads\/2024\/08\/seleccion-tecnicos-150x150.jpg",150,150,true],"1536x1536":["https:\/\/diariotiempo.com.uy\/noticias\/wp-content\/uploads\/2024\/08\/seleccion-tecnicos.jpg",526,526,false],"2048x2048":["https:\/\/diariotiempo.com.uy\/noticias\/wp-content\/uploads\/2024\/08\/seleccion-tecnicos.jpg",526,526,false],"covernews-slider-full":["https:\/\/diariotiempo.com.uy\/noticias\/wp-content\/uploads\/2024\/08\/seleccion-tecnicos.jpg",526,526,false],"covernews-slider-center":["https:\/\/diariotiempo.com.uy\/noticias\/wp-content\/uploads\/2024\/08\/seleccion-tecnicos-526x500.jpg",526,500,true],"covernews-featured":["https:\/\/diariotiempo.com.uy\/noticias\/wp-content\/uploads\/2024\/08\/seleccion-tecnicos.jpg",526,526,false],"covernews-medium":["https:\/\/diariotiempo.com.uy\/noticias\/wp-content\/uploads\/2024\/08\/seleccion-tecnicos-526x340.jpg",526,340,true],"covernews-medium-square":["https:\/\/diariotiempo.com.uy\/noticias\/wp-content\/uploads\/2024\/08\/seleccion-tecnicos-400x250.jpg",400,250,true]},"author_info":{"display_name":"diario","author_link":"https:\/\/diariotiempo.com.uy\/noticias\/author\/diario\/"},"category_info":"<a href=\"https:\/\/diariotiempo.com.uy\/noticias\/category\/deporte\/\" rel=\"category tag\">DEPORTE<\/a>","tag_info":"DEPORTE","comment_count":"0","_links":{"self":[{"href":"https:\/\/diariotiempo.com.uy\/noticias\/wp-json\/wp\/v2\/posts\/15810","targetHints":{"allow":["GET"]}}],"collection":[{"href":"https:\/\/diariotiempo.com.uy\/noticias\/wp-json\/wp\/v2\/posts"}],"about":[{"href":"https:\/\/diariotiempo.com.uy\/noticias\/wp-json\/wp\/v2\/types\/post"}],"author":[{"embeddable":true,"href":"https:\/\/diariotiempo.com.uy\/noticias\/wp-json\/wp\/v2\/users\/1"}],"replies":[{"embeddable":true,"href":"https:\/\/diariotiempo.com.uy\/noticias\/wp-json\/wp\/v2\/comments?post=15810"}],"version-history":[{"count":1,"href":"https:\/\/diariotiempo.com.uy\/noticias\/wp-json\/wp\/v2\/posts\/15810\/revisions"}],"predecessor-version":[{"id":15812,"href":"https:\/\/diariotiempo.com.uy\/noticias\/wp-json\/wp\/v2\/posts\/15810\/revisions\/15812"}],"wp:featuredmedia":[{"embeddable":true,"href":"https:\/\/diariotiempo.com.uy\/noticias\/wp-json\/wp\/v2\/media\/15811"}],"wp:attachment":[{"href":"https:\/\/diariotiempo.com.uy\/noticias\/wp-json\/wp\/v2\/media?parent=15810"}],"wp:term":[{"taxonomy":"category","embeddable":true,"href":"https:\/\/diariotiempo.com.uy\/noticias\/wp-json\/wp\/v2\/categories?post=15810"},{"taxonomy":"post_tag","embeddable":true,"href":"https:\/\/diariotiempo.com.uy\/noticias\/wp-json\/wp\/v2\/tags?post=15810"}],"curies":[{"name":"wp","href":"https:\/\/api.w.org\/{rel}","templated":true}]}}