{"id":15867,"date":"2024-08-30T16:13:12","date_gmt":"2024-08-30T16:13:12","guid":{"rendered":"https:\/\/diariotiempo.com.uy\/noticias\/?p=15867"},"modified":"2024-08-30T16:13:13","modified_gmt":"2024-08-30T16:13:13","slug":"dr-javier-deana-asumio-como-presidente-de-la-fundacion-todos-por-pando","status":"publish","type":"post","link":"https:\/\/diariotiempo.com.uy\/noticias\/2024\/08\/30\/dr-javier-deana-asumio-como-presidente-de-la-fundacion-todos-por-pando\/","title":{"rendered":"Dr. Javier Deana asumi\u00f3 como presidente\u00a0de la Fundaci\u00f3n \u00abTodos por Pando\u00bb"},"content":{"rendered":"\n<figure class=\"wp-block-image size-full\"><img loading=\"lazy\" decoding=\"async\" width=\"540\" height=\"615\" src=\"https:\/\/diariotiempo.com.uy\/noticias\/wp-content\/uploads\/2024\/08\/deana.jpg\" alt=\"\" class=\"wp-image-15868\" srcset=\"https:\/\/diariotiempo.com.uy\/noticias\/wp-content\/uploads\/2024\/08\/deana.jpg 540w, https:\/\/diariotiempo.com.uy\/noticias\/wp-content\/uploads\/2024\/08\/deana-263x300.jpg 263w\" sizes=\"auto, (max-width: 540px) 100vw, 540px\" \/><\/figure>\n\n\n\n<p>En la noche del mi\u00e9rcoles 28 de agosto en las instalaciones de la C\u00e1mara Comercial de Pando, la Fundaci\u00f3n Todos por Pando, realiz\u00f3 su primer cambio de autoridades, luego de su nacimiento en agosto del a\u00f1o 2020<\/p>\n\n\n\n<p>Asumiendo la presidencia de la fundaci\u00f3n el Dr. Javier Deana, luego de cuatro a\u00f1os presidida por Jorge Tellechea.<\/p>\n\n\n\n<p>Al inicio de la oratoria se agradeci\u00f3 a las empresas que acompa\u00f1aron a la fundaci\u00f3n desde el comienzo y permitieron llevar adelante las obras y &nbsp;trabajos realizados, agradeciendo adem\u00e1s a los sponsors que permitieron la publicaci\u00f3n del libro Historias de Pando.<\/p>\n\n\n\n<p>Tellechea realiz\u00f3 un repaso de los cuatro<\/p>\n\n\n\n<p>a\u00f1os de trabajo de la fundaci\u00f3n, la cual naci\u00f3 partiendo de una charla entre amigos en enero de 2020, y siendo fundada el 5 de agosto del mismo a\u00f1o, fecha elegida por cumplirse 100 a\u00f1os de la declaraci\u00f3n de Pando como ciudad, recordando que la fundaci\u00f3n se realiz\u00f3 tambi\u00e9n en la c\u00e1mara comercial, solo con la presencia de sus integrantes y con difusi\u00f3n en redes sociales debido a la pandemia.<\/p>\n\n\n\n<p>Tellechea destac\u00f3 especialmente el libro Historias de Pando al cual destac\u00f3 como la \u00abprimer gran obra\u00bb, libro que dijo \u00ab1000 pandenses participaron de su elaboraci\u00f3n, 600 de ellos, alumnos y maestras&#8230;\u00bb, habiendo sido regalados 4500 ejemplares,ingresado a la Biblioteca Nacional, &nbsp;impresa la cuarta entrega para el a\u00f1o que viene, y comprometidos a por lo menos a dos entregas m\u00e1s.<\/p>\n\n\n\n<p>El Dr. Deana expres\u00f3 que asume la presidencia por as\u00ed realmente quererlo, siendo \u00ab&#8230;un honor, es parte de la formaci\u00f3n personal, fundamentalmente es una forma de devolver a Pando todo lo que me ha dado &nbsp;y me sigue dando&#8230;\u00bb En el mismo momento del cambio de mando dijo comenzar su primer tarea por lo cual cont\u00f3 que el Jard\u00edn 222 cumple este a\u00f1o 50 a\u00f1os necesitando culminar con su reforma para lo cual ese d\u00eda ya se pod\u00edan adquirir pegotines donativos para poder cumplir con dicha obra.<\/p>\n","protected":false},"excerpt":{"rendered":"<p>En la noche del mi\u00e9rcoles 28 de agosto en las instalaciones de la C\u00e1mara Comercial&#8230;<\/p>\n","protected":false},"author":1,"featured_media":15868,"comment_status":"closed","ping_status":"closed","sticky":false,"template":"","format":"standard","meta":{"_monsterinsights_skip_tracking":false,"_monsterinsights_sitenote_active":false,"_monsterinsights_sitenote_note":"","_monsterinsights_sitenote_category":0,"footnotes":""},"categories":[11],"tags":[],"class_list":["post-15867","post","type-post","status-publish","format-standard","has-post-thumbnail","hentry","category-noticia-destacada"],"featured_image_urls":{"full":["https:\/\/diariotiempo.com.uy\/noticias\/wp-content\/uploads\/2024\/08\/deana.jpg",540,615,false],"thumbnail":["https:\/\/diariotiempo.com.uy\/noticias\/wp-content\/uploads\/2024\/08\/deana-150x150.jpg",150,150,true],"medium":["https:\/\/diariotiempo.com.uy\/noticias\/wp-content\/uploads\/2024\/08\/deana-263x300.jpg",263,300,true],"medium_large":["https:\/\/diariotiempo.com.uy\/noticias\/wp-content\/uploads\/2024\/08\/deana.jpg",540,615,false],"large":["https:\/\/diariotiempo.com.uy\/noticias\/wp-content\/uploads\/2024\/08\/deana.jpg",540,615,false],"rpg_gallery_admin_thumb":["https:\/\/diariotiempo.com.uy\/noticias\/wp-content\/uploads\/2024\/08\/deana-150x150.jpg",150,150,true],"rpg_gallery_thumb":["https:\/\/diariotiempo.com.uy\/noticias\/wp-content\/uploads\/2024\/08\/deana-150x150.jpg",150,150,true],"1536x1536":["https:\/\/diariotiempo.com.uy\/noticias\/wp-content\/uploads\/2024\/08\/deana.jpg",540,615,false],"2048x2048":["https:\/\/diariotiempo.com.uy\/noticias\/wp-content\/uploads\/2024\/08\/deana.jpg",540,615,false],"covernews-slider-full":["https:\/\/diariotiempo.com.uy\/noticias\/wp-content\/uploads\/2024\/08\/deana.jpg",540,615,false],"covernews-slider-center":["https:\/\/diariotiempo.com.uy\/noticias\/wp-content\/uploads\/2024\/08\/deana-540x500.jpg",540,500,true],"covernews-featured":["https:\/\/diariotiempo.com.uy\/noticias\/wp-content\/uploads\/2024\/08\/deana.jpg",540,615,false],"covernews-medium":["https:\/\/diariotiempo.com.uy\/noticias\/wp-content\/uploads\/2024\/08\/deana-540x340.jpg",540,340,true],"covernews-medium-square":["https:\/\/diariotiempo.com.uy\/noticias\/wp-content\/uploads\/2024\/08\/deana-400x250.jpg",400,250,true]},"author_info":{"display_name":"diario","author_link":"https:\/\/diariotiempo.com.uy\/noticias\/author\/diario\/"},"category_info":"<a href=\"https:\/\/diariotiempo.com.uy\/noticias\/category\/noticia-destacada\/\" rel=\"category tag\">NOTICIA DESTACADA<\/a>","tag_info":"NOTICIA DESTACADA","comment_count":"0","_links":{"self":[{"href":"https:\/\/diariotiempo.com.uy\/noticias\/wp-json\/wp\/v2\/posts\/15867","targetHints":{"allow":["GET"]}}],"collection":[{"href":"https:\/\/diariotiempo.com.uy\/noticias\/wp-json\/wp\/v2\/posts"}],"about":[{"href":"https:\/\/diariotiempo.com.uy\/noticias\/wp-json\/wp\/v2\/types\/post"}],"author":[{"embeddable":true,"href":"https:\/\/diariotiempo.com.uy\/noticias\/wp-json\/wp\/v2\/users\/1"}],"replies":[{"embeddable":true,"href":"https:\/\/diariotiempo.com.uy\/noticias\/wp-json\/wp\/v2\/comments?post=15867"}],"version-history":[{"count":1,"href":"https:\/\/diariotiempo.com.uy\/noticias\/wp-json\/wp\/v2\/posts\/15867\/revisions"}],"predecessor-version":[{"id":15869,"href":"https:\/\/diariotiempo.com.uy\/noticias\/wp-json\/wp\/v2\/posts\/15867\/revisions\/15869"}],"wp:featuredmedia":[{"embeddable":true,"href":"https:\/\/diariotiempo.com.uy\/noticias\/wp-json\/wp\/v2\/media\/15868"}],"wp:attachment":[{"href":"https:\/\/diariotiempo.com.uy\/noticias\/wp-json\/wp\/v2\/media?parent=15867"}],"wp:term":[{"taxonomy":"category","embeddable":true,"href":"https:\/\/diariotiempo.com.uy\/noticias\/wp-json\/wp\/v2\/categories?post=15867"},{"taxonomy":"post_tag","embeddable":true,"href":"https:\/\/diariotiempo.com.uy\/noticias\/wp-json\/wp\/v2\/tags?post=15867"}],"curies":[{"name":"wp","href":"https:\/\/api.w.org\/{rel}","templated":true}]}}