{"id":15870,"date":"2024-08-30T16:14:22","date_gmt":"2024-08-30T16:14:22","guid":{"rendered":"https:\/\/diariotiempo.com.uy\/noticias\/?p=15870"},"modified":"2024-08-30T16:14:23","modified_gmt":"2024-08-30T16:14:23","slug":"dia-de-pando-y-cciap-invitan-a-participar-de-concurso-de-vidrieras","status":"publish","type":"post","link":"https:\/\/diariotiempo.com.uy\/noticias\/2024\/08\/30\/dia-de-pando-y-cciap-invitan-a-participar-de-concurso-de-vidrieras\/","title":{"rendered":"Dia de Pando y CCIAP invitan a participar \u00a0de concurso de vidrieras"},"content":{"rendered":"\n<figure class=\"wp-block-image aligncenter size-full\"><img loading=\"lazy\" decoding=\"async\" width=\"800\" height=\"800\" src=\"https:\/\/diariotiempo.com.uy\/noticias\/wp-content\/uploads\/2024\/08\/primavera.jpg\" alt=\"\" class=\"wp-image-15871\" srcset=\"https:\/\/diariotiempo.com.uy\/noticias\/wp-content\/uploads\/2024\/08\/primavera.jpg 800w, https:\/\/diariotiempo.com.uy\/noticias\/wp-content\/uploads\/2024\/08\/primavera-300x300.jpg 300w, https:\/\/diariotiempo.com.uy\/noticias\/wp-content\/uploads\/2024\/08\/primavera-150x150.jpg 150w, https:\/\/diariotiempo.com.uy\/noticias\/wp-content\/uploads\/2024\/08\/primavera-768x768.jpg 768w\" sizes=\"auto, (max-width: 800px) 100vw, 800px\" \/><\/figure>\n\n\n\n<p>El D\u00eda de Pando y la CCIAP invitan a todos los comercios de Pando a participar de este concurso.<\/p>\n\n\n\n<p>\u00bfC\u00f3mo puede participar un comercio en el concurso de vidrieras de Pando? ??<\/p>\n\n\n\n<p>1Participaci\u00f3n: Todos los comercios de la ciudad de Pando est\u00e1n invitados a participar. \u00a1No te quedes afuera!<\/p>\n\n\n\n<p>2 Inscripci\u00f3n: Reg\u00edstrate antes del 7 de setiembre en este enlace: https:\/\/forms.gle\/tT3JMmRMKiJbNe3o8 \u00a1Es r\u00e1pido y f\u00e1cil!<\/p>\n\n\n\n<p>3Consigna: Decorar tu vidriera de manera creativa, colorida y original, destacando tu mercanc\u00eda y el esp\u00edritu de la primavera. \u00a1Aseg\u00farate de que tu vidriera est\u00e9 lista antes del 10 de setiembre!<\/p>\n\n\n\n<p>4Env\u00edo de fotos: Antes del 10 de setiembre, env\u00eda fotos de tu vidriera decorada al ?? 097 477 050. Las fotos ser\u00e1n publicadas en las redes sociales del D\u00eda de Pando en el orden en que las recibamos.<\/p>\n\n\n\n<p>5Difusi\u00f3n al p\u00fablico: A partir del 16 de setiembre comenzaremos a difundir el concurso al p\u00fablico en general. \u00a1Que todos conozcan tu incre\u00edble vidriera!<\/p>\n\n\n\n<p>6Cierre del concurso: El 22 de setiembre. Luego sabremos quien es el comercio ganador.<\/p>\n\n\n\n<p>7 Promoci\u00f3n: Entre el 16 y el 21 de setiembre, incentiv\u00e1 a tus clientes y seguidores a votar y compartir las publicaciones en Instagram. &nbsp;\u00a1La clave es el boca a boca digital!<\/p>\n\n\n\n<p>8 Ganador: La vidriera con m\u00e1s votos ser\u00e1 la ganadora.<\/p>\n\n\n\n<p>9 Premio: El comercio ganador recibir\u00e1 publicidad en todas las herramientas digitales del D\u00eda de Pando. \u00a1Una oportunidad \u00fanica para destacar tu negocio!<\/p>\n\n\n\n<p>\u00bfC\u00f3mo vota el p\u00fablico?<\/p>\n\n\n\n<p>A partir del 16 de setiembre, entrando al Instagram del D\u00eda de Pando, se podr\u00e1 votar por una o m\u00e1s vidrieras dando ME GUSTA ? a las publicaciones. \u00a1Cada \u00ablike\u00bb cuenta!<\/p>\n","protected":false},"excerpt":{"rendered":"<p>El D\u00eda de Pando y la CCIAP invitan a todos los comercios de Pando a&#8230;<\/p>\n","protected":false},"author":1,"featured_media":15871,"comment_status":"closed","ping_status":"closed","sticky":false,"template":"","format":"standard","meta":{"_monsterinsights_skip_tracking":false,"_monsterinsights_sitenote_active":false,"_monsterinsights_sitenote_note":"","_monsterinsights_sitenote_category":0,"footnotes":""},"categories":[19],"tags":[],"class_list":["post-15870","post","type-post","status-publish","format-standard","has-post-thumbnail","hentry","category-pando"],"featured_image_urls":{"full":["https:\/\/diariotiempo.com.uy\/noticias\/wp-content\/uploads\/2024\/08\/primavera.jpg",800,800,false],"thumbnail":["https:\/\/diariotiempo.com.uy\/noticias\/wp-content\/uploads\/2024\/08\/primavera-150x150.jpg",150,150,true],"medium":["https:\/\/diariotiempo.com.uy\/noticias\/wp-content\/uploads\/2024\/08\/primavera-300x300.jpg",300,300,true],"medium_large":["https:\/\/diariotiempo.com.uy\/noticias\/wp-content\/uploads\/2024\/08\/primavera-768x768.jpg",640,640,true],"large":["https:\/\/diariotiempo.com.uy\/noticias\/wp-content\/uploads\/2024\/08\/primavera.jpg",640,640,false],"rpg_gallery_admin_thumb":["https:\/\/diariotiempo.com.uy\/noticias\/wp-content\/uploads\/2024\/08\/primavera-150x150.jpg",150,150,true],"rpg_gallery_thumb":["https:\/\/diariotiempo.com.uy\/noticias\/wp-content\/uploads\/2024\/08\/primavera-150x150.jpg",150,150,true],"1536x1536":["https:\/\/diariotiempo.com.uy\/noticias\/wp-content\/uploads\/2024\/08\/primavera.jpg",800,800,false],"2048x2048":["https:\/\/diariotiempo.com.uy\/noticias\/wp-content\/uploads\/2024\/08\/primavera.jpg",800,800,false],"covernews-slider-full":["https:\/\/diariotiempo.com.uy\/noticias\/wp-content\/uploads\/2024\/08\/primavera-800x715.jpg",800,715,true],"covernews-slider-center":["https:\/\/diariotiempo.com.uy\/noticias\/wp-content\/uploads\/2024\/08\/primavera-800x500.jpg",800,500,true],"covernews-featured":["https:\/\/diariotiempo.com.uy\/noticias\/wp-content\/uploads\/2024\/08\/primavera.jpg",800,800,false],"covernews-medium":["https:\/\/diariotiempo.com.uy\/noticias\/wp-content\/uploads\/2024\/08\/primavera-540x340.jpg",540,340,true],"covernews-medium-square":["https:\/\/diariotiempo.com.uy\/noticias\/wp-content\/uploads\/2024\/08\/primavera-400x250.jpg",400,250,true]},"author_info":{"display_name":"diario","author_link":"https:\/\/diariotiempo.com.uy\/noticias\/author\/diario\/"},"category_info":"<a href=\"https:\/\/diariotiempo.com.uy\/noticias\/category\/departamental\/pando\/\" rel=\"category tag\">Pando<\/a>","tag_info":"Pando","comment_count":"0","_links":{"self":[{"href":"https:\/\/diariotiempo.com.uy\/noticias\/wp-json\/wp\/v2\/posts\/15870","targetHints":{"allow":["GET"]}}],"collection":[{"href":"https:\/\/diariotiempo.com.uy\/noticias\/wp-json\/wp\/v2\/posts"}],"about":[{"href":"https:\/\/diariotiempo.com.uy\/noticias\/wp-json\/wp\/v2\/types\/post"}],"author":[{"embeddable":true,"href":"https:\/\/diariotiempo.com.uy\/noticias\/wp-json\/wp\/v2\/users\/1"}],"replies":[{"embeddable":true,"href":"https:\/\/diariotiempo.com.uy\/noticias\/wp-json\/wp\/v2\/comments?post=15870"}],"version-history":[{"count":1,"href":"https:\/\/diariotiempo.com.uy\/noticias\/wp-json\/wp\/v2\/posts\/15870\/revisions"}],"predecessor-version":[{"id":15872,"href":"https:\/\/diariotiempo.com.uy\/noticias\/wp-json\/wp\/v2\/posts\/15870\/revisions\/15872"}],"wp:featuredmedia":[{"embeddable":true,"href":"https:\/\/diariotiempo.com.uy\/noticias\/wp-json\/wp\/v2\/media\/15871"}],"wp:attachment":[{"href":"https:\/\/diariotiempo.com.uy\/noticias\/wp-json\/wp\/v2\/media?parent=15870"}],"wp:term":[{"taxonomy":"category","embeddable":true,"href":"https:\/\/diariotiempo.com.uy\/noticias\/wp-json\/wp\/v2\/categories?post=15870"},{"taxonomy":"post_tag","embeddable":true,"href":"https:\/\/diariotiempo.com.uy\/noticias\/wp-json\/wp\/v2\/tags?post=15870"}],"curies":[{"name":"wp","href":"https:\/\/api.w.org\/{rel}","templated":true}]}}