{"id":15913,"date":"2024-09-02T15:41:43","date_gmt":"2024-09-02T15:41:43","guid":{"rendered":"https:\/\/diariotiempo.com.uy\/noticias\/?p=15913"},"modified":"2024-09-02T15:41:44","modified_gmt":"2024-09-02T15:41:44","slug":"intendencia-se-prepara-para-implementar-el-registrounico-nacional-de-alimentos-empresas-y-vehiculos","status":"publish","type":"post","link":"https:\/\/diariotiempo.com.uy\/noticias\/2024\/09\/02\/intendencia-se-prepara-para-implementar-el-registrounico-nacional-de-alimentos-empresas-y-vehiculos\/","title":{"rendered":"Intendencia se prepara para implementar el Registro\u00danico Nacional de Alimentos, Empresas y Veh\u00edculos"},"content":{"rendered":"\n<figure class=\"wp-block-image size-full\"><img loading=\"lazy\" decoding=\"async\" width=\"900\" height=\"675\" src=\"https:\/\/diariotiempo.com.uy\/noticias\/wp-content\/uploads\/2024\/09\/intendencia-tapa.jpg\" alt=\"\" class=\"wp-image-15914\" srcset=\"https:\/\/diariotiempo.com.uy\/noticias\/wp-content\/uploads\/2024\/09\/intendencia-tapa.jpg 900w, https:\/\/diariotiempo.com.uy\/noticias\/wp-content\/uploads\/2024\/09\/intendencia-tapa-300x225.jpg 300w, https:\/\/diariotiempo.com.uy\/noticias\/wp-content\/uploads\/2024\/09\/intendencia-tapa-768x576.jpg 768w\" sizes=\"auto, (max-width: 900px) 100vw, 900px\" \/><\/figure>\n\n\n\n<p>La Intendencia de Canelones es sede de la capacitaci\u00f3n regional en el uso del software que utilizar\u00e1 el Registro \u00danico Nacional de Alimentos, Empresas y Veh\u00edculos (RUNAEV), que se pondr\u00e1 en funcionamiento en los pr\u00f3ximos meses. Este registro agilizar\u00e1 los tr\u00e1mites para la habilitaci\u00f3n de locales, productos y veh\u00edculos y les brindar\u00e1 m\u00e1s garant\u00edas a los consumidores.<\/p>\n\n\n\n<p>Luego de alcanzar un acuerdo hist\u00f3rico el Congreso de Intendentes, a trav\u00e9s de los 19 gobiernos departamentales, es el responsable de la gesti\u00f3n del registro y cumple con diversas instancias preparatorias para su implementaci\u00f3n.<\/p>\n\n\n\n<p>El RUNAEV permitir\u00e1 unificar los procedimientos bromatol\u00f3gicos de las 19 intendencias, para la habilitaci\u00f3n de diferentes emprendimientos y productos, convirti\u00e9ndolos en un \u00fanico registro a nivel nacional, v\u00e1lido en todos los departamentos.<\/p>\n\n\n\n<p>El Director de Contralor de la Intendencia de Canelones, Luis Garrido, destac\u00f3 la importancia de esta unificaci\u00f3n a nivel nacional que facilitar\u00e1 las habilitaciones cruzadas y permitir\u00e1 que las empresas y los veh\u00edculos no tengan que hacer un registro en cada uno de los departamentos.<\/p>\n\n\n\n<p>Adem\u00e1s, se\u00f1al\u00f3 que el RUNAEV unificar\u00e1 normativas, criterios de trabajo, documentaci\u00f3n y garant\u00edas t\u00e9cnicas rec\u00edprocas para los departamentos, que le brindar\u00e1 al consumidor la seguridad de que los productos que llegan a una g\u00f3ndola de supermercado o a al almac\u00e9n, tengan todas las garant\u00edas de inocuidad y de salubridad para el consumo.<\/p>\n\n\n\n<p>Sobre las capacitaciones<\/p>\n\n\n\n<p>En la Sala Lumiere de la capital departamental, con presencia del Intendente de Canelones, Marcelo Metediera, se desarrollaron varias instancias de capacitaci\u00f3n a los funcionarios de Contralor sobre el manejo del software del RUNAEV, dirigida a funcionarios de Canelones, Montevideo, Durazno y Florida.<\/p>\n\n\n\n<p>Garrido adelant\u00f3 que en los pr\u00f3ximos d\u00edas se estar\u00e1n realizando de formaci\u00f3n a los funcionarios que van a estar en la orientaci\u00f3n, la ayuda y el acompa\u00f1amiento de las empresas que dependen de las \u00e1reas de Desarrollo Econ\u00f3mico y a los t\u00e9cnicos de las empresas que est\u00e1n vinculadas con el sector.<\/p>\n\n\n\n<p>A su vez, se conformaron grupos con referentes de las intendencias y de las \u00e1reas vinculadas que se encuentran trabajando en los aspectos a desarrollar del RUNAEV, llevando adelante un proceso colaborativo que permita aplicar los cambios en la normativa de manera r\u00e1pida y eficiente.<\/p>\n","protected":false},"excerpt":{"rendered":"<p>La Intendencia de Canelones es sede de la capacitaci\u00f3n regional en el uso del software&#8230;<\/p>\n","protected":false},"author":1,"featured_media":15914,"comment_status":"closed","ping_status":"closed","sticky":false,"template":"","format":"standard","meta":{"_monsterinsights_skip_tracking":false,"_monsterinsights_sitenote_active":false,"_monsterinsights_sitenote_note":"","_monsterinsights_sitenote_category":0,"footnotes":""},"categories":[11],"tags":[],"class_list":["post-15913","post","type-post","status-publish","format-standard","has-post-thumbnail","hentry","category-noticia-destacada"],"featured_image_urls":{"full":["https:\/\/diariotiempo.com.uy\/noticias\/wp-content\/uploads\/2024\/09\/intendencia-tapa.jpg",900,675,false],"thumbnail":["https:\/\/diariotiempo.com.uy\/noticias\/wp-content\/uploads\/2024\/09\/intendencia-tapa-150x150.jpg",150,150,true],"medium":["https:\/\/diariotiempo.com.uy\/noticias\/wp-content\/uploads\/2024\/09\/intendencia-tapa-300x225.jpg",300,225,true],"medium_large":["https:\/\/diariotiempo.com.uy\/noticias\/wp-content\/uploads\/2024\/09\/intendencia-tapa-768x576.jpg",640,480,true],"large":["https:\/\/diariotiempo.com.uy\/noticias\/wp-content\/uploads\/2024\/09\/intendencia-tapa.jpg",640,480,false],"rpg_gallery_admin_thumb":["https:\/\/diariotiempo.com.uy\/noticias\/wp-content\/uploads\/2024\/09\/intendencia-tapa-150x150.jpg",150,150,true],"rpg_gallery_thumb":["https:\/\/diariotiempo.com.uy\/noticias\/wp-content\/uploads\/2024\/09\/intendencia-tapa-150x150.jpg",150,150,true],"1536x1536":["https:\/\/diariotiempo.com.uy\/noticias\/wp-content\/uploads\/2024\/09\/intendencia-tapa.jpg",900,675,false],"2048x2048":["https:\/\/diariotiempo.com.uy\/noticias\/wp-content\/uploads\/2024\/09\/intendencia-tapa.jpg",900,675,false],"covernews-slider-full":["https:\/\/diariotiempo.com.uy\/noticias\/wp-content\/uploads\/2024\/09\/intendencia-tapa.jpg",900,675,false],"covernews-slider-center":["https:\/\/diariotiempo.com.uy\/noticias\/wp-content\/uploads\/2024\/09\/intendencia-tapa-800x500.jpg",800,500,true],"covernews-featured":["https:\/\/diariotiempo.com.uy\/noticias\/wp-content\/uploads\/2024\/09\/intendencia-tapa.jpg",900,675,false],"covernews-medium":["https:\/\/diariotiempo.com.uy\/noticias\/wp-content\/uploads\/2024\/09\/intendencia-tapa-540x340.jpg",540,340,true],"covernews-medium-square":["https:\/\/diariotiempo.com.uy\/noticias\/wp-content\/uploads\/2024\/09\/intendencia-tapa-400x250.jpg",400,250,true]},"author_info":{"display_name":"diario","author_link":"https:\/\/diariotiempo.com.uy\/noticias\/author\/diario\/"},"category_info":"<a href=\"https:\/\/diariotiempo.com.uy\/noticias\/category\/noticia-destacada\/\" rel=\"category tag\">NOTICIA DESTACADA<\/a>","tag_info":"NOTICIA DESTACADA","comment_count":"0","_links":{"self":[{"href":"https:\/\/diariotiempo.com.uy\/noticias\/wp-json\/wp\/v2\/posts\/15913","targetHints":{"allow":["GET"]}}],"collection":[{"href":"https:\/\/diariotiempo.com.uy\/noticias\/wp-json\/wp\/v2\/posts"}],"about":[{"href":"https:\/\/diariotiempo.com.uy\/noticias\/wp-json\/wp\/v2\/types\/post"}],"author":[{"embeddable":true,"href":"https:\/\/diariotiempo.com.uy\/noticias\/wp-json\/wp\/v2\/users\/1"}],"replies":[{"embeddable":true,"href":"https:\/\/diariotiempo.com.uy\/noticias\/wp-json\/wp\/v2\/comments?post=15913"}],"version-history":[{"count":1,"href":"https:\/\/diariotiempo.com.uy\/noticias\/wp-json\/wp\/v2\/posts\/15913\/revisions"}],"predecessor-version":[{"id":15915,"href":"https:\/\/diariotiempo.com.uy\/noticias\/wp-json\/wp\/v2\/posts\/15913\/revisions\/15915"}],"wp:featuredmedia":[{"embeddable":true,"href":"https:\/\/diariotiempo.com.uy\/noticias\/wp-json\/wp\/v2\/media\/15914"}],"wp:attachment":[{"href":"https:\/\/diariotiempo.com.uy\/noticias\/wp-json\/wp\/v2\/media?parent=15913"}],"wp:term":[{"taxonomy":"category","embeddable":true,"href":"https:\/\/diariotiempo.com.uy\/noticias\/wp-json\/wp\/v2\/categories?post=15913"},{"taxonomy":"post_tag","embeddable":true,"href":"https:\/\/diariotiempo.com.uy\/noticias\/wp-json\/wp\/v2\/tags?post=15913"}],"curies":[{"name":"wp","href":"https:\/\/api.w.org\/{rel}","templated":true}]}}