{"id":15937,"date":"2024-09-05T15:40:16","date_gmt":"2024-09-05T15:40:16","guid":{"rendered":"https:\/\/diariotiempo.com.uy\/noticias\/?p=15937"},"modified":"2024-09-05T15:40:17","modified_gmt":"2024-09-05T15:40:17","slug":"inauguraron-puerto-capurro-que-albergara-la-actividad-pesquera-en-montevideo","status":"publish","type":"post","link":"https:\/\/diariotiempo.com.uy\/noticias\/2024\/09\/05\/inauguraron-puerto-capurro-que-albergara-la-actividad-pesquera-en-montevideo\/","title":{"rendered":"Inauguraron puerto Capurro, que albergar\u00e1 la actividad pesquera en Montevideo\u00a0"},"content":{"rendered":"\n<figure class=\"wp-block-image aligncenter size-full\"><img loading=\"lazy\" decoding=\"async\" width=\"800\" height=\"532\" src=\"https:\/\/diariotiempo.com.uy\/noticias\/wp-content\/uploads\/2024\/09\/capurro.jpg\" alt=\"\" class=\"wp-image-15938\" srcset=\"https:\/\/diariotiempo.com.uy\/noticias\/wp-content\/uploads\/2024\/09\/capurro.jpg 800w, https:\/\/diariotiempo.com.uy\/noticias\/wp-content\/uploads\/2024\/09\/capurro-300x200.jpg 300w, https:\/\/diariotiempo.com.uy\/noticias\/wp-content\/uploads\/2024\/09\/capurro-768x511.jpg 768w\" sizes=\"auto, (max-width: 800px) 100vw, 800px\" \/><\/figure>\n\n\n\n<p>El presidente de la Rep\u00fablica, Luis Lacalle Pou, encabez\u00f3, este martes 3, la inauguraci\u00f3n del puerto Capurro, que albergar\u00e1 la actividad pesquera en Montevideo. La nueva infraestructura representa una inversi\u00f3n superior a los 110.000.000 de d\u00f3lares. El mandatario, adem\u00e1s, destac\u00f3 el inicio de los trabajos de dragado del canal de acceso a la terminal portuaria capitalina que, asegur\u00f3, \u00abvan a ser un antes y un despu\u00e9s\u201d.<\/p>\n\n\n\n<p>Acompa\u00f1aron a Lacalle Pou en la ceremonia el secretario de la Presidencia, Rodrigo Ferr\u00e9s; la prosecretaria, Mariana Cabrera; el ministro de Transporte y Obras P\u00fablicas, Jos\u00e9 Luis Falero, y el subsecretario, Juan Jos\u00e9 Olaizola; el ministro y subsecretario de Ganader\u00eda Agricultura y Pesca, Fernando Mattos y Juan Ignacio Buffa, respectivamente; el ministro de Vivienda y Ordenamiento Territorial, Ra\u00fal Lozano; el presidente de la Administraci\u00f3n Nacional de Puertos (ANP), Juan Curbelo, y el vicepresidente, Daniel Loureiro, entre otras autoridades nacionales.<\/p>\n\n\n\n<p>El mandatario destac\u00f3 el trabajo realizado en la Terminal Pesquera de Capurro durante esta administraci\u00f3n, y record\u00f3 que se retiraron los restos de 32 de los casi 50 barcos hundidos, con la finalidad de optimizar el espacio disponible.Asegur\u00f3 que el ordenamiento del puerto requiere de una organizaci\u00f3n legal y log\u00edstica. En este sentido, dijo que aprueba la &nbsp;gesti\u00f3n a realizarse en la terminal especializada de contenedores, mediante un contrato que establecer\u00e1 un canon, y la ampliaci\u00f3n del v\u00ednculo que generar\u00e1 m\u00e1s capacidad de movilidad.<\/p>\n\n\n\n<p>Finalmente, Lacalle Pou resalt\u00f3 el inicio de las obras de dragado en el canal de acceso, para llevarlo a 14 metros de profundidad, tras haber obtenido la conformidad del Gobierno argentino. Los trabajos se desarrollan mediante dragas p\u00fablicas, y se realizar\u00e1n contratos con privados. \u201cEso va a ser un antes y un despu\u00e9s\u201d, afirm\u00f3.<\/p>\n\n\n\n<p>Falero, por su parte, indic\u00f3 que la inauguraci\u00f3n del puerto Capurro y la reubicaci\u00f3n de la actividad del rubro pesquero ofrecen mayor comodidad a los trabajadores y permite descongestionar la terminal &nbsp;portuaria montevideana, en el marco de un reordenamiento del lugar.<\/p>\n\n\n\n<p>El puerto de Montevideo aumentar\u00e1 la capacidad de carga, consider\u00f3, y manifest\u00f3 que la generaci\u00f3n de espacios tambi\u00e9n beneficiar\u00e1 a otras terminales del pa\u00eds. \u201cNuestros puertos est\u00e1 llamados a ser puertos de referencia en la regi\u00f3n\u201d, afirm\u00f3 el ministro.Curbelo, en tanto, detall\u00f3 que los trabajos significaron una inversi\u00f3n superior a los 110.000.000 de d\u00f3lares, financiados \u00edntegramente por la ANP. Se le ganaron 25 hect\u00e1reas al r\u00edo, 20 de las cuales son propias del puerto, mientras que otras cinco estar\u00e1n destinadas a acciones de mejoramiento del barrio, se\u00f1al\u00f3.<\/p>\n\n\n\n<p>Adem\u00e1s, subray\u00f3 el respaldo del Gobierno al sector pesquero, manifestado a trav\u00e9s de la autoridad portuaria, y asegur\u00f3 que la obra representa su reivindicaci\u00f3n. En otro orden, dijo que se prev\u00e9 realizar diferentes contratos para que el puerto de Montevideo sea la principal terminal de su tipo en el R\u00edo de la Plata, a fin de que se constituya en un hub que reciba cargas de toda la regi\u00f3n, para generar m\u00e1s trabajo y desarrollo.<\/p>\n\n\n\n<p>Finalmente, inform\u00f3 que el puerto moviliza un 50% m\u00e1s de contenedores respecto a 2019, y registra ingresos superiores al 20%, respecto al mismo a\u00f1o. En este sentido, adelant\u00f3 que los tres esc\u00e1neres adquiridos para el control de mercader\u00edas, podr\u00e1n comenzar a funcionar el pr\u00f3ximo 2 de octubre.<\/p>\n\n\n\n<p>En la ocasi\u00f3n, Lacalle Pou matasell\u00f3 un sello alusivo a la inauguraci\u00f3n, junto a autoridades del Correo Uruguayo.<\/p>\n","protected":false},"excerpt":{"rendered":"<p>El presidente de la Rep\u00fablica, Luis Lacalle Pou, encabez\u00f3, este martes 3, la inauguraci\u00f3n del&#8230;<\/p>\n","protected":false},"author":1,"featured_media":15938,"comment_status":"closed","ping_status":"closed","sticky":false,"template":"","format":"standard","meta":{"_monsterinsights_skip_tracking":false,"_monsterinsights_sitenote_active":false,"_monsterinsights_sitenote_note":"","_monsterinsights_sitenote_category":0,"footnotes":""},"categories":[79],"tags":[],"class_list":["post-15937","post","type-post","status-publish","format-standard","has-post-thumbnail","hentry","category-nacionales"],"featured_image_urls":{"full":["https:\/\/diariotiempo.com.uy\/noticias\/wp-content\/uploads\/2024\/09\/capurro.jpg",800,532,false],"thumbnail":["https:\/\/diariotiempo.com.uy\/noticias\/wp-content\/uploads\/2024\/09\/capurro-150x150.jpg",150,150,true],"medium":["https:\/\/diariotiempo.com.uy\/noticias\/wp-content\/uploads\/2024\/09\/capurro-300x200.jpg",300,200,true],"medium_large":["https:\/\/diariotiempo.com.uy\/noticias\/wp-content\/uploads\/2024\/09\/capurro-768x511.jpg",640,426,true],"large":["https:\/\/diariotiempo.com.uy\/noticias\/wp-content\/uploads\/2024\/09\/capurro.jpg",640,426,false],"rpg_gallery_admin_thumb":["https:\/\/diariotiempo.com.uy\/noticias\/wp-content\/uploads\/2024\/09\/capurro-150x150.jpg",150,150,true],"rpg_gallery_thumb":["https:\/\/diariotiempo.com.uy\/noticias\/wp-content\/uploads\/2024\/09\/capurro-150x150.jpg",150,150,true],"1536x1536":["https:\/\/diariotiempo.com.uy\/noticias\/wp-content\/uploads\/2024\/09\/capurro.jpg",800,532,false],"2048x2048":["https:\/\/diariotiempo.com.uy\/noticias\/wp-content\/uploads\/2024\/09\/capurro.jpg",800,532,false],"covernews-slider-full":["https:\/\/diariotiempo.com.uy\/noticias\/wp-content\/uploads\/2024\/09\/capurro.jpg",800,532,false],"covernews-slider-center":["https:\/\/diariotiempo.com.uy\/noticias\/wp-content\/uploads\/2024\/09\/capurro-800x500.jpg",800,500,true],"covernews-featured":["https:\/\/diariotiempo.com.uy\/noticias\/wp-content\/uploads\/2024\/09\/capurro.jpg",800,532,false],"covernews-medium":["https:\/\/diariotiempo.com.uy\/noticias\/wp-content\/uploads\/2024\/09\/capurro-540x340.jpg",540,340,true],"covernews-medium-square":["https:\/\/diariotiempo.com.uy\/noticias\/wp-content\/uploads\/2024\/09\/capurro-400x250.jpg",400,250,true]},"author_info":{"display_name":"diario","author_link":"https:\/\/diariotiempo.com.uy\/noticias\/author\/diario\/"},"category_info":"<a href=\"https:\/\/diariotiempo.com.uy\/noticias\/category\/nacionales\/\" rel=\"category tag\">NACIONALES<\/a>","tag_info":"NACIONALES","comment_count":"0","_links":{"self":[{"href":"https:\/\/diariotiempo.com.uy\/noticias\/wp-json\/wp\/v2\/posts\/15937","targetHints":{"allow":["GET"]}}],"collection":[{"href":"https:\/\/diariotiempo.com.uy\/noticias\/wp-json\/wp\/v2\/posts"}],"about":[{"href":"https:\/\/diariotiempo.com.uy\/noticias\/wp-json\/wp\/v2\/types\/post"}],"author":[{"embeddable":true,"href":"https:\/\/diariotiempo.com.uy\/noticias\/wp-json\/wp\/v2\/users\/1"}],"replies":[{"embeddable":true,"href":"https:\/\/diariotiempo.com.uy\/noticias\/wp-json\/wp\/v2\/comments?post=15937"}],"version-history":[{"count":1,"href":"https:\/\/diariotiempo.com.uy\/noticias\/wp-json\/wp\/v2\/posts\/15937\/revisions"}],"predecessor-version":[{"id":15939,"href":"https:\/\/diariotiempo.com.uy\/noticias\/wp-json\/wp\/v2\/posts\/15937\/revisions\/15939"}],"wp:featuredmedia":[{"embeddable":true,"href":"https:\/\/diariotiempo.com.uy\/noticias\/wp-json\/wp\/v2\/media\/15938"}],"wp:attachment":[{"href":"https:\/\/diariotiempo.com.uy\/noticias\/wp-json\/wp\/v2\/media?parent=15937"}],"wp:term":[{"taxonomy":"category","embeddable":true,"href":"https:\/\/diariotiempo.com.uy\/noticias\/wp-json\/wp\/v2\/categories?post=15937"},{"taxonomy":"post_tag","embeddable":true,"href":"https:\/\/diariotiempo.com.uy\/noticias\/wp-json\/wp\/v2\/tags?post=15937"}],"curies":[{"name":"wp","href":"https:\/\/api.w.org\/{rel}","templated":true}]}}