{"id":15940,"date":"2024-09-05T15:41:04","date_gmt":"2024-09-05T15:41:04","guid":{"rendered":"https:\/\/diariotiempo.com.uy\/noticias\/?p=15940"},"modified":"2024-09-05T15:41:05","modified_gmt":"2024-09-05T15:41:05","slug":"politraumatizados-graves-al-chocar-su-moto-con-una-vaca","status":"publish","type":"post","link":"https:\/\/diariotiempo.com.uy\/noticias\/2024\/09\/05\/politraumatizados-graves-al-chocar-su-moto-con-una-vaca\/","title":{"rendered":"Politraumatizados graves\u00a0al chocar su moto con una vaca"},"content":{"rendered":"\n<p>De J.P.C. Dos motonetistas resultan lesionados al protagonizar un siniestro de tr\u00e1nsito en jurisdicci\u00f3n de la Seccional 6 Sauce.<\/p>\n\n\n\n<p>En momentos que la moto pilotada por un hombre de 21 a\u00f1os quien lleva como acompa\u00f1ante a una mujer de 30 a\u00f1os, circulan por Ruta 107 al llegar al Km 6 impactan contra un vacuno cayendo ambos al pavimento.<\/p>\n\n\n\n<p>Visto el conductor por personal m\u00e9dico \u201cpresenta politraumatismos varios\u201d, y a la mujer se le certific\u00f3 \u201cfractura expuesta en miembro superior derecho\u201d, pasando a ser asistidos en distintos Centros Asistenciales.<\/p>\n\n\n\n<p>Del procedimiento se encuentra a cargo el Fiscal de Turno.<\/p>\n","protected":false},"excerpt":{"rendered":"<p>De J.P.C. Dos motonetistas resultan lesionados al protagonizar un siniestro de tr\u00e1nsito en jurisdicci\u00f3n de&#8230;<\/p>\n","protected":false},"author":1,"featured_media":10433,"comment_status":"closed","ping_status":"closed","sticky":false,"template":"","format":"standard","meta":{"_monsterinsights_skip_tracking":false,"_monsterinsights_sitenote_active":false,"_monsterinsights_sitenote_note":"","_monsterinsights_sitenote_category":0,"footnotes":""},"categories":[6],"tags":[],"class_list":["post-15940","post","type-post","status-publish","format-standard","has-post-thumbnail","hentry","category-policial"],"featured_image_urls":{"full":["https:\/\/diariotiempo.com.uy\/noticias\/wp-content\/uploads\/2023\/04\/camioneta-poli.jpg",800,565,false],"thumbnail":["https:\/\/diariotiempo.com.uy\/noticias\/wp-content\/uploads\/2023\/04\/camioneta-poli-150x150.jpg",150,150,true],"medium":["https:\/\/diariotiempo.com.uy\/noticias\/wp-content\/uploads\/2023\/04\/camioneta-poli-300x212.jpg",300,212,true],"medium_large":["https:\/\/diariotiempo.com.uy\/noticias\/wp-content\/uploads\/2023\/04\/camioneta-poli-768x542.jpg",640,452,true],"large":["https:\/\/diariotiempo.com.uy\/noticias\/wp-content\/uploads\/2023\/04\/camioneta-poli.jpg",640,452,false],"rpg_gallery_admin_thumb":["https:\/\/diariotiempo.com.uy\/noticias\/wp-content\/uploads\/2023\/04\/camioneta-poli.jpg",150,106,false],"rpg_gallery_thumb":["https:\/\/diariotiempo.com.uy\/noticias\/wp-content\/uploads\/2023\/04\/camioneta-poli.jpg",150,106,false],"1536x1536":["https:\/\/diariotiempo.com.uy\/noticias\/wp-content\/uploads\/2023\/04\/camioneta-poli.jpg",800,565,false],"2048x2048":["https:\/\/diariotiempo.com.uy\/noticias\/wp-content\/uploads\/2023\/04\/camioneta-poli.jpg",800,565,false],"covernews-slider-full":["https:\/\/diariotiempo.com.uy\/noticias\/wp-content\/uploads\/2023\/04\/camioneta-poli.jpg",800,565,false],"covernews-slider-center":["https:\/\/diariotiempo.com.uy\/noticias\/wp-content\/uploads\/2023\/04\/camioneta-poli-800x500.jpg",800,500,true],"covernews-featured":["https:\/\/diariotiempo.com.uy\/noticias\/wp-content\/uploads\/2023\/04\/camioneta-poli.jpg",800,565,false],"covernews-medium":["https:\/\/diariotiempo.com.uy\/noticias\/wp-content\/uploads\/2023\/04\/camioneta-poli-540x340.jpg",540,340,true],"covernews-medium-square":["https:\/\/diariotiempo.com.uy\/noticias\/wp-content\/uploads\/2023\/04\/camioneta-poli-400x250.jpg",400,250,true]},"author_info":{"display_name":"diario","author_link":"https:\/\/diariotiempo.com.uy\/noticias\/author\/diario\/"},"category_info":"<a href=\"https:\/\/diariotiempo.com.uy\/noticias\/category\/policial\/\" rel=\"category tag\">POLICIAL<\/a>","tag_info":"POLICIAL","comment_count":"0","_links":{"self":[{"href":"https:\/\/diariotiempo.com.uy\/noticias\/wp-json\/wp\/v2\/posts\/15940","targetHints":{"allow":["GET"]}}],"collection":[{"href":"https:\/\/diariotiempo.com.uy\/noticias\/wp-json\/wp\/v2\/posts"}],"about":[{"href":"https:\/\/diariotiempo.com.uy\/noticias\/wp-json\/wp\/v2\/types\/post"}],"author":[{"embeddable":true,"href":"https:\/\/diariotiempo.com.uy\/noticias\/wp-json\/wp\/v2\/users\/1"}],"replies":[{"embeddable":true,"href":"https:\/\/diariotiempo.com.uy\/noticias\/wp-json\/wp\/v2\/comments?post=15940"}],"version-history":[{"count":1,"href":"https:\/\/diariotiempo.com.uy\/noticias\/wp-json\/wp\/v2\/posts\/15940\/revisions"}],"predecessor-version":[{"id":15941,"href":"https:\/\/diariotiempo.com.uy\/noticias\/wp-json\/wp\/v2\/posts\/15940\/revisions\/15941"}],"wp:featuredmedia":[{"embeddable":true,"href":"https:\/\/diariotiempo.com.uy\/noticias\/wp-json\/wp\/v2\/media\/10433"}],"wp:attachment":[{"href":"https:\/\/diariotiempo.com.uy\/noticias\/wp-json\/wp\/v2\/media?parent=15940"}],"wp:term":[{"taxonomy":"category","embeddable":true,"href":"https:\/\/diariotiempo.com.uy\/noticias\/wp-json\/wp\/v2\/categories?post=15940"},{"taxonomy":"post_tag","embeddable":true,"href":"https:\/\/diariotiempo.com.uy\/noticias\/wp-json\/wp\/v2\/tags?post=15940"}],"curies":[{"name":"wp","href":"https:\/\/api.w.org\/{rel}","templated":true}]}}