{"id":15948,"date":"2024-09-06T14:55:25","date_gmt":"2024-09-06T14:55:25","guid":{"rendered":"https:\/\/diariotiempo.com.uy\/noticias\/?p=15948"},"modified":"2024-09-06T14:55:26","modified_gmt":"2024-09-06T14:55:26","slug":"lanzamiento-de-la-septima-edicion-de-la-fiesta-de-la-chacra-que-se-celebrara-los-dias-21-y-22-de-setiembre","status":"publish","type":"post","link":"https:\/\/diariotiempo.com.uy\/noticias\/2024\/09\/06\/lanzamiento-de-la-septima-edicion-de-la-fiesta-de-la-chacra-que-se-celebrara-los-dias-21-y-22-de-setiembre\/","title":{"rendered":"Lanzamiento de la s\u00e9ptima edici\u00f3n de la Fiesta de la Chacra, que se celebrar\u00e1 los d\u00edas 21 y 22 de setiembre"},"content":{"rendered":"\n<figure class=\"wp-block-image size-large\"><img loading=\"lazy\" decoding=\"async\" width=\"1024\" height=\"536\" src=\"https:\/\/diariotiempo.com.uy\/noticias\/wp-content\/uploads\/2024\/09\/a-1024x536.jpg\" alt=\"\" class=\"wp-image-15949\" srcset=\"https:\/\/diariotiempo.com.uy\/noticias\/wp-content\/uploads\/2024\/09\/a-1024x536.jpg 1024w, https:\/\/diariotiempo.com.uy\/noticias\/wp-content\/uploads\/2024\/09\/a-300x157.jpg 300w, https:\/\/diariotiempo.com.uy\/noticias\/wp-content\/uploads\/2024\/09\/a-768x402.jpg 768w, https:\/\/diariotiempo.com.uy\/noticias\/wp-content\/uploads\/2024\/09\/a.jpg 1200w\" sizes=\"auto, (max-width: 1024px) 100vw, 1024px\" \/><\/figure>\n\n\n\n<p>En la explanada de la Intendencia de Canelones se realiz\u00f3 el lanzamiento de la s\u00e9ptima edici\u00f3n de la Fiesta de la Chacra, que se celebrar\u00e1 los d\u00edas 21 y 22 de setiembre en el Centro de Educaci\u00f3n Rural ubicado en Ruta 7 km 56.700, en San Jacinto. Adem\u00e1s, se entreg\u00f3 el reglamento de participaci\u00f3n y convivencia a las organizaciones rurales integrantes, en el marco del proyecto Fiesta y Museo de la Chacra.<\/p>\n\n\n\n<p>La Fiesta de la Chacra, concebida como un evento familiar al aire libre, busca rememorar las ra\u00edces culturales del departamento, destacando la importancia de la cultura chacarera. Durante ambos d\u00edas se llevar\u00e1n a cabo diversas actividades que incluir\u00e1n muestras gastron\u00f3micas, espect\u00e1culos musicales y representaciones culturales.<\/p>\n\n\n\n<p>En la ceremonia de lanzamiento participaron representantes de las organizaciones rurales participantes, alcaldes, autoridades departamentales y locales. El evento, en el que se presentaron comidas t\u00edpicas de la ruralidad y espect\u00e1culos art\u00edsticos, subray\u00f3 el compromiso de la Intendencia de Canelones con la promoci\u00f3n y preservaci\u00f3n de las tradiciones rurales del departamento, ofreciendo un espacio de encuentro para la comunidad.<\/p>\n\n\n\n<p>El Intendente de Canelones, Marcelo Metediera, quien encabez\u00f3 el lanzamiento, enfatiz\u00f3 la importancia del reglamento de convivencia, desarrollado en colaboraci\u00f3n con las asociaciones rurales que participan en la fiesta. Este documento busca asegurar que la esencia del evento se preserve a lo largo del tiempo, siendo su implementaci\u00f3n clave para garantizar que la identidad cultural y social que representa la Fiesta de la Chacra perdure.<\/p>\n\n\n\n<p>Metediera destac\u00f3 que la Fiesta de la Chacra no solo celebra la identidad canaria, sino que tambi\u00e9n sirve como una plataforma para mostrar la producci\u00f3n local de Canelones. Se\u00f1al\u00f3 que, con la excepci\u00f3n del arroz, el departamento produce todos los alimentos consumidos en el pa\u00eds y que poner en valor esta producci\u00f3n es una manera de proteger y apoyar un proceso esencial para garantizar la alimentaci\u00f3n de la poblaci\u00f3n.<\/p>\n\n\n\n<p>Por su parte, el Director de Patrimonio, Federico L\u00f3pez, destac\u00f3 que este protocolo, que se incorpora por primera vez, formaliza pr\u00e1cticas y normas consolidadas a lo largo de los a\u00f1os, estableciendo un marco claro para el uso del espacio y las relaciones entre los actores involucrados, lo que garantiza la continuidad y evoluci\u00f3n de la fiesta, independientemente de los cambios en los per\u00edodos de Gobierno.<\/p>\n\n\n\n<p>L\u00f3pez tambi\u00e9n reflexion\u00f3 sobre el car\u00e1cter \u00fanico de cada edici\u00f3n de la Fiesta de la Chacra, destacando c\u00f3mo la din\u00e1mica de los ranchos y la interacci\u00f3n con los chacareros var\u00eda, ofreciendo siempre una experiencia diferente que permite a las personas conectarse con la vida en el campo y con tradiciones que a\u00fan se preservan en Canelones.<\/p>\n\n\n\n<p>Desarrollo de la Fiesta<\/p>\n\n\n\n<p>&nbsp;de la Chacra<\/p>\n\n\n\n<p>Durante estas dos jornadas, se propone la recreaci\u00f3n de la vida en la chacra con construcci\u00f3n de ranchos de barro y paja, la elaboraci\u00f3n de hornos en el lugar y la degustaci\u00f3n de comidas tradicionales. Adem\u00e1s, habr\u00e1 vestimentas t\u00edpicas, espacios de encuentro y una variada grilla de espect\u00e1culos art\u00edsticos que resaltar\u00e1n la riqueza cultural de la producci\u00f3n chacarera canaria. Entre los espect\u00e1culos art\u00edsticos se destaca la participaci\u00f3n de D\u00fao Coames, Anita Valiente, Larbanois &amp; Carrero, Ana Prada y Chacho Ramos, adem\u00e1s del cl\u00e1sico escenario Poetas de la Chacra. Una de las atracciones m\u00e1s destacadas ser\u00e1 el Museo de la Chacra, en el que se exhibir\u00e1n herramientas antiguas y se recrear\u00e1n construcciones, hornos y pirvas. Tambi\u00e9n se representar\u00e1n oficios tradicionales y se realizar\u00e1 el arado con bueyes. Los visitantes podr\u00e1n disfrutar de artesan\u00edas y de la gastronom\u00eda t\u00edpica, como salchichones, alfajores de gofio, pasteles en plato, pan casero hecho en el momento, conservas, frutas y verduras. La Fiesta de la Chacra tambi\u00e9n ofrecer\u00e1 una propuesta l\u00fadica y educativa para los m\u00e1s peque\u00f1os, con espect\u00e1culos infantiles, juegos, visitas guiadas y la posibilidad de interactuar con animales de granja como ovejas, vacas, gallinas y cabras. Esta experiencia buscar\u00e1 acercar a los ni\u00f1os y ni\u00f1as a la vida en el campo, ayud\u00e1ndolos a entender el origen de nuestros alimentos y a valorar la diversidad de estilos de vida en Uruguay. La Directora de Desarrollo Rural, Claudia S\u00e1nchez, se\u00f1al\u00f3 que la Fiesta de la Chacra crece anualmente, incorporando m\u00e1s organizaciones rurales, incluyendo este a\u00f1o a las caba\u00f1as canarias, que destacar\u00e1n la ganader\u00eda loca<\/p>\n","protected":false},"excerpt":{"rendered":"<p>En la explanada de la Intendencia de Canelones se realiz\u00f3 el lanzamiento de la s\u00e9ptima&#8230;<\/p>\n","protected":false},"author":1,"featured_media":15949,"comment_status":"closed","ping_status":"closed","sticky":false,"template":"","format":"standard","meta":{"_monsterinsights_skip_tracking":false,"_monsterinsights_sitenote_active":false,"_monsterinsights_sitenote_note":"","_monsterinsights_sitenote_category":0,"footnotes":""},"categories":[87],"tags":[],"class_list":["post-15948","post","type-post","status-publish","format-standard","has-post-thumbnail","hentry","category-san-jacinto"],"featured_image_urls":{"full":["https:\/\/diariotiempo.com.uy\/noticias\/wp-content\/uploads\/2024\/09\/a.jpg",1200,628,false],"thumbnail":["https:\/\/diariotiempo.com.uy\/noticias\/wp-content\/uploads\/2024\/09\/a-150x150.jpg",150,150,true],"medium":["https:\/\/diariotiempo.com.uy\/noticias\/wp-content\/uploads\/2024\/09\/a-300x157.jpg",300,157,true],"medium_large":["https:\/\/diariotiempo.com.uy\/noticias\/wp-content\/uploads\/2024\/09\/a-768x402.jpg",640,335,true],"large":["https:\/\/diariotiempo.com.uy\/noticias\/wp-content\/uploads\/2024\/09\/a-1024x536.jpg",640,335,true],"rpg_gallery_admin_thumb":["https:\/\/diariotiempo.com.uy\/noticias\/wp-content\/uploads\/2024\/09\/a-150x150.jpg",150,150,true],"rpg_gallery_thumb":["https:\/\/diariotiempo.com.uy\/noticias\/wp-content\/uploads\/2024\/09\/a-150x150.jpg",150,150,true],"1536x1536":["https:\/\/diariotiempo.com.uy\/noticias\/wp-content\/uploads\/2024\/09\/a.jpg",1200,628,false],"2048x2048":["https:\/\/diariotiempo.com.uy\/noticias\/wp-content\/uploads\/2024\/09\/a.jpg",1200,628,false],"covernews-slider-full":["https:\/\/diariotiempo.com.uy\/noticias\/wp-content\/uploads\/2024\/09\/a-1115x628.jpg",1115,628,true],"covernews-slider-center":["https:\/\/diariotiempo.com.uy\/noticias\/wp-content\/uploads\/2024\/09\/a-800x500.jpg",800,500,true],"covernews-featured":["https:\/\/diariotiempo.com.uy\/noticias\/wp-content\/uploads\/2024\/09\/a-1024x536.jpg",1024,536,true],"covernews-medium":["https:\/\/diariotiempo.com.uy\/noticias\/wp-content\/uploads\/2024\/09\/a-540x340.jpg",540,340,true],"covernews-medium-square":["https:\/\/diariotiempo.com.uy\/noticias\/wp-content\/uploads\/2024\/09\/a-400x250.jpg",400,250,true]},"author_info":{"display_name":"diario","author_link":"https:\/\/diariotiempo.com.uy\/noticias\/author\/diario\/"},"category_info":"<a href=\"https:\/\/diariotiempo.com.uy\/noticias\/category\/departamental\/san-jacinto\/\" rel=\"category tag\">San Jacinto<\/a>","tag_info":"San Jacinto","comment_count":"0","_links":{"self":[{"href":"https:\/\/diariotiempo.com.uy\/noticias\/wp-json\/wp\/v2\/posts\/15948","targetHints":{"allow":["GET"]}}],"collection":[{"href":"https:\/\/diariotiempo.com.uy\/noticias\/wp-json\/wp\/v2\/posts"}],"about":[{"href":"https:\/\/diariotiempo.com.uy\/noticias\/wp-json\/wp\/v2\/types\/post"}],"author":[{"embeddable":true,"href":"https:\/\/diariotiempo.com.uy\/noticias\/wp-json\/wp\/v2\/users\/1"}],"replies":[{"embeddable":true,"href":"https:\/\/diariotiempo.com.uy\/noticias\/wp-json\/wp\/v2\/comments?post=15948"}],"version-history":[{"count":1,"href":"https:\/\/diariotiempo.com.uy\/noticias\/wp-json\/wp\/v2\/posts\/15948\/revisions"}],"predecessor-version":[{"id":15950,"href":"https:\/\/diariotiempo.com.uy\/noticias\/wp-json\/wp\/v2\/posts\/15948\/revisions\/15950"}],"wp:featuredmedia":[{"embeddable":true,"href":"https:\/\/diariotiempo.com.uy\/noticias\/wp-json\/wp\/v2\/media\/15949"}],"wp:attachment":[{"href":"https:\/\/diariotiempo.com.uy\/noticias\/wp-json\/wp\/v2\/media?parent=15948"}],"wp:term":[{"taxonomy":"category","embeddable":true,"href":"https:\/\/diariotiempo.com.uy\/noticias\/wp-json\/wp\/v2\/categories?post=15948"},{"taxonomy":"post_tag","embeddable":true,"href":"https:\/\/diariotiempo.com.uy\/noticias\/wp-json\/wp\/v2\/tags?post=15948"}],"curies":[{"name":"wp","href":"https:\/\/api.w.org\/{rel}","templated":true}]}}