{"id":15974,"date":"2024-09-06T16:27:51","date_gmt":"2024-09-06T16:27:51","guid":{"rendered":"https:\/\/diariotiempo.com.uy\/noticias\/?p=15974"},"modified":"2024-09-06T16:27:53","modified_gmt":"2024-09-06T16:27:53","slug":"nueva-oficina-de-migracion-en-ciudad-de-la-costa-facilitara-tramites-para-residentes-y-migrantes","status":"publish","type":"post","link":"https:\/\/diariotiempo.com.uy\/noticias\/2024\/09\/06\/nueva-oficina-de-migracion-en-ciudad-de-la-costa-facilitara-tramites-para-residentes-y-migrantes\/","title":{"rendered":"Nueva oficina de Migraci\u00f3n en Ciudad de la Costa\u00a0facilitar\u00e1 tr\u00e1mites para residentes y migrantes"},"content":{"rendered":"\n<figure class=\"wp-block-image size-full\"><img loading=\"lazy\" decoding=\"async\" width=\"900\" height=\"600\" src=\"https:\/\/diariotiempo.com.uy\/noticias\/wp-content\/uploads\/2024\/09\/qq.jpg\" alt=\"\" class=\"wp-image-15975\" srcset=\"https:\/\/diariotiempo.com.uy\/noticias\/wp-content\/uploads\/2024\/09\/qq.jpg 900w, https:\/\/diariotiempo.com.uy\/noticias\/wp-content\/uploads\/2024\/09\/qq-300x200.jpg 300w, https:\/\/diariotiempo.com.uy\/noticias\/wp-content\/uploads\/2024\/09\/qq-768x512.jpg 768w\" sizes=\"auto, (max-width: 900px) 100vw, 900px\" \/><\/figure>\n\n\n\n<p>La Intendencia de Canelones y la Direcci\u00f3n Nacional de Migraci\u00f3n firmaron un comodato para instalar una oficina descentralizada de la Direcci\u00f3n Nacional de Migraci\u00f3n en el Centro C\u00edvico de Ciudad de la Costa para facilitar la realizaci\u00f3n de tr\u00e1mites en general como movilidad nacional e internacional, permisos de menor, residencias temporarias y permanentes, entre otros.<\/p>\n\n\n\n<p>Actualmente, los residentes del departamento deben desplazarse hasta Montevideo para gestionar estos tr\u00e1mites. Con la nueva oficina, se espera reducir los tiempos de traslado y los costos asociados para la poblaci\u00f3n local. A tales efectos, la Intendencia de Canelones firm\u00f3 un contrato de alquiler con el Shopping Costa Urbana para disponer de un espacio de 84 metros cuadrados en el Centro C\u00edvico, el cual ser\u00e1 cedido en comodato a la Direcci\u00f3n Nacional de Migraci\u00f3n hasta junio de 2025.<\/p>\n\n\n\n<p>El Intendente de Canelones, Marcelo Metediera, resalt\u00f3 que la apertura de una oficina de la Direcci\u00f3n Nacional de Migraci\u00f3n en el Centro C\u00edvico de Ciudad de la Costa es resultado de un trabajo coordinado entre diversas direcciones de la Intendencia y otras instituciones. Este esfuerzo busca facilitar a los migrantes el acceso a tr\u00e1mites necesarios, acerc\u00e1ndolos a la comunidad local y respondiendo a las necesidades sociales de quienes eligen establecerse en la zona.<\/p>\n\n\n\n<p>Metediera explic\u00f3 que, aunque se realizaron esfuerzos previos mediante oficinas m\u00f3viles en Ciudad de la Costa y Atl\u00e1ntida, contar con una oficina permanente permitir\u00e1 un acceso m\u00e1s organizado y continuo a estos servicios.<\/p>\n\n\n\n<p>Por su parte, el Director Nacional de Migraci\u00f3n, Comisario Mayor Retirado Eduardo Mata, inform\u00f3 que la nueva oficina estar\u00e1 operativa en menos de un mes y permitir\u00e1 gestionar tr\u00e1mites de residencia y otros servicios migratorios para personas de todas las nacionalidades.<\/p>\n\n\n\n<p>Mata destac\u00f3 que este a\u00f1o ya se vio un incremento significativo en las solicitudes de residencia, principalmente de argentinos, brasile\u00f1os, venezolanos y cubanos. Adem\u00e1s, se\u00f1al\u00f3 que los ciudadanos del Mercosur tienen prioridad en estos tr\u00e1mites, los cuales incluyen requisitos como antecedentes penales, cumplimiento de normas de salud y la presentaci\u00f3n de un pasaporte v\u00e1lido.<\/p>\n\n\n\n<p>Crecimiento poblacional<\/p>\n\n\n\n<p>y desarrollo integral<\/p>\n\n\n\n<p>El establecimiento de esta oficina responde al crecimiento poblacional en el departamento, que experiment\u00f3 un aumento de m\u00e1s de cien mil personas, incluyendo un significativo flujo de migrantes. Ciudad de la Costa es uno de los territorios alcanzados por este incremento, lo que hace especialmente relevante la instalaci\u00f3n de un centro de atenci\u00f3n para facilitar la integraci\u00f3n de la poblaci\u00f3n migrante en la comunidad.<\/p>\n\n\n\n<p>Esta iniciativa fue coordinada por el \u00c1rea Transversal de Movilidad Humana, la cual re\u00fane a diferentes direcciones con el fin de fortalecer la pol\u00edtica p\u00fablica dirigida tanto a personas migrantes como a nacionales que llegan al departamento. Adem\u00e1s, est\u00e1 alineada con los objetivos de desarrollo integral y promoci\u00f3n de la integraci\u00f3n social que impulsa la Intendencia de Canelones, que busca facilitar el acceso a derechos fundamentales y servicios esenciales como la educaci\u00f3n y la salud.<\/p>\n\n\n\n<p>El Director General de la Secretar\u00eda de Relaciones Internacionales y Gobierno Abierto, Edison Lanza, a\u00f1adi\u00f3 que esta iniciativa permitir\u00e1 a los ciudadanos de Canelones y a los migrantes realizar tr\u00e1mites de movilidad, facilitando el acceso a derechos fundamentales relacionados con la formalizaci\u00f3n del trabajo, la educaci\u00f3n y la salud, beneficiando a m\u00e1s de 200.000 personas que habitan en Ciudad de la Costa y \u00e1reas aleda\u00f1as. Asimismo, la alcaldesa de Ciudad de la Costa, Sonia Misirian, subray\u00f3 la importancia de esta nueva oficina, calific\u00e1ndola como un avance significativo para la comunidad local. Adem\u00e1s, mencion\u00f3 que la demanda de servicios migratorios es evidente en instancias previas de atenci\u00f3n, en colaboraci\u00f3n con pa\u00edses como Argentina, las cuales generaron consultas y solicitudes de la comunidad para contar con una soluci\u00f3n permanente.<\/p>\n\n\n\n<p>&nbsp;De la actividad, participaron tambi\u00e9n el Secretario General de la Intendencia de Canelones, Esc. Francisco Legnani, diferentes direcciones que forman parte del \u00c1rea Transversal de Movilidad Humana, autoridades de la Junta Nacional de Migraci\u00f3n, la Direcci\u00f3n Nacional de Migraci\u00f3n, El Jefe la Oficina Nacional del Alto Comisionado de las Naciones Unidas para los Refugiados en Uruguay (ACNUR), Juan Ignacio Mondelli, y representantes de organizaciones civiles.<\/p>\n\n\n\n<p>Fuente y foto IMC<\/p>\n","protected":false},"excerpt":{"rendered":"<p>La Intendencia de Canelones y la Direcci\u00f3n Nacional de Migraci\u00f3n firmaron un comodato para instalar&#8230;<\/p>\n","protected":false},"author":1,"featured_media":15975,"comment_status":"closed","ping_status":"closed","sticky":false,"template":"","format":"standard","meta":{"_monsterinsights_skip_tracking":false,"_monsterinsights_sitenote_active":false,"_monsterinsights_sitenote_note":"","_monsterinsights_sitenote_category":0,"footnotes":""},"categories":[83],"tags":[],"class_list":["post-15974","post","type-post","status-publish","format-standard","has-post-thumbnail","hentry","category-ciudad-de-la-costa"],"featured_image_urls":{"full":["https:\/\/diariotiempo.com.uy\/noticias\/wp-content\/uploads\/2024\/09\/qq.jpg",900,600,false],"thumbnail":["https:\/\/diariotiempo.com.uy\/noticias\/wp-content\/uploads\/2024\/09\/qq-150x150.jpg",150,150,true],"medium":["https:\/\/diariotiempo.com.uy\/noticias\/wp-content\/uploads\/2024\/09\/qq-300x200.jpg",300,200,true],"medium_large":["https:\/\/diariotiempo.com.uy\/noticias\/wp-content\/uploads\/2024\/09\/qq-768x512.jpg",640,427,true],"large":["https:\/\/diariotiempo.com.uy\/noticias\/wp-content\/uploads\/2024\/09\/qq.jpg",640,427,false],"rpg_gallery_admin_thumb":["https:\/\/diariotiempo.com.uy\/noticias\/wp-content\/uploads\/2024\/09\/qq-150x150.jpg",150,150,true],"rpg_gallery_thumb":["https:\/\/diariotiempo.com.uy\/noticias\/wp-content\/uploads\/2024\/09\/qq-150x150.jpg",150,150,true],"1536x1536":["https:\/\/diariotiempo.com.uy\/noticias\/wp-content\/uploads\/2024\/09\/qq.jpg",900,600,false],"2048x2048":["https:\/\/diariotiempo.com.uy\/noticias\/wp-content\/uploads\/2024\/09\/qq.jpg",900,600,false],"covernews-slider-full":["https:\/\/diariotiempo.com.uy\/noticias\/wp-content\/uploads\/2024\/09\/qq.jpg",900,600,false],"covernews-slider-center":["https:\/\/diariotiempo.com.uy\/noticias\/wp-content\/uploads\/2024\/09\/qq-800x500.jpg",800,500,true],"covernews-featured":["https:\/\/diariotiempo.com.uy\/noticias\/wp-content\/uploads\/2024\/09\/qq.jpg",900,600,false],"covernews-medium":["https:\/\/diariotiempo.com.uy\/noticias\/wp-content\/uploads\/2024\/09\/qq-540x340.jpg",540,340,true],"covernews-medium-square":["https:\/\/diariotiempo.com.uy\/noticias\/wp-content\/uploads\/2024\/09\/qq-400x250.jpg",400,250,true]},"author_info":{"display_name":"diario","author_link":"https:\/\/diariotiempo.com.uy\/noticias\/author\/diario\/"},"category_info":"<a href=\"https:\/\/diariotiempo.com.uy\/noticias\/category\/departamental\/ciudad-de-la-costa\/\" rel=\"category tag\">Ciudad de la Costa<\/a>","tag_info":"Ciudad de la Costa","comment_count":"0","_links":{"self":[{"href":"https:\/\/diariotiempo.com.uy\/noticias\/wp-json\/wp\/v2\/posts\/15974","targetHints":{"allow":["GET"]}}],"collection":[{"href":"https:\/\/diariotiempo.com.uy\/noticias\/wp-json\/wp\/v2\/posts"}],"about":[{"href":"https:\/\/diariotiempo.com.uy\/noticias\/wp-json\/wp\/v2\/types\/post"}],"author":[{"embeddable":true,"href":"https:\/\/diariotiempo.com.uy\/noticias\/wp-json\/wp\/v2\/users\/1"}],"replies":[{"embeddable":true,"href":"https:\/\/diariotiempo.com.uy\/noticias\/wp-json\/wp\/v2\/comments?post=15974"}],"version-history":[{"count":1,"href":"https:\/\/diariotiempo.com.uy\/noticias\/wp-json\/wp\/v2\/posts\/15974\/revisions"}],"predecessor-version":[{"id":15976,"href":"https:\/\/diariotiempo.com.uy\/noticias\/wp-json\/wp\/v2\/posts\/15974\/revisions\/15976"}],"wp:featuredmedia":[{"embeddable":true,"href":"https:\/\/diariotiempo.com.uy\/noticias\/wp-json\/wp\/v2\/media\/15975"}],"wp:attachment":[{"href":"https:\/\/diariotiempo.com.uy\/noticias\/wp-json\/wp\/v2\/media?parent=15974"}],"wp:term":[{"taxonomy":"category","embeddable":true,"href":"https:\/\/diariotiempo.com.uy\/noticias\/wp-json\/wp\/v2\/categories?post=15974"},{"taxonomy":"post_tag","embeddable":true,"href":"https:\/\/diariotiempo.com.uy\/noticias\/wp-json\/wp\/v2\/tags?post=15974"}],"curies":[{"name":"wp","href":"https:\/\/api.w.org\/{rel}","templated":true}]}}