{"id":16015,"date":"2024-09-10T15:09:36","date_gmt":"2024-09-10T15:09:36","guid":{"rendered":"https:\/\/diariotiempo.com.uy\/noticias\/?p=16015"},"modified":"2024-09-10T15:09:37","modified_gmt":"2024-09-10T15:09:37","slug":"joven-de-26-anos-mato-a-su-madre-de-varias-punaladas-en-pando","status":"publish","type":"post","link":"https:\/\/diariotiempo.com.uy\/noticias\/2024\/09\/10\/joven-de-26-anos-mato-a-su-madre-de-varias-punaladas-en-pando\/","title":{"rendered":"Joven de 26 a\u00f1os mat\u00f3 a su madre de varias pu\u00f1aladas en Pando"},"content":{"rendered":"\n<figure class=\"wp-block-image aligncenter size-full\"><img loading=\"lazy\" decoding=\"async\" width=\"729\" height=\"401\" src=\"https:\/\/diariotiempo.com.uy\/noticias\/wp-content\/uploads\/2024\/09\/casa-homicidio.jpg\" alt=\"\" class=\"wp-image-16016\" srcset=\"https:\/\/diariotiempo.com.uy\/noticias\/wp-content\/uploads\/2024\/09\/casa-homicidio.jpg 729w, https:\/\/diariotiempo.com.uy\/noticias\/wp-content\/uploads\/2024\/09\/casa-homicidio-300x165.jpg 300w\" sizes=\"auto, (max-width: 729px) 100vw, 729px\" \/><\/figure>\n\n\n\n<p>Un hombre de 26 a\u00f1os mat\u00f3 a su madre a pu\u00f1aladas en la vivienda que ambos compart\u00edan en la ciudad de Pando.<\/p>\n\n\n\n<p>La v\u00edctima ten\u00eda 49 a\u00f1os y fue encontrada herida en la vivienda. Una emergencia constat\u00f3 su fallecimiento en el lugar. El homicidio sucedi\u00f3 en la tarde de este s\u00e1bado. Sobre las 18:36 ingres\u00f3 un llamado en el que se daba cuenta de que la mujer estaba herida de arma blanca.La casa est\u00e1 ubicada en la calle Agust\u00edn Hern\u00e1ndez y Roosevelt, detr\u00e1s de la vivienda de la madre de la v\u00edctima, una mujer de 76 a\u00f1os.<\/p>\n\n\n\n<p>Los vecinos del lugar escucharon gritos y al concurrir a la vivienda se encontraron con la anciana, que se\u00f1al\u00f3 que hab\u00eda sentido a su hija discutir con su nieto. Cuando efectivos de la Polic\u00eda llegaron al lugar, encontraron a la v\u00edctima dentro de una casa, inconsciente. La emergencia m\u00e9dica constat\u00f3 el fallecimiento. El joven de 26 a\u00f1os fue detenido en el lugar.<\/p>\n","protected":false},"excerpt":{"rendered":"<p>Un hombre de 26 a\u00f1os mat\u00f3 a su madre a pu\u00f1aladas en la vivienda que&#8230;<\/p>\n","protected":false},"author":1,"featured_media":16016,"comment_status":"closed","ping_status":"closed","sticky":false,"template":"","format":"standard","meta":{"_monsterinsights_skip_tracking":false,"_monsterinsights_sitenote_active":false,"_monsterinsights_sitenote_note":"","_monsterinsights_sitenote_category":0,"footnotes":""},"categories":[11],"tags":[],"class_list":["post-16015","post","type-post","status-publish","format-standard","has-post-thumbnail","hentry","category-noticia-destacada"],"featured_image_urls":{"full":["https:\/\/diariotiempo.com.uy\/noticias\/wp-content\/uploads\/2024\/09\/casa-homicidio.jpg",729,401,false],"thumbnail":["https:\/\/diariotiempo.com.uy\/noticias\/wp-content\/uploads\/2024\/09\/casa-homicidio-150x150.jpg",150,150,true],"medium":["https:\/\/diariotiempo.com.uy\/noticias\/wp-content\/uploads\/2024\/09\/casa-homicidio-300x165.jpg",300,165,true],"medium_large":["https:\/\/diariotiempo.com.uy\/noticias\/wp-content\/uploads\/2024\/09\/casa-homicidio.jpg",640,352,false],"large":["https:\/\/diariotiempo.com.uy\/noticias\/wp-content\/uploads\/2024\/09\/casa-homicidio.jpg",640,352,false],"rpg_gallery_admin_thumb":["https:\/\/diariotiempo.com.uy\/noticias\/wp-content\/uploads\/2024\/09\/casa-homicidio-150x150.jpg",150,150,true],"rpg_gallery_thumb":["https:\/\/diariotiempo.com.uy\/noticias\/wp-content\/uploads\/2024\/09\/casa-homicidio-150x150.jpg",150,150,true],"1536x1536":["https:\/\/diariotiempo.com.uy\/noticias\/wp-content\/uploads\/2024\/09\/casa-homicidio.jpg",729,401,false],"2048x2048":["https:\/\/diariotiempo.com.uy\/noticias\/wp-content\/uploads\/2024\/09\/casa-homicidio.jpg",729,401,false],"covernews-slider-full":["https:\/\/diariotiempo.com.uy\/noticias\/wp-content\/uploads\/2024\/09\/casa-homicidio.jpg",729,401,false],"covernews-slider-center":["https:\/\/diariotiempo.com.uy\/noticias\/wp-content\/uploads\/2024\/09\/casa-homicidio.jpg",729,401,false],"covernews-featured":["https:\/\/diariotiempo.com.uy\/noticias\/wp-content\/uploads\/2024\/09\/casa-homicidio.jpg",729,401,false],"covernews-medium":["https:\/\/diariotiempo.com.uy\/noticias\/wp-content\/uploads\/2024\/09\/casa-homicidio-540x340.jpg",540,340,true],"covernews-medium-square":["https:\/\/diariotiempo.com.uy\/noticias\/wp-content\/uploads\/2024\/09\/casa-homicidio-400x250.jpg",400,250,true]},"author_info":{"display_name":"diario","author_link":"https:\/\/diariotiempo.com.uy\/noticias\/author\/diario\/"},"category_info":"<a href=\"https:\/\/diariotiempo.com.uy\/noticias\/category\/noticia-destacada\/\" rel=\"category tag\">NOTICIA DESTACADA<\/a>","tag_info":"NOTICIA DESTACADA","comment_count":"0","_links":{"self":[{"href":"https:\/\/diariotiempo.com.uy\/noticias\/wp-json\/wp\/v2\/posts\/16015","targetHints":{"allow":["GET"]}}],"collection":[{"href":"https:\/\/diariotiempo.com.uy\/noticias\/wp-json\/wp\/v2\/posts"}],"about":[{"href":"https:\/\/diariotiempo.com.uy\/noticias\/wp-json\/wp\/v2\/types\/post"}],"author":[{"embeddable":true,"href":"https:\/\/diariotiempo.com.uy\/noticias\/wp-json\/wp\/v2\/users\/1"}],"replies":[{"embeddable":true,"href":"https:\/\/diariotiempo.com.uy\/noticias\/wp-json\/wp\/v2\/comments?post=16015"}],"version-history":[{"count":1,"href":"https:\/\/diariotiempo.com.uy\/noticias\/wp-json\/wp\/v2\/posts\/16015\/revisions"}],"predecessor-version":[{"id":16017,"href":"https:\/\/diariotiempo.com.uy\/noticias\/wp-json\/wp\/v2\/posts\/16015\/revisions\/16017"}],"wp:featuredmedia":[{"embeddable":true,"href":"https:\/\/diariotiempo.com.uy\/noticias\/wp-json\/wp\/v2\/media\/16016"}],"wp:attachment":[{"href":"https:\/\/diariotiempo.com.uy\/noticias\/wp-json\/wp\/v2\/media?parent=16015"}],"wp:term":[{"taxonomy":"category","embeddable":true,"href":"https:\/\/diariotiempo.com.uy\/noticias\/wp-json\/wp\/v2\/categories?post=16015"},{"taxonomy":"post_tag","embeddable":true,"href":"https:\/\/diariotiempo.com.uy\/noticias\/wp-json\/wp\/v2\/tags?post=16015"}],"curies":[{"name":"wp","href":"https:\/\/api.w.org\/{rel}","templated":true}]}}