{"id":16032,"date":"2024-09-10T15:18:05","date_gmt":"2024-09-10T15:18:05","guid":{"rendered":"https:\/\/diariotiempo.com.uy\/noticias\/?p=16032"},"modified":"2024-09-10T15:18:06","modified_gmt":"2024-09-10T15:18:06","slug":"las-escuelas-deben-ser-zonas-seguras-para-la-infancia-no-objetivos","status":"publish","type":"post","link":"https:\/\/diariotiempo.com.uy\/noticias\/2024\/09\/10\/las-escuelas-deben-ser-zonas-seguras-para-la-infancia-no-objetivos\/","title":{"rendered":"Las escuelas deben ser zonas seguras para la infancia, no objetivos"},"content":{"rendered":"\n<figure class=\"wp-block-image size-full\"><img loading=\"lazy\" decoding=\"async\" width=\"1000\" height=\"560\" src=\"https:\/\/diariotiempo.com.uy\/noticias\/wp-content\/uploads\/2024\/09\/ONU-10.jpg\" alt=\"\" class=\"wp-image-16033\" srcset=\"https:\/\/diariotiempo.com.uy\/noticias\/wp-content\/uploads\/2024\/09\/ONU-10.jpg 1000w, https:\/\/diariotiempo.com.uy\/noticias\/wp-content\/uploads\/2024\/09\/ONU-10-300x168.jpg 300w, https:\/\/diariotiempo.com.uy\/noticias\/wp-content\/uploads\/2024\/09\/ONU-10-768x430.jpg 768w\" sizes=\"auto, (max-width: 1000px) 100vw, 1000px\" \/><\/figure>\n\n\n\n<p>La educaci\u00f3n es un derecho humano b\u00e1sico y esencial para el ejercicio de todos los dem\u00e1s derechos humanos. El D\u00eda Internacional para Proteger la Educaci\u00f3n de Ataques (9 de septiembre) nos recuerda el impacto devastador de la guerra en los j\u00f3venes estudiantes. La educaci\u00f3n proporciona conocimientos, habilidades y apoyo a las generaciones futuras, en particular a los grupos vulnerables como las ni\u00f1as, los migrantes, los refugiados y las personas con discapacidad. Los centros educativos deber\u00edan ser refugios seguros, pero a menudo se ubican en zonas afectadas por conflictos, lo que tiene graves repercusiones para estudiantes y profesores.<\/p>\n\n\n\n<p>Conflictos armados:<\/p>\n\n\n\n<p>Cuando el ruido de las armas silencia la educaci\u00f3n<\/p>\n\n\n\n<p>\u00abLa educaci\u00f3n no es solo un derecho humano b\u00e1sico en s\u00ed mismo, sino que es esencial para el ejercicio de todos los dem\u00e1s derechos humanos\u00bb, afirma el Secretario General de la ONU, Ant\u00f3nio Guterres. Nos recuerda tambi\u00e9n c\u00f3mo este d\u00eda sirve para denunciar los efectos devastadores de la guerra sobre los cuerpos, las mentes y los esp\u00edritus de los j\u00f3venes.<\/p>\n\n\n\n<p>Con los conocimientos, las capacidades y el apoyo adquiridos mediante la educaci\u00f3n, las diferentes generaciones pueden superar las crisis y conducir al mundo hacia un futuro sostenible. Esto resulta particularmente evidente para los grupos vulnerables, como las ni\u00f1as, las personas migrantes, refugiadas y aquellas con discapacidades.<\/p>\n\n\n\n<p>Los centros educativos deber\u00edan ser un refugio seguro para los ni\u00f1os y las ni\u00f1as, los estudiantes y el personal docente. Sin embargo, con demasiada frecuencia, los lugares donde aprenden, se convierten en objetivos directos o en da\u00f1os colaterales en entornos afectados por conflictos.<\/p>\n\n\n\n<p>Los ataques contra la educaci\u00f3n pueden tener graves repercusiones f\u00edsicas y psicol\u00f3gicas a largo plazo para el alumnado y el profesorado. Pueden interrumpir la ense\u00f1anza y el aprendizaje, provocar un aumento significativo de las tasas de abandono escolar e impedir que los alumnos ejerzan su derecho a una educaci\u00f3n de calidad.<\/p>\n\n\n\n<p>El alto coste para los ni\u00f1os atrapados en el infierno de los conflictos<\/p>\n\n\n\n<p>El Informe anual del Secretario General de las Naciones Unidas sobre los ni\u00f1os y los conflictos armados correspondiente al a\u00f1o 2023 presenta un desgarrador relato de la violencia que sufren los menores en las zonas de conflicto. El informe constata la escalofriante cifra de 32.990 violaciones graves contra 22.557 ni\u00f1os, lo que pone de manifiesto un alarmante aumento de este tipo de incidentes.<\/p>\n\n\n\n<p>Los datos incluyen por primera vez informes de Hait\u00ed y N\u00edger, con lo que se complet\u00f3 el panorama de las 25 situaciones objeto de seguimiento. Las zonas m\u00e1s afectadas fueron Israel y el Territorio Palestino Ocupado, la Rep\u00fablica Democr\u00e1tica del Congo, Myanmar, Somalia, Nigeria y Sud\u00e1n.<\/p>\n\n\n\n<p>Las violaciones fueron perpetradas pr\u00e1cticamente a partes iguales por grupos armados y fuerzas gubernamentales, siendo los grupos armados los principales responsables de los secuestros, el reclutamiento, la utilizaci\u00f3n y la violencia sexual, mientras que las fuerzas gubernamentales se dedicaron principalmente a matar, mutilar y atacar escuelas y hospitales. El informe subraya el efecto devastador de las armas explosivas en zonas pobladas, que no solo causan muertos y heridos, sino que tambi\u00e9n dificultan la entrega de ayuda humanitaria.<\/p>\n\n\n\n<p>Debemos dejar de<\/p>\n\n\n\n<p>defraudar a nuestros ni\u00f1os<\/p>\n\n\n\n<p>El alarmante n\u00famero de ni\u00f1os que sufrieron graves violaciones en conflictos durante 2023 es \u00abun toque de atenci\u00f3n\u00bb, seg\u00fan la Representante Especial del Secretario General para la Cuesti\u00f3n de los Ni\u00f1os y los Conflictos Armados.<\/p>\n\n\n\n<p>Para Virginia Gamba, \u00abestamos fallando a los ni\u00f1os\u00bb y pidi\u00f3 a la comunidad internacional que \u00abvuelva a comprometerse con el consenso universal para proteger a los ni\u00f1os de los conflictos armados\u00bb. Tambi\u00e9n hizo un llamamiento a los Estados miembros de la Organizaci\u00f3n para que \u00abcumplan con su responsabilidad primordial de proteger a sus poblaciones y respeten todas las normas y est\u00e1ndares aplicables en la gesti\u00f3n de situaciones de conflicto armado\u00bb.<\/p>\n\n\n\n<p>Antecedentes<\/p>\n\n\n\n<p>Este d\u00eda fue establecido por decisi\u00f3n un\u00e1nime de la Asamblea General de las Naciones Unidas, en la que se ped\u00eda a la UNESCO y a UNICEF que sensibilizaran a la opini\u00f3n p\u00fablica sobre la dif\u00edcil situaci\u00f3n de millones de ni\u00f1os y ni\u00f1as que viven en pa\u00edses afectados por conflictos. La resoluci\u00f3n que proclama el D\u00eda fue presentada por el Estado de Qatar y copatrocinada por 62 pa\u00edses.<\/p>\n\n\n\n<p>En dicha resoluci\u00f3n se afirma que los gobiernos tienen la responsabilidad fundamental de proporcionar protecci\u00f3n y asegurar una educaci\u00f3n de calidad, inclusiva y equitativa a todos los estudiantes, especialmente a los que se encuentran en situaciones vulnerables. Adem\u00e1s, destaca la necesidad de incrementar los esfuerzos y aumentar la financiaci\u00f3n para promover entornos escolares seguros que sirvan de protecci\u00f3n en las emergencias humanitarias. Incluye tambi\u00e9n que se deben adoptar todas las medidas posibles para proteger las escuelas, los alumnos y el personal docente de ataques, evitar las acciones que impidan el acceso de los ni\u00f1os a una educaci\u00f3n y facilitar el acceso a la educaci\u00f3n en situaciones de conflicto armado.<\/p>\n\n\n\n<p>La UNESCO y el UNICEF facilitar\u00e1n la celebraci\u00f3n anual del D\u00eda en estrecha colaboraci\u00f3n con sus socios dentro y fuera del sistema de las Naciones Unidas. Las entidades de las Naciones Unidas, que trabajan en primera l\u00ednea en los pa\u00edses afectados por conflictos, llevan mucho tiempo ayudando a los Estados Miembros a reforzar su capacidad de proporcionar acceso a una educaci\u00f3n de calidad para todos en momentos de crisis.<\/p>\n","protected":false},"excerpt":{"rendered":"<p>La educaci\u00f3n es un derecho humano b\u00e1sico y esencial para el ejercicio de todos los&#8230;<\/p>\n","protected":false},"author":1,"featured_media":16033,"comment_status":"closed","ping_status":"closed","sticky":false,"template":"","format":"standard","meta":{"_monsterinsights_skip_tracking":false,"_monsterinsights_sitenote_active":false,"_monsterinsights_sitenote_note":"","_monsterinsights_sitenote_category":0,"footnotes":""},"categories":[82],"tags":[],"class_list":["post-16032","post","type-post","status-publish","format-standard","has-post-thumbnail","hentry","category-internacional"],"featured_image_urls":{"full":["https:\/\/diariotiempo.com.uy\/noticias\/wp-content\/uploads\/2024\/09\/ONU-10.jpg",1000,560,false],"thumbnail":["https:\/\/diariotiempo.com.uy\/noticias\/wp-content\/uploads\/2024\/09\/ONU-10-150x150.jpg",150,150,true],"medium":["https:\/\/diariotiempo.com.uy\/noticias\/wp-content\/uploads\/2024\/09\/ONU-10-300x168.jpg",300,168,true],"medium_large":["https:\/\/diariotiempo.com.uy\/noticias\/wp-content\/uploads\/2024\/09\/ONU-10-768x430.jpg",640,358,true],"large":["https:\/\/diariotiempo.com.uy\/noticias\/wp-content\/uploads\/2024\/09\/ONU-10.jpg",640,358,false],"rpg_gallery_admin_thumb":["https:\/\/diariotiempo.com.uy\/noticias\/wp-content\/uploads\/2024\/09\/ONU-10-150x150.jpg",150,150,true],"rpg_gallery_thumb":["https:\/\/diariotiempo.com.uy\/noticias\/wp-content\/uploads\/2024\/09\/ONU-10-150x150.jpg",150,150,true],"1536x1536":["https:\/\/diariotiempo.com.uy\/noticias\/wp-content\/uploads\/2024\/09\/ONU-10.jpg",1000,560,false],"2048x2048":["https:\/\/diariotiempo.com.uy\/noticias\/wp-content\/uploads\/2024\/09\/ONU-10.jpg",1000,560,false],"covernews-slider-full":["https:\/\/diariotiempo.com.uy\/noticias\/wp-content\/uploads\/2024\/09\/ONU-10.jpg",1000,560,false],"covernews-slider-center":["https:\/\/diariotiempo.com.uy\/noticias\/wp-content\/uploads\/2024\/09\/ONU-10-800x500.jpg",800,500,true],"covernews-featured":["https:\/\/diariotiempo.com.uy\/noticias\/wp-content\/uploads\/2024\/09\/ONU-10.jpg",1000,560,false],"covernews-medium":["https:\/\/diariotiempo.com.uy\/noticias\/wp-content\/uploads\/2024\/09\/ONU-10-540x340.jpg",540,340,true],"covernews-medium-square":["https:\/\/diariotiempo.com.uy\/noticias\/wp-content\/uploads\/2024\/09\/ONU-10-400x250.jpg",400,250,true]},"author_info":{"display_name":"diario","author_link":"https:\/\/diariotiempo.com.uy\/noticias\/author\/diario\/"},"category_info":"<a href=\"https:\/\/diariotiempo.com.uy\/noticias\/category\/internacional\/\" rel=\"category tag\">INTERNACIONAL<\/a>","tag_info":"INTERNACIONAL","comment_count":"0","_links":{"self":[{"href":"https:\/\/diariotiempo.com.uy\/noticias\/wp-json\/wp\/v2\/posts\/16032","targetHints":{"allow":["GET"]}}],"collection":[{"href":"https:\/\/diariotiempo.com.uy\/noticias\/wp-json\/wp\/v2\/posts"}],"about":[{"href":"https:\/\/diariotiempo.com.uy\/noticias\/wp-json\/wp\/v2\/types\/post"}],"author":[{"embeddable":true,"href":"https:\/\/diariotiempo.com.uy\/noticias\/wp-json\/wp\/v2\/users\/1"}],"replies":[{"embeddable":true,"href":"https:\/\/diariotiempo.com.uy\/noticias\/wp-json\/wp\/v2\/comments?post=16032"}],"version-history":[{"count":1,"href":"https:\/\/diariotiempo.com.uy\/noticias\/wp-json\/wp\/v2\/posts\/16032\/revisions"}],"predecessor-version":[{"id":16034,"href":"https:\/\/diariotiempo.com.uy\/noticias\/wp-json\/wp\/v2\/posts\/16032\/revisions\/16034"}],"wp:featuredmedia":[{"embeddable":true,"href":"https:\/\/diariotiempo.com.uy\/noticias\/wp-json\/wp\/v2\/media\/16033"}],"wp:attachment":[{"href":"https:\/\/diariotiempo.com.uy\/noticias\/wp-json\/wp\/v2\/media?parent=16032"}],"wp:term":[{"taxonomy":"category","embeddable":true,"href":"https:\/\/diariotiempo.com.uy\/noticias\/wp-json\/wp\/v2\/categories?post=16032"},{"taxonomy":"post_tag","embeddable":true,"href":"https:\/\/diariotiempo.com.uy\/noticias\/wp-json\/wp\/v2\/tags?post=16032"}],"curies":[{"name":"wp","href":"https:\/\/api.w.org\/{rel}","templated":true}]}}