{"id":16038,"date":"2024-09-11T14:36:27","date_gmt":"2024-09-11T14:36:27","guid":{"rendered":"https:\/\/diariotiempo.com.uy\/noticias\/?p=16038"},"modified":"2024-09-11T14:36:28","modified_gmt":"2024-09-11T14:36:28","slug":"canelones-incorpora-mas-de-100-efectivos-a-la-policia","status":"publish","type":"post","link":"https:\/\/diariotiempo.com.uy\/noticias\/2024\/09\/11\/canelones-incorpora-mas-de-100-efectivos-a-la-policia\/","title":{"rendered":"Canelones incorpora m\u00e1s de 100 efectivos a la Polic\u00eda"},"content":{"rendered":"\n<figure class=\"wp-block-gallery has-nested-images columns-default is-cropped wp-block-gallery-1 is-layout-flex wp-block-gallery-is-layout-flex\">\n<figure class=\"wp-block-image size-large\"><img loading=\"lazy\" decoding=\"async\" width=\"700\" height=\"344\" data-id=\"16039\" src=\"https:\/\/diariotiempo.com.uy\/noticias\/wp-content\/uploads\/2024\/09\/plicias.jpg\" alt=\"\" class=\"wp-image-16039\" srcset=\"https:\/\/diariotiempo.com.uy\/noticias\/wp-content\/uploads\/2024\/09\/plicias.jpg 700w, https:\/\/diariotiempo.com.uy\/noticias\/wp-content\/uploads\/2024\/09\/plicias-300x147.jpg 300w\" sizes=\"auto, (max-width: 700px) 100vw, 700px\" \/><\/figure>\n\n\n\n<figure class=\"wp-block-image size-large\"><img loading=\"lazy\" decoding=\"async\" width=\"945\" height=\"556\" data-id=\"16040\" src=\"https:\/\/diariotiempo.com.uy\/noticias\/wp-content\/uploads\/2024\/09\/policia.jpg\" alt=\"\" class=\"wp-image-16040\" srcset=\"https:\/\/diariotiempo.com.uy\/noticias\/wp-content\/uploads\/2024\/09\/policia.jpg 945w, https:\/\/diariotiempo.com.uy\/noticias\/wp-content\/uploads\/2024\/09\/policia-300x177.jpg 300w, https:\/\/diariotiempo.com.uy\/noticias\/wp-content\/uploads\/2024\/09\/policia-768x452.jpg 768w\" sizes=\"auto, (max-width: 945px) 100vw, 945px\" \/><\/figure>\n<\/figure>\n\n\n\n<p>\u201cDesde hoy, tienen la tarea m\u00e1s importante de una persona, cuidar la vida de otros; la responsabilidad de velar por el orden y de estar del lado de la gente que m\u00e1s los necesite\u201d, sostuvo el ministro del Interior, Nicol\u00e1s Martinelli, al dirigirse a los 133 nuevos efectivos que cumplir\u00e1n funciones en Canelones. Adem\u00e1s, se\u00f1al\u00f3: \u201c(En la tarea) no est\u00e1n solos, tienen el respaldo de este ministro y de la Polic\u00eda Nacional\u201d. Martinelli, encabez\u00f3 este martes 10 la ceremonia de egreso de alumnos de la V Promoci\u00f3n de la Escuela Policial de Escala B\u00e1sica de Canelones, que se desarroll\u00f3 en la sede de la Jefatura de esa ciudad. El titular del Ministerio del Interior estuvo acompa\u00f1ado por el intendente de esa jurisdicci\u00f3n, Marcelo Metediera, y el jefe de Polic\u00eda de Canelones, V\u00edctor Mar\u00eda Trezza, entre otras autoridades policiales.<\/p>\n\n\n\n<p>El secretario de Estado inform\u00f3 que los 133 egresados fueron preparados y capacitados para dar respuesta en los momentos m\u00e1s dif\u00edciles. \u201cDesde hoy, tienen la tarea m\u00e1s importante de una persona, cuidar la vida de otros; la responsabilidad de velar por el orden y de estar del lado de la gente que m\u00e1s los necesite\u201d, consider\u00f3. &nbsp;Asimismo, reafirm\u00f3 que contar\u00e1n con su respaldo y el de la Polic\u00eda Nacional.<\/p>\n\n\n\n<p>En otro pasaje, agradeci\u00f3 a las familias de los nuevos efectivos el acompa\u00f1amiento en el proceso de formaci\u00f3n y dijo sentirse orgulloso del camino transitado. Tambi\u00e9n valor\u00f3 la vocaci\u00f3n de servicio y el compromiso que implica la tarea, as\u00ed como el orgullo de los ciudadanos de sentirse protegidos.<\/p>\n\n\n\n<p>Canelones dispone de siete nuevas comisar\u00edas especializadas en violencia de g\u00e9nero<\/p>\n\n\n\n<p>La Jefatura de Canelones remodel\u00f3 todas las unidades policiales del departamento y reabri\u00f3 destacamentos y subcomisar\u00edas. Tambi\u00e9n cre\u00f3 unidades, como Narc\u00f3ticos, y las subcomisar\u00edas de Joanic\u00f3, Montes y Salinas, inform\u00f3 Trezza. En esa \u00faltima localidad, la construcci\u00f3n demand\u00f3 una inversi\u00f3n de 500.000 d\u00f3lares.<\/p>\n\n\n\n<p>Adem\u00e1s, fueron incorporadas a la jurisdicci\u00f3n departamental siete comisar\u00edas de violencia dom\u00e9stica y de g\u00e9nero, &nbsp;y, antes de fin de a\u00f1o, ser\u00e1 inaugurada la de Las Piedras. Tambi\u00e9n fue renovado el 70% de la flota, con unidades cero kil\u00f3metros, precis\u00f3.<\/p>\n\n\n\n<p>Respecto a la formaci\u00f3n de funcionarios, la apertura de la Escuela de Escala B\u00e1sica permiti\u00f3 el ascenso de polic\u00edas y la proyecci\u00f3n en la carrera. M\u00e1s de 1.000 personas cursaron el pasaje de grado y diferentes capacitaciones. Asimismo, el Laboratorio Tecnol\u00f3gico del Uruguay certific\u00f3 18 comisar\u00edas y alcanzar\u00e1 las 20 en breve, lo cual aporta agilidad a la gesti\u00f3n, opin\u00f3.<\/p>\n","protected":false},"excerpt":{"rendered":"<p>\u201cDesde hoy, tienen la tarea m\u00e1s importante de una persona, cuidar la vida de otros;&#8230;<\/p>\n","protected":false},"author":1,"featured_media":16040,"comment_status":"closed","ping_status":"closed","sticky":false,"template":"","format":"standard","meta":{"_monsterinsights_skip_tracking":false,"_monsterinsights_sitenote_active":false,"_monsterinsights_sitenote_note":"","_monsterinsights_sitenote_category":0,"footnotes":""},"categories":[11],"tags":[],"class_list":["post-16038","post","type-post","status-publish","format-standard","has-post-thumbnail","hentry","category-noticia-destacada"],"featured_image_urls":{"full":["https:\/\/diariotiempo.com.uy\/noticias\/wp-content\/uploads\/2024\/09\/policia.jpg",945,556,false],"thumbnail":["https:\/\/diariotiempo.com.uy\/noticias\/wp-content\/uploads\/2024\/09\/policia-150x150.jpg",150,150,true],"medium":["https:\/\/diariotiempo.com.uy\/noticias\/wp-content\/uploads\/2024\/09\/policia-300x177.jpg",300,177,true],"medium_large":["https:\/\/diariotiempo.com.uy\/noticias\/wp-content\/uploads\/2024\/09\/policia-768x452.jpg",640,377,true],"large":["https:\/\/diariotiempo.com.uy\/noticias\/wp-content\/uploads\/2024\/09\/policia.jpg",640,377,false],"rpg_gallery_admin_thumb":["https:\/\/diariotiempo.com.uy\/noticias\/wp-content\/uploads\/2024\/09\/policia-150x150.jpg",150,150,true],"rpg_gallery_thumb":["https:\/\/diariotiempo.com.uy\/noticias\/wp-content\/uploads\/2024\/09\/policia-150x150.jpg",150,150,true],"1536x1536":["https:\/\/diariotiempo.com.uy\/noticias\/wp-content\/uploads\/2024\/09\/policia.jpg",945,556,false],"2048x2048":["https:\/\/diariotiempo.com.uy\/noticias\/wp-content\/uploads\/2024\/09\/policia.jpg",945,556,false],"covernews-slider-full":["https:\/\/diariotiempo.com.uy\/noticias\/wp-content\/uploads\/2024\/09\/policia.jpg",945,556,false],"covernews-slider-center":["https:\/\/diariotiempo.com.uy\/noticias\/wp-content\/uploads\/2024\/09\/policia-800x500.jpg",800,500,true],"covernews-featured":["https:\/\/diariotiempo.com.uy\/noticias\/wp-content\/uploads\/2024\/09\/policia.jpg",945,556,false],"covernews-medium":["https:\/\/diariotiempo.com.uy\/noticias\/wp-content\/uploads\/2024\/09\/policia-540x340.jpg",540,340,true],"covernews-medium-square":["https:\/\/diariotiempo.com.uy\/noticias\/wp-content\/uploads\/2024\/09\/policia-400x250.jpg",400,250,true]},"author_info":{"display_name":"diario","author_link":"https:\/\/diariotiempo.com.uy\/noticias\/author\/diario\/"},"category_info":"<a href=\"https:\/\/diariotiempo.com.uy\/noticias\/category\/noticia-destacada\/\" rel=\"category tag\">NOTICIA DESTACADA<\/a>","tag_info":"NOTICIA DESTACADA","comment_count":"0","_links":{"self":[{"href":"https:\/\/diariotiempo.com.uy\/noticias\/wp-json\/wp\/v2\/posts\/16038","targetHints":{"allow":["GET"]}}],"collection":[{"href":"https:\/\/diariotiempo.com.uy\/noticias\/wp-json\/wp\/v2\/posts"}],"about":[{"href":"https:\/\/diariotiempo.com.uy\/noticias\/wp-json\/wp\/v2\/types\/post"}],"author":[{"embeddable":true,"href":"https:\/\/diariotiempo.com.uy\/noticias\/wp-json\/wp\/v2\/users\/1"}],"replies":[{"embeddable":true,"href":"https:\/\/diariotiempo.com.uy\/noticias\/wp-json\/wp\/v2\/comments?post=16038"}],"version-history":[{"count":1,"href":"https:\/\/diariotiempo.com.uy\/noticias\/wp-json\/wp\/v2\/posts\/16038\/revisions"}],"predecessor-version":[{"id":16041,"href":"https:\/\/diariotiempo.com.uy\/noticias\/wp-json\/wp\/v2\/posts\/16038\/revisions\/16041"}],"wp:featuredmedia":[{"embeddable":true,"href":"https:\/\/diariotiempo.com.uy\/noticias\/wp-json\/wp\/v2\/media\/16040"}],"wp:attachment":[{"href":"https:\/\/diariotiempo.com.uy\/noticias\/wp-json\/wp\/v2\/media?parent=16038"}],"wp:term":[{"taxonomy":"category","embeddable":true,"href":"https:\/\/diariotiempo.com.uy\/noticias\/wp-json\/wp\/v2\/categories?post=16038"},{"taxonomy":"post_tag","embeddable":true,"href":"https:\/\/diariotiempo.com.uy\/noticias\/wp-json\/wp\/v2\/tags?post=16038"}],"curies":[{"name":"wp","href":"https:\/\/api.w.org\/{rel}","templated":true}]}}