{"id":16042,"date":"2024-09-11T14:37:33","date_gmt":"2024-09-11T14:37:33","guid":{"rendered":"https:\/\/diariotiempo.com.uy\/noticias\/?p=16042"},"modified":"2024-09-11T14:37:34","modified_gmt":"2024-09-11T14:37:34","slug":"dia-nacional-de-prevencion-de-la-prematurez-20-anos-del-banco-de-leche-humana-del-hospital-de-la-mujer-del-pereira-rossell","status":"publish","type":"post","link":"https:\/\/diariotiempo.com.uy\/noticias\/2024\/09\/11\/dia-nacional-de-prevencion-de-la-prematurez-20-anos-del-banco-de-leche-humana-del-hospital-de-la-mujer-del-pereira-rossell\/","title":{"rendered":"D\u00eda Nacional de Prevenci\u00f3n de la Prematurez: 20 a\u00f1os del Banco\u00a0de Leche Humana del Hospital de La Mujer del Pereira Rossell"},"content":{"rendered":"\n<figure class=\"wp-block-image size-full\"><img loading=\"lazy\" decoding=\"async\" width=\"922\" height=\"615\" src=\"https:\/\/diariotiempo.com.uy\/noticias\/wp-content\/uploads\/2024\/09\/LECHE.jpg\" alt=\"\" class=\"wp-image-16043\" srcset=\"https:\/\/diariotiempo.com.uy\/noticias\/wp-content\/uploads\/2024\/09\/LECHE.jpg 922w, https:\/\/diariotiempo.com.uy\/noticias\/wp-content\/uploads\/2024\/09\/LECHE-300x200.jpg 300w, https:\/\/diariotiempo.com.uy\/noticias\/wp-content\/uploads\/2024\/09\/LECHE-768x512.jpg 768w\" sizes=\"auto, (max-width: 922px) 100vw, 922px\" \/><\/figure>\n\n\n\n<p>Con la participaci\u00f3n de la Presidenta (i) de la Rep\u00fablica, Beatriz Argim\u00f3n, este lunes 9 de setiembre, en el marco del D\u00eda Nacional de Prevenci\u00f3n de la Prematurez, se realiz\u00f3 el acto de entrega de un sello conmemorativo al Banco de Leche Humana del Hospital de la Mujer del CHPR, a 20 a\u00f1os de su creaci\u00f3n.<\/p>\n\n\n\n<p>Asimismo, a instancias de la Fundaci\u00f3n \u00c1lvarez Caldeyro Barcia, se entregaron dos nuevos equipos que mejorar\u00e1n la asistencia a los ni\u00f1os prematuros.<\/p>\n\n\n\n<p>Beatriz Argim\u00f3n subray\u00f3 que \u00abestamos celebrando la vida\u00bb, destacando los avances del Banco de Leche Humana en el transcurso del tiempo, as\u00ed como tambi\u00e9n el trabajo de la Fundaci\u00f3n \u00c1lvarez Caldeyro Barcia en apoyo a los reci\u00e9n nacidos.<\/p>\n\n\n\n<p>El Presidente de ASSE, Marcelo Sosa, hizo hincapi\u00e9 en la importancia de la prevenci\u00f3n y la realizaci\u00f3n de los controles durante el embarazo y enfatiz\u00f3 los logros alcanzados, as\u00ed como tambi\u00e9n el hito que ha significado las cirug\u00edas fetales realizadas en el Pereira Rossell. Agradeci\u00f3 a la Fundaci\u00f3n, a la solidaridad de los uruguayos, a las madres donantes y a los funcionarios.<\/p>\n\n\n\n<p>En tanto, la Directora del Hospital de la Mujer, Risel Su\u00e1rez, enfatiz\u00f3 la importancia de este centro asistencial de referencia para ASSE a nivel nacional.<\/p>\n\n\n\n<p>Por su parte, la Presidenta del Banco de Leche Humana, Manuela De Mar\u00eda, realiz\u00f3 una rese\u00f1a hist\u00f3rica y se\u00f1al\u00f3 la importancia de la disminuci\u00f3n de la mortalidad infantil.<\/p>\n\n\n\n<p>Expres\u00f3 que el Banco lleva adelante un trabajo ejemplar en la recolecci\u00f3n, procesamiento y entrega de leche segura a todos los reci\u00e9n nacidos prematuros internados en las unidades neonatales de Montevideo y el Interior del pa\u00eds, tanto de instituciones p\u00fablicas como privadas. A\u00f1adi\u00f3 que por a\u00f1o, se procesan unos 2.500 litros de leche.<\/p>\n\n\n\n<p>En cuanto al sello conmemorativo, el Vicepresidente del Correo Uruguayo, Julio Silveira, manifest\u00f3 que los 20 a\u00f1os del Banco pasa a formar parte del acervo nacional y valor\u00f3 el trabajo que se viene desplegando con ASSE en la log\u00edstica de entrega de medicamentos en el departamento de Canelones.<\/p>\n\n\n\n<p>El Presidente de la Fundaci\u00f3n \u00c1lvarez Caldeyro Barcia, expres\u00f3 que las palabras que definen la actividad son \u00abgracias y orgullo\u00bb de estar en el Hospital de la Mujer trabajando desde hace 25 a\u00f1os por la prematurez. Agreg\u00f3 que en esta oportunidad, se ponen en funcionamiento dos nuevos equipos: un analizador de leche humana (el primero de Am\u00e9rica Latina), que permitir\u00e1 brindar una dieta de acuerdo al peso y edad gestacional del reci\u00e9n nacido, as\u00ed como tambi\u00e9n un aparato que posibilita visualizar las venas del beb\u00e9.<\/p>\n\n\n\n<p>Fuente y foto :https:ASSE<\/p>\n","protected":false},"excerpt":{"rendered":"<p>Con la participaci\u00f3n de la Presidenta (i) de la Rep\u00fablica, Beatriz Argim\u00f3n, este lunes 9&#8230;<\/p>\n","protected":false},"author":1,"featured_media":16043,"comment_status":"closed","ping_status":"closed","sticky":false,"template":"","format":"standard","meta":{"_monsterinsights_skip_tracking":false,"_monsterinsights_sitenote_active":false,"_monsterinsights_sitenote_note":"","_monsterinsights_sitenote_category":0,"footnotes":""},"categories":[79],"tags":[],"class_list":["post-16042","post","type-post","status-publish","format-standard","has-post-thumbnail","hentry","category-nacionales"],"featured_image_urls":{"full":["https:\/\/diariotiempo.com.uy\/noticias\/wp-content\/uploads\/2024\/09\/LECHE.jpg",922,615,false],"thumbnail":["https:\/\/diariotiempo.com.uy\/noticias\/wp-content\/uploads\/2024\/09\/LECHE-150x150.jpg",150,150,true],"medium":["https:\/\/diariotiempo.com.uy\/noticias\/wp-content\/uploads\/2024\/09\/LECHE-300x200.jpg",300,200,true],"medium_large":["https:\/\/diariotiempo.com.uy\/noticias\/wp-content\/uploads\/2024\/09\/LECHE-768x512.jpg",640,427,true],"large":["https:\/\/diariotiempo.com.uy\/noticias\/wp-content\/uploads\/2024\/09\/LECHE.jpg",640,427,false],"rpg_gallery_admin_thumb":["https:\/\/diariotiempo.com.uy\/noticias\/wp-content\/uploads\/2024\/09\/LECHE-150x150.jpg",150,150,true],"rpg_gallery_thumb":["https:\/\/diariotiempo.com.uy\/noticias\/wp-content\/uploads\/2024\/09\/LECHE-150x150.jpg",150,150,true],"1536x1536":["https:\/\/diariotiempo.com.uy\/noticias\/wp-content\/uploads\/2024\/09\/LECHE.jpg",922,615,false],"2048x2048":["https:\/\/diariotiempo.com.uy\/noticias\/wp-content\/uploads\/2024\/09\/LECHE.jpg",922,615,false],"covernews-slider-full":["https:\/\/diariotiempo.com.uy\/noticias\/wp-content\/uploads\/2024\/09\/LECHE.jpg",922,615,false],"covernews-slider-center":["https:\/\/diariotiempo.com.uy\/noticias\/wp-content\/uploads\/2024\/09\/LECHE-800x500.jpg",800,500,true],"covernews-featured":["https:\/\/diariotiempo.com.uy\/noticias\/wp-content\/uploads\/2024\/09\/LECHE.jpg",922,615,false],"covernews-medium":["https:\/\/diariotiempo.com.uy\/noticias\/wp-content\/uploads\/2024\/09\/LECHE-540x340.jpg",540,340,true],"covernews-medium-square":["https:\/\/diariotiempo.com.uy\/noticias\/wp-content\/uploads\/2024\/09\/LECHE-400x250.jpg",400,250,true]},"author_info":{"display_name":"diario","author_link":"https:\/\/diariotiempo.com.uy\/noticias\/author\/diario\/"},"category_info":"<a href=\"https:\/\/diariotiempo.com.uy\/noticias\/category\/nacionales\/\" rel=\"category tag\">NACIONALES<\/a>","tag_info":"NACIONALES","comment_count":"0","_links":{"self":[{"href":"https:\/\/diariotiempo.com.uy\/noticias\/wp-json\/wp\/v2\/posts\/16042","targetHints":{"allow":["GET"]}}],"collection":[{"href":"https:\/\/diariotiempo.com.uy\/noticias\/wp-json\/wp\/v2\/posts"}],"about":[{"href":"https:\/\/diariotiempo.com.uy\/noticias\/wp-json\/wp\/v2\/types\/post"}],"author":[{"embeddable":true,"href":"https:\/\/diariotiempo.com.uy\/noticias\/wp-json\/wp\/v2\/users\/1"}],"replies":[{"embeddable":true,"href":"https:\/\/diariotiempo.com.uy\/noticias\/wp-json\/wp\/v2\/comments?post=16042"}],"version-history":[{"count":1,"href":"https:\/\/diariotiempo.com.uy\/noticias\/wp-json\/wp\/v2\/posts\/16042\/revisions"}],"predecessor-version":[{"id":16044,"href":"https:\/\/diariotiempo.com.uy\/noticias\/wp-json\/wp\/v2\/posts\/16042\/revisions\/16044"}],"wp:featuredmedia":[{"embeddable":true,"href":"https:\/\/diariotiempo.com.uy\/noticias\/wp-json\/wp\/v2\/media\/16043"}],"wp:attachment":[{"href":"https:\/\/diariotiempo.com.uy\/noticias\/wp-json\/wp\/v2\/media?parent=16042"}],"wp:term":[{"taxonomy":"category","embeddable":true,"href":"https:\/\/diariotiempo.com.uy\/noticias\/wp-json\/wp\/v2\/categories?post=16042"},{"taxonomy":"post_tag","embeddable":true,"href":"https:\/\/diariotiempo.com.uy\/noticias\/wp-json\/wp\/v2\/tags?post=16042"}],"curies":[{"name":"wp","href":"https:\/\/api.w.org\/{rel}","templated":true}]}}