{"id":16082,"date":"2024-09-13T15:46:40","date_gmt":"2024-09-13T15:46:40","guid":{"rendered":"https:\/\/diariotiempo.com.uy\/noticias\/?p=16082"},"modified":"2024-09-13T15:46:51","modified_gmt":"2024-09-13T15:46:51","slug":"importante-presencia-de-canelones-en-la-expo-prado-2024","status":"publish","type":"post","link":"https:\/\/diariotiempo.com.uy\/noticias\/2024\/09\/13\/importante-presencia-de-canelones-en-la-expo-prado-2024\/","title":{"rendered":"Importante presencia de Canelones en la Expo Prado 2024"},"content":{"rendered":"\n<figure class=\"wp-block-gallery has-nested-images columns-default is-cropped wp-block-gallery-1 is-layout-flex wp-block-gallery-is-layout-flex\">\n<figure class=\"wp-block-image size-large\"><img loading=\"lazy\" decoding=\"async\" width=\"342\" height=\"561\" data-id=\"16083\" src=\"https:\/\/diariotiempo.com.uy\/noticias\/wp-content\/uploads\/2024\/09\/2.jpg\" alt=\"\" class=\"wp-image-16083\" srcset=\"https:\/\/diariotiempo.com.uy\/noticias\/wp-content\/uploads\/2024\/09\/2.jpg 342w, https:\/\/diariotiempo.com.uy\/noticias\/wp-content\/uploads\/2024\/09\/2-183x300.jpg 183w\" sizes=\"auto, (max-width: 342px) 100vw, 342px\" \/><\/figure>\n\n\n\n<figure class=\"wp-block-image size-large\"><img loading=\"lazy\" decoding=\"async\" width=\"594\" height=\"431\" data-id=\"16085\" src=\"https:\/\/diariotiempo.com.uy\/noticias\/wp-content\/uploads\/2024\/09\/3.jpg\" alt=\"\" class=\"wp-image-16085\" srcset=\"https:\/\/diariotiempo.com.uy\/noticias\/wp-content\/uploads\/2024\/09\/3.jpg 594w, https:\/\/diariotiempo.com.uy\/noticias\/wp-content\/uploads\/2024\/09\/3-300x218.jpg 300w\" sizes=\"auto, (max-width: 594px) 100vw, 594px\" \/><\/figure>\n\n\n\n<figure class=\"wp-block-image size-large\"><img loading=\"lazy\" decoding=\"async\" width=\"351\" height=\"539\" data-id=\"16084\" src=\"https:\/\/diariotiempo.com.uy\/noticias\/wp-content\/uploads\/2024\/09\/4.jpg\" alt=\"\" class=\"wp-image-16084\" srcset=\"https:\/\/diariotiempo.com.uy\/noticias\/wp-content\/uploads\/2024\/09\/4.jpg 351w, https:\/\/diariotiempo.com.uy\/noticias\/wp-content\/uploads\/2024\/09\/4-195x300.jpg 195w\" sizes=\"auto, (max-width: 351px) 100vw, 351px\" \/><\/figure>\n\n\n\n<figure class=\"wp-block-image size-large\"><img loading=\"lazy\" decoding=\"async\" width=\"713\" height=\"854\" data-id=\"16086\" src=\"https:\/\/diariotiempo.com.uy\/noticias\/wp-content\/uploads\/2024\/09\/1.jpg\" alt=\"\" class=\"wp-image-16086\" srcset=\"https:\/\/diariotiempo.com.uy\/noticias\/wp-content\/uploads\/2024\/09\/1.jpg 713w, https:\/\/diariotiempo.com.uy\/noticias\/wp-content\/uploads\/2024\/09\/1-250x300.jpg 250w\" sizes=\"auto, (max-width: 713px) 100vw, 713px\" \/><\/figure>\n<\/figure>\n\n\n\n<p><strong>Producci\u00f3n de calidad desde Sauce<\/strong><\/p>\n\n\n\n<p>Industrial Pancini, tambi\u00e9n est\u00e1 presente en el Pabell\u00f3n de Canelones de la Expo Prado 2024, con su principal marca La Granjera. Arrimate a probar sus dulces y mermeladas premium. Todos los d\u00edas de 9 a 20 h en el Pabell\u00f3n B1 (Foto web La Granjera)<\/p>\n\n\n\n<p>Moda artesanal desde Atl\u00e1ntida<\/p>\n\n\n\n<p>Livr\u00e9 Moda Consciente, se encuentra presente en nuestro Pabell\u00f3n B11 en la Expo Prado2024<br>Acercate y conoc\u00e9 su indumentaria hecha con fibra y tintes naturales. (foto captura)<\/p>\n\n\n\n<p>Entrebichitos, desde el Polo de Econom\u00eda Circular de Pando<\/p>\n\n\n\n<p>Entrebichitos, una cooperativa canaria que presenta sus productos basados en la biotecnolog\u00eda para la industria, el agro o el hogar. Son productos para el pozo s\u00e9ptico para el agro, industria, hogar. Los conoces? Queres saber m\u00e1s? &nbsp;En el Pabell\u00f3n B11 de la Expo Prado 2024 podes encontrar estos y muchos productos m\u00e1s durante toda la semana. (foto captura)<\/p>\n\n\n\n<p>Marindia presente con Beekind y sus envoltorios 100 % ecol\u00f3gicos<\/p>\n\n\n\n<p>Marindia tambi\u00e9n dice presente en la Expo Prado2024 con<\/p>\n\n\n\n<p>Beekind, emprendimiento que elabora envoltorios 100 % ecol\u00f3gicos para mantener tus alimentos m\u00e1s frescos.<\/p>\n\n\n\n<p>(foto Inst. Beeking uy)<\/p>\n","protected":false},"excerpt":{"rendered":"<p>Producci\u00f3n de calidad desde Sauce Industrial Pancini, tambi\u00e9n est\u00e1 presente en el Pabell\u00f3n de Canelones&#8230;<\/p>\n","protected":false},"author":1,"featured_media":16085,"comment_status":"closed","ping_status":"closed","sticky":false,"template":"","format":"standard","meta":{"_monsterinsights_skip_tracking":false,"_monsterinsights_sitenote_active":false,"_monsterinsights_sitenote_note":"","_monsterinsights_sitenote_category":0,"footnotes":""},"categories":[4,1],"tags":[],"class_list":["post-16082","post","type-post","status-publish","format-standard","has-post-thumbnail","hentry","category-departamental","category-uncategorized"],"featured_image_urls":{"full":["https:\/\/diariotiempo.com.uy\/noticias\/wp-content\/uploads\/2024\/09\/3.jpg",594,431,false],"thumbnail":["https:\/\/diariotiempo.com.uy\/noticias\/wp-content\/uploads\/2024\/09\/3-150x150.jpg",150,150,true],"medium":["https:\/\/diariotiempo.com.uy\/noticias\/wp-content\/uploads\/2024\/09\/3-300x218.jpg",300,218,true],"medium_large":["https:\/\/diariotiempo.com.uy\/noticias\/wp-content\/uploads\/2024\/09\/3.jpg",594,431,false],"large":["https:\/\/diariotiempo.com.uy\/noticias\/wp-content\/uploads\/2024\/09\/3.jpg",594,431,false],"rpg_gallery_admin_thumb":["https:\/\/diariotiempo.com.uy\/noticias\/wp-content\/uploads\/2024\/09\/3-150x150.jpg",150,150,true],"rpg_gallery_thumb":["https:\/\/diariotiempo.com.uy\/noticias\/wp-content\/uploads\/2024\/09\/3-150x150.jpg",150,150,true],"1536x1536":["https:\/\/diariotiempo.com.uy\/noticias\/wp-content\/uploads\/2024\/09\/3.jpg",594,431,false],"2048x2048":["https:\/\/diariotiempo.com.uy\/noticias\/wp-content\/uploads\/2024\/09\/3.jpg",594,431,false],"covernews-slider-full":["https:\/\/diariotiempo.com.uy\/noticias\/wp-content\/uploads\/2024\/09\/3.jpg",594,431,false],"covernews-slider-center":["https:\/\/diariotiempo.com.uy\/noticias\/wp-content\/uploads\/2024\/09\/3.jpg",594,431,false],"covernews-featured":["https:\/\/diariotiempo.com.uy\/noticias\/wp-content\/uploads\/2024\/09\/3.jpg",594,431,false],"covernews-medium":["https:\/\/diariotiempo.com.uy\/noticias\/wp-content\/uploads\/2024\/09\/3-540x340.jpg",540,340,true],"covernews-medium-square":["https:\/\/diariotiempo.com.uy\/noticias\/wp-content\/uploads\/2024\/09\/3-400x250.jpg",400,250,true]},"author_info":{"display_name":"diario","author_link":"https:\/\/diariotiempo.com.uy\/noticias\/author\/diario\/"},"category_info":"<a href=\"https:\/\/diariotiempo.com.uy\/noticias\/category\/departamental\/\" rel=\"category tag\">DEPARTAMENTAL<\/a> <a href=\"https:\/\/diariotiempo.com.uy\/noticias\/category\/uncategorized\/\" rel=\"category tag\">NOTICIAS<\/a>","tag_info":"NOTICIAS","comment_count":"0","_links":{"self":[{"href":"https:\/\/diariotiempo.com.uy\/noticias\/wp-json\/wp\/v2\/posts\/16082","targetHints":{"allow":["GET"]}}],"collection":[{"href":"https:\/\/diariotiempo.com.uy\/noticias\/wp-json\/wp\/v2\/posts"}],"about":[{"href":"https:\/\/diariotiempo.com.uy\/noticias\/wp-json\/wp\/v2\/types\/post"}],"author":[{"embeddable":true,"href":"https:\/\/diariotiempo.com.uy\/noticias\/wp-json\/wp\/v2\/users\/1"}],"replies":[{"embeddable":true,"href":"https:\/\/diariotiempo.com.uy\/noticias\/wp-json\/wp\/v2\/comments?post=16082"}],"version-history":[{"count":1,"href":"https:\/\/diariotiempo.com.uy\/noticias\/wp-json\/wp\/v2\/posts\/16082\/revisions"}],"predecessor-version":[{"id":16087,"href":"https:\/\/diariotiempo.com.uy\/noticias\/wp-json\/wp\/v2\/posts\/16082\/revisions\/16087"}],"wp:featuredmedia":[{"embeddable":true,"href":"https:\/\/diariotiempo.com.uy\/noticias\/wp-json\/wp\/v2\/media\/16085"}],"wp:attachment":[{"href":"https:\/\/diariotiempo.com.uy\/noticias\/wp-json\/wp\/v2\/media?parent=16082"}],"wp:term":[{"taxonomy":"category","embeddable":true,"href":"https:\/\/diariotiempo.com.uy\/noticias\/wp-json\/wp\/v2\/categories?post=16082"},{"taxonomy":"post_tag","embeddable":true,"href":"https:\/\/diariotiempo.com.uy\/noticias\/wp-json\/wp\/v2\/tags?post=16082"}],"curies":[{"name":"wp","href":"https:\/\/api.w.org\/{rel}","templated":true}]}}