{"id":16088,"date":"2024-09-13T15:47:41","date_gmt":"2024-09-13T15:47:41","guid":{"rendered":"https:\/\/diariotiempo.com.uy\/noticias\/?p=16088"},"modified":"2024-09-13T15:47:42","modified_gmt":"2024-09-13T15:47:42","slug":"si-la-farandula-y-los-intereses-personales-atraviesan-la-politica-los-principios-se-van-al-carajo","status":"publish","type":"post","link":"https:\/\/diariotiempo.com.uy\/noticias\/2024\/09\/13\/si-la-farandula-y-los-intereses-personales-atraviesan-la-politica-los-principios-se-van-al-carajo\/","title":{"rendered":"SI LA FAR\u00c1NDULA Y LOS INTERESES PERSONALES ATRAVIESAN LA POL\u00cdTICA LOS PRINCIPIOS SE VAN AL CARAJO"},"content":{"rendered":"\n<p>Desde siempre los partidos pol\u00edticos se han regido por un conjunto de ideas y principios que le hacen diferente al resto del espectro pol\u00edtico, social e incluso aunque menos definido, econ\u00f3mico.<\/p>\n\n\n\n<p>En la primera mitad del siglo 20 las diferenciaciones eran irrenunciables y si bien hubieron aproximaciones entre blancos con colorados por ejemplo en la dictadura de Terra (el edec\u00e1n de este era el padre del Goyo \u00c1lvarez), en general las dos divisas no cruzaban o amortiguaban sus diferencias originales, alimentadas por las cercan\u00edas a\u00fan de las contiendas b\u00e9licas.<\/p>\n\n\n\n<p>Con el tiempo y las circunstancias de ser siempre oposici\u00f3n el partido nacional acept\u00f3 hacer un acuerdo con un periodista radial de filosof\u00eda conservadora, cat\u00f3lica y sin demasiado apego por las divisas; con este precursor de Almagro consigui\u00f3 el triunfo, pero la victoria le dur\u00f3 solo dos periodos, dejando al descubierto que su compa\u00f1ero de coalici\u00f3n era un socio poco confiable (se nos meti\u00f3 una rata en el partido se lleg\u00f3 o\u00edr decir).<\/p>\n\n\n\n<p>Muchas de las banderas de aquel ruralismo hoy las reencarnar\u00eda Cabildo Abierto, justamente llevando el nombre de la principal forma &nbsp;de convocatoria popular que utiliz\u00f3 Nardone, para embaucar a los peque\u00f1os productores con un discurso popular y agrario de enfrentamiento con los \u00abpar\u00e1sitos de la capital\u00bb, hasta que logr\u00f3 ser parte de y los pobres de los ranchos de paja con terr\u00f3n siguieron esquivando la &nbsp;vinchuca y\/o tomando agua de la cachimba.<\/p>\n\n\n\n<p>La forma de llegada a las masas campesinas fue mediante una radio de alcance nacional (se sigue llamando rural) y su l\u00ednea editorial, as\u00ed como algunos de sus periodistas tratan de emular a don Benito, desde cuyos micr\u00f3fonos arengaba diariamente hasta conseguir una masa cr\u00edtica muy importante y si bien ten\u00eda su origen en los colorados, los cuales fueron &nbsp;muy combativos posteriormente, supo infiltrarse en filas blancas hasta conseguir su objetivo de poder, como presidente del colegiado.<\/p>\n\n\n\n<p>De cualquier manera debo reconocer que aquel periodista venido en pol\u00edtico tuvo que recorrer un camino largo y sinuoso para llegar a las primeras filas e incluso su arrime electoral fue clave para el triunfo del 58 luego de 93 a\u00f1os de oposici\u00f3n continua, l\u00e1stima que Herrera su art\u00edfice no pudo saborear las mieles de la victoria y sus disc\u00edpulos no hicieron mucho para conservarle, solamente un per\u00edodo m\u00e1s pero bajo la egida de los independientes o sea no herreristas.<\/p>\n\n\n\n<p>Desde siempre los partidos pol\u00edticos se han nutrido de personas de otros \u00e1mbitos de la realidad nacional,actores sociales, del deporte , el periodismo o cualquier otra manifestaci\u00f3n popular , pero en los \u00faltimos tiempos han surgido como de un ba\u00fal m\u00e1gico personajes con escasa voluntad y formaci\u00f3n, para embarrarse los zapatos acerc\u00e1ndose directamente a sus votantes , lo hacen mediante la pantalla boba donde los mensajes son m\u00e1s masivos, menos analizados , siendo lo banal lo m\u00e1s cotizado. No quisiera dejar de lado la importancia de las corporaciones empresariales y sindicales en el aporte continuo hacia los cuadros pol\u00edticos, como desde siempre lo ha sido la Universidad, pero para muchos es menos identificables aquellos allegados desde la masoner\u00eda o el Opus Die, que han estado presente desde siempre en los gobiernos sin mayores necesidades de participaci\u00f3n en la contienda electoral, por ejemplo el Sr Walter Nessi o Sunino con Sanguinetti, Toma con Tabar\u00e9 V\u00e1zquez, o los Dres. &nbsp;Acosta o Barrera con Jorge Batlle.<\/p>\n\n\n\n<p>Ning\u00fan partido est\u00e1 exento de contar en sus filas o incluso liderar las huestes de seguidores por parte de personas sin mucha formaci\u00f3n pol\u00edtica, pero con presencia en la pantalla; en cualquier momento incluye al colorado de Omar en las listas de San Jos\u00e9 para juntar algunos votitos.<\/p>\n\n\n\n<p>Todo suma &nbsp;e incluso hay sectores con este nombre dejando en claro que importa menos la calidad en favor de la cantidad, es as\u00ed que se recurre a personajes con incidencia barrial o incluso nacional, sin importar mucho sus valores personales o de c\u00f3mo lleg\u00f3 a esa posici\u00f3n de arraigo social, lo que ha llevado &nbsp;muchas veces a incluir en las listas a personajes de dudosa estirpe (todo los d\u00edas en los partidos mayores aparecen representantes con comportamientos de \u00edndole moral, \u00e9tico e incluso delictivo).<\/p>\n\n\n\n<p>Desde hace a\u00f1os los partidos se vienen nutriendo de la televisi\u00f3n, los medios en general o incluso de algunas personas de relevancia en el deporte, ya no como dirigente, sino como protagonista directo (ahora Alves el golero se postula para atajar penales en un departamento como ya lo hizo Ser\u00e9 en Montevideo), siendo el m\u00e1s recordado Hugo De Le\u00f3n como candidato a Vice del partido colorado.<\/p>\n\n\n\n<p>En estos tiempos ha habido periodistas o incluso panelistas que han optado por la v\u00eda electoral, Sotelo y Botero &nbsp;en el Partido Independiente, Puglia en el Nacional y ahora Ojeda que si bien ya ten\u00eda trayectoria pol\u00edtica se ha hecho conocido por sus participaciones en la tv, todos han saltado al estrellato pol\u00edtico gracias a la publicidad invisible de los medios de participaci\u00f3n masiva o no tanto.<\/p>\n\n\n\n<p>Lentamente estamos tendiendo a la farandulizaci\u00f3n de la pol\u00edtica parecida a la argentina, donde personajes como Moria &nbsp;Cas\u00e1n , Nito Artaza, Miguel del Sel &nbsp;o &nbsp;Dani Brieva &nbsp;llegan a lo m\u00e1s alto de las preferencias populares hasta &nbsp;que caen en el olvido; por suerte todav\u00eda los nuevos cantantes o futbolistas no les ha dado por participar porque ser\u00eda caer a un rid\u00edculo &nbsp;sin retorno (solamente un tal Gucci, se ha animado a probar algunos pasitos de la dial\u00e9ctica equivocada).<\/p>\n\n\n\n<p>Los \u00faltimos acontecimientos son diferentes en cuanto a la formaci\u00f3n pol\u00edtica de las involucradas y sin quiz\u00e1s su condici\u00f3n de mujeres les hagan m\u00e1s vulnerables &nbsp;a las cr\u00edticas, y nos guste o no Ripoll tiene trayectoria sindical que la avala al igual que Pereira u otros ex dirigentes sindicales, &nbsp;as\u00ed como Blanca Rodr\u00edguez o Iliana Da Silva ahora, con larga trayectoria en los medios con una actitud investigativa de la realidad que les ha tocado analizar. Estas dos \u00faltimas no son simples lectoras de noticias, son periodistas en el m\u00e1s amplio sentido de la palabra y con una trayectoria muy larga en los medios. Un caso diferente pero que igual concit\u00f3 la atenci\u00f3n fue el despliegue de Yesi L\u00f3pez (comentarista de VTV en carnaval y bailarina) junto a otros m\u00fasicos y la batuta de Torena (pato celeste), quien fiel a sus ra\u00edces concentr\u00f3 su discurso previo &nbsp;deleitando a sus seguidores con un gran despliegue candombero, aunque opinando sobre la realidad nacional nunca he podido aquilatar su conocimiento. Quisiera terminar con la canci\u00f3n de Tabar\u00e9 Cardozo de \u00abtodo el mundo tiene o deber\u00eda tener\u00bb un acomodado que curra en pol\u00edtica, porque refleja muy bien el sentir uruguayo y porque no, de quienes ponen su imagen con coraz\u00f3n a favor de una causa pol\u00edtica, no creo que todo sea mirando su bolsillo, en la mayor\u00eda son convicciones o cuando menos posturas sinceras, pero coyunturales con algo de oportunismo, que siempre est\u00e1 presente en esto de las contiendas electorales, o aquellos que piden posiciones en las listas, para mantenerse sentados en el parlamento o alg\u00fan carguito con estufa, no muestran tambi\u00e9n conveniencia personal con altas dosis de sinismo?.<\/p>\n","protected":false},"excerpt":{"rendered":"<p>Desde siempre los partidos pol\u00edticos se han regido por un conjunto de ideas y principios&#8230;<\/p>\n","protected":false},"author":1,"featured_media":1160,"comment_status":"closed","ping_status":"closed","sticky":false,"template":"","format":"standard","meta":{"_monsterinsights_skip_tracking":false,"_monsterinsights_sitenote_active":false,"_monsterinsights_sitenote_note":"","_monsterinsights_sitenote_category":0,"footnotes":""},"categories":[13],"tags":[],"class_list":["post-16088","post","type-post","status-publish","format-standard","has-post-thumbnail","hentry","category-articulos-de-opinion"],"featured_image_urls":{"full":["https:\/\/diariotiempo.com.uy\/noticias\/wp-content\/uploads\/2021\/07\/Master-Escribe-Casanova.jpg",300,185,false],"thumbnail":["https:\/\/diariotiempo.com.uy\/noticias\/wp-content\/uploads\/2021\/07\/Master-Escribe-Casanova-150x150.jpg",150,150,true],"medium":["https:\/\/diariotiempo.com.uy\/noticias\/wp-content\/uploads\/2021\/07\/Master-Escribe-Casanova.jpg",300,185,false],"medium_large":["https:\/\/diariotiempo.com.uy\/noticias\/wp-content\/uploads\/2021\/07\/Master-Escribe-Casanova.jpg",300,185,false],"large":["https:\/\/diariotiempo.com.uy\/noticias\/wp-content\/uploads\/2021\/07\/Master-Escribe-Casanova.jpg",300,185,false],"rpg_gallery_admin_thumb":["https:\/\/diariotiempo.com.uy\/noticias\/wp-content\/uploads\/2021\/07\/Master-Escribe-Casanova.jpg",150,93,false],"rpg_gallery_thumb":["https:\/\/diariotiempo.com.uy\/noticias\/wp-content\/uploads\/2021\/07\/Master-Escribe-Casanova.jpg",150,93,false],"1536x1536":["https:\/\/diariotiempo.com.uy\/noticias\/wp-content\/uploads\/2021\/07\/Master-Escribe-Casanova.jpg",300,185,false],"2048x2048":["https:\/\/diariotiempo.com.uy\/noticias\/wp-content\/uploads\/2021\/07\/Master-Escribe-Casanova.jpg",300,185,false],"covernews-slider-full":["https:\/\/diariotiempo.com.uy\/noticias\/wp-content\/uploads\/2021\/07\/Master-Escribe-Casanova.jpg",300,185,false],"covernews-slider-center":["https:\/\/diariotiempo.com.uy\/noticias\/wp-content\/uploads\/2021\/07\/Master-Escribe-Casanova.jpg",300,185,false],"covernews-featured":["https:\/\/diariotiempo.com.uy\/noticias\/wp-content\/uploads\/2021\/07\/Master-Escribe-Casanova.jpg",300,185,false],"covernews-medium":["https:\/\/diariotiempo.com.uy\/noticias\/wp-content\/uploads\/2021\/07\/Master-Escribe-Casanova.jpg",300,185,false],"covernews-medium-square":["https:\/\/diariotiempo.com.uy\/noticias\/wp-content\/uploads\/2021\/07\/Master-Escribe-Casanova.jpg",300,185,false]},"author_info":{"display_name":"diario","author_link":"https:\/\/diariotiempo.com.uy\/noticias\/author\/diario\/"},"category_info":"<a href=\"https:\/\/diariotiempo.com.uy\/noticias\/category\/opinion\/articulos-de-opinion\/\" rel=\"category tag\">Art\u00edculos de Opini\u00f3n<\/a>","tag_info":"Art\u00edculos de Opini\u00f3n","comment_count":"0","_links":{"self":[{"href":"https:\/\/diariotiempo.com.uy\/noticias\/wp-json\/wp\/v2\/posts\/16088","targetHints":{"allow":["GET"]}}],"collection":[{"href":"https:\/\/diariotiempo.com.uy\/noticias\/wp-json\/wp\/v2\/posts"}],"about":[{"href":"https:\/\/diariotiempo.com.uy\/noticias\/wp-json\/wp\/v2\/types\/post"}],"author":[{"embeddable":true,"href":"https:\/\/diariotiempo.com.uy\/noticias\/wp-json\/wp\/v2\/users\/1"}],"replies":[{"embeddable":true,"href":"https:\/\/diariotiempo.com.uy\/noticias\/wp-json\/wp\/v2\/comments?post=16088"}],"version-history":[{"count":1,"href":"https:\/\/diariotiempo.com.uy\/noticias\/wp-json\/wp\/v2\/posts\/16088\/revisions"}],"predecessor-version":[{"id":16089,"href":"https:\/\/diariotiempo.com.uy\/noticias\/wp-json\/wp\/v2\/posts\/16088\/revisions\/16089"}],"wp:featuredmedia":[{"embeddable":true,"href":"https:\/\/diariotiempo.com.uy\/noticias\/wp-json\/wp\/v2\/media\/1160"}],"wp:attachment":[{"href":"https:\/\/diariotiempo.com.uy\/noticias\/wp-json\/wp\/v2\/media?parent=16088"}],"wp:term":[{"taxonomy":"category","embeddable":true,"href":"https:\/\/diariotiempo.com.uy\/noticias\/wp-json\/wp\/v2\/categories?post=16088"},{"taxonomy":"post_tag","embeddable":true,"href":"https:\/\/diariotiempo.com.uy\/noticias\/wp-json\/wp\/v2\/tags?post=16088"}],"curies":[{"name":"wp","href":"https:\/\/api.w.org\/{rel}","templated":true}]}}