{"id":16090,"date":"2024-09-13T15:48:34","date_gmt":"2024-09-13T15:48:34","guid":{"rendered":"https:\/\/diariotiempo.com.uy\/noticias\/?p=16090"},"modified":"2024-09-13T15:48:35","modified_gmt":"2024-09-13T15:48:35","slug":"destituciones-por-acoso-laboral","status":"publish","type":"post","link":"https:\/\/diariotiempo.com.uy\/noticias\/2024\/09\/13\/destituciones-por-acoso-laboral\/","title":{"rendered":"DESTITUCIONES POR\u00a0ACOSO LABORAL"},"content":{"rendered":"\n<p>Hace pocos d\u00edas, tom\u00f3 estado p\u00fablico la destituci\u00f3n de dos jerarcas de los Servicios Administrativos del Poder Judicial, hecho que por un lado, nos entristece y por otro, habla bien del funcionamiento de las instituciones p\u00fablicas y sus dependencias, al investigar los hechos denunciados y proceder de acuerdo a derecho, ejerciendo el poder disciplinario en el correspondiente sumario contra funcionarios de su repartici\u00f3n. Nos entristece, en la medida que ha llegado a comprobarse que, el funcionario p\u00fablico -que fuera objeto de esta conducta inadmisible por parte de estos desleales jerarcas de uno de los Poderes del Estado- no pudo sobrellevar las presiones recibidas y se quit\u00f3 la vida. Al mismo tiempo y con los resultados de las actuaciones a la vista, nos reconforta saber que los responsables -luego de un debido proceso- han resultado sancionados, en uso de las normas disciplinarias que fueron dictadas en forma general y abstracta y cuya aplicaci\u00f3n, depende en todo caso de sus superiores jer\u00e1rquicos, en nuestro sistema institucional. Desviaciones de conducta, suelen apreciarse en todos los \u00e1mbitos, sin embargo son pocos los casos en que se adopta la m\u00e1xima sanci\u00f3n prevista para quienes revisten la condici\u00f3n de empleados p\u00fablicos. En el asunto que motiva nuestra opini\u00f3n, as\u00ed fue resuelto. Obs\u00e9rvese que, la decisi\u00f3n adoptada, deja fuera de la funci\u00f3n p\u00fablica y los remueve de sus cargos a estos infames acosadores, por la comprobaci\u00f3n de su ileg\u00edtimo proceder. Se les aplic\u00f3 la norma legal como deb\u00eda ser y ello a nuestro entender refuerza la institucionalidad de nuestro sistema democr\u00e1tico y republicano. Pero a\u00fan, m\u00e1s all\u00e1 de lo decidido a nivel administrativo, se dispuso tambi\u00e9n que se comunicara a Fiscal\u00eda, para la formalizaci\u00f3n de ambos e instrucci\u00f3n del proceso que puede acarrearles el reproche penal. De modo que debe celebrarse que se ha actuado en la especie, con todo el peso de la Ley y sin perjuicio de las reparaciones de tipo civil en la que pueden verse involucrados, por su ileg\u00edtima conducta en contra de sus subordinados por violencia, malos tratos y acoso laboral en esa dependencia del Estado. La extrema gravedad de lo comprobado ha ameritado el resultado que comentamos y motiv\u00f3 adem\u00e1s, la renuncia de su inmediato superior jer\u00e1rquico de cuya confianza gozaran, quien tampoco deb\u00eda ser ajeno a estos malos tratos y violencia psicol\u00f3gica inaceptables que ha sido ampliamente comprobado que ejerc\u00edan, generando un clima irrespirable de violencia cotidiana, donde no estaba ausente el abuso de poder ni el manejo arbitrario de las compensaciones por horario extraordinario, jugando con la necesidad de estos trabajadores estatales, obligados a solicitar su traslado al ser objeto de su inaceptable como ileg\u00edtimo accionar. La institucionalidad ha quedado resguardada en este asunto, en la medida que se dio curso a las denuncias recibidas y se procedi\u00f3 de acuerdo a derecho, sindicando a los responsables e imponi\u00e9ndoles las m\u00e1ximas sanciones posibles. &nbsp; &nbsp; &nbsp; &nbsp; &nbsp; &nbsp; &nbsp;<\/p>\n","protected":false},"excerpt":{"rendered":"<p>Hace pocos d\u00edas, tom\u00f3 estado p\u00fablico la destituci\u00f3n de dos jerarcas de los Servicios Administrativos&#8230;<\/p>\n","protected":false},"author":1,"featured_media":1157,"comment_status":"closed","ping_status":"closed","sticky":false,"template":"","format":"standard","meta":{"_monsterinsights_skip_tracking":false,"_monsterinsights_sitenote_active":false,"_monsterinsights_sitenote_note":"","_monsterinsights_sitenote_category":0,"footnotes":""},"categories":[13],"tags":[],"class_list":["post-16090","post","type-post","status-publish","format-standard","has-post-thumbnail","hentry","category-articulos-de-opinion"],"featured_image_urls":{"full":["https:\/\/diariotiempo.com.uy\/noticias\/wp-content\/uploads\/2021\/07\/MAster-Escribe-Gioscia.jpg",300,185,false],"thumbnail":["https:\/\/diariotiempo.com.uy\/noticias\/wp-content\/uploads\/2021\/07\/MAster-Escribe-Gioscia-150x150.jpg",150,150,true],"medium":["https:\/\/diariotiempo.com.uy\/noticias\/wp-content\/uploads\/2021\/07\/MAster-Escribe-Gioscia.jpg",300,185,false],"medium_large":["https:\/\/diariotiempo.com.uy\/noticias\/wp-content\/uploads\/2021\/07\/MAster-Escribe-Gioscia.jpg",300,185,false],"large":["https:\/\/diariotiempo.com.uy\/noticias\/wp-content\/uploads\/2021\/07\/MAster-Escribe-Gioscia.jpg",300,185,false],"rpg_gallery_admin_thumb":["https:\/\/diariotiempo.com.uy\/noticias\/wp-content\/uploads\/2021\/07\/MAster-Escribe-Gioscia.jpg",150,93,false],"rpg_gallery_thumb":["https:\/\/diariotiempo.com.uy\/noticias\/wp-content\/uploads\/2021\/07\/MAster-Escribe-Gioscia.jpg",150,93,false],"1536x1536":["https:\/\/diariotiempo.com.uy\/noticias\/wp-content\/uploads\/2021\/07\/MAster-Escribe-Gioscia.jpg",300,185,false],"2048x2048":["https:\/\/diariotiempo.com.uy\/noticias\/wp-content\/uploads\/2021\/07\/MAster-Escribe-Gioscia.jpg",300,185,false],"covernews-slider-full":["https:\/\/diariotiempo.com.uy\/noticias\/wp-content\/uploads\/2021\/07\/MAster-Escribe-Gioscia.jpg",300,185,false],"covernews-slider-center":["https:\/\/diariotiempo.com.uy\/noticias\/wp-content\/uploads\/2021\/07\/MAster-Escribe-Gioscia.jpg",300,185,false],"covernews-featured":["https:\/\/diariotiempo.com.uy\/noticias\/wp-content\/uploads\/2021\/07\/MAster-Escribe-Gioscia.jpg",300,185,false],"covernews-medium":["https:\/\/diariotiempo.com.uy\/noticias\/wp-content\/uploads\/2021\/07\/MAster-Escribe-Gioscia.jpg",300,185,false],"covernews-medium-square":["https:\/\/diariotiempo.com.uy\/noticias\/wp-content\/uploads\/2021\/07\/MAster-Escribe-Gioscia.jpg",300,185,false]},"author_info":{"display_name":"diario","author_link":"https:\/\/diariotiempo.com.uy\/noticias\/author\/diario\/"},"category_info":"<a href=\"https:\/\/diariotiempo.com.uy\/noticias\/category\/opinion\/articulos-de-opinion\/\" rel=\"category tag\">Art\u00edculos de Opini\u00f3n<\/a>","tag_info":"Art\u00edculos de Opini\u00f3n","comment_count":"0","_links":{"self":[{"href":"https:\/\/diariotiempo.com.uy\/noticias\/wp-json\/wp\/v2\/posts\/16090","targetHints":{"allow":["GET"]}}],"collection":[{"href":"https:\/\/diariotiempo.com.uy\/noticias\/wp-json\/wp\/v2\/posts"}],"about":[{"href":"https:\/\/diariotiempo.com.uy\/noticias\/wp-json\/wp\/v2\/types\/post"}],"author":[{"embeddable":true,"href":"https:\/\/diariotiempo.com.uy\/noticias\/wp-json\/wp\/v2\/users\/1"}],"replies":[{"embeddable":true,"href":"https:\/\/diariotiempo.com.uy\/noticias\/wp-json\/wp\/v2\/comments?post=16090"}],"version-history":[{"count":1,"href":"https:\/\/diariotiempo.com.uy\/noticias\/wp-json\/wp\/v2\/posts\/16090\/revisions"}],"predecessor-version":[{"id":16091,"href":"https:\/\/diariotiempo.com.uy\/noticias\/wp-json\/wp\/v2\/posts\/16090\/revisions\/16091"}],"wp:featuredmedia":[{"embeddable":true,"href":"https:\/\/diariotiempo.com.uy\/noticias\/wp-json\/wp\/v2\/media\/1157"}],"wp:attachment":[{"href":"https:\/\/diariotiempo.com.uy\/noticias\/wp-json\/wp\/v2\/media?parent=16090"}],"wp:term":[{"taxonomy":"category","embeddable":true,"href":"https:\/\/diariotiempo.com.uy\/noticias\/wp-json\/wp\/v2\/categories?post=16090"},{"taxonomy":"post_tag","embeddable":true,"href":"https:\/\/diariotiempo.com.uy\/noticias\/wp-json\/wp\/v2\/tags?post=16090"}],"curies":[{"name":"wp","href":"https:\/\/api.w.org\/{rel}","templated":true}]}}