{"id":16099,"date":"2024-09-13T15:53:13","date_gmt":"2024-09-13T15:53:13","guid":{"rendered":"https:\/\/diariotiempo.com.uy\/noticias\/?p=16099"},"modified":"2024-09-13T15:53:14","modified_gmt":"2024-09-13T15:53:14","slug":"san-isidro-campeon-sub-20-y-mayores-apertura-2024","status":"publish","type":"post","link":"https:\/\/diariotiempo.com.uy\/noticias\/2024\/09\/13\/san-isidro-campeon-sub-20-y-mayores-apertura-2024\/","title":{"rendered":"San Isidro Campe\u00f3n Sub 20 y Mayores Apertura 2024"},"content":{"rendered":"\n<figure class=\"wp-block-gallery has-nested-images columns-default is-cropped wp-block-gallery-1 is-layout-flex wp-block-gallery-is-layout-flex\">\n<figure class=\"wp-block-image size-large\"><img loading=\"lazy\" decoding=\"async\" width=\"900\" height=\"600\" data-id=\"16100\" src=\"https:\/\/diariotiempo.com.uy\/noticias\/wp-content\/uploads\/2024\/09\/menores-si.jpg\" alt=\"\" class=\"wp-image-16100\" srcset=\"https:\/\/diariotiempo.com.uy\/noticias\/wp-content\/uploads\/2024\/09\/menores-si.jpg 900w, https:\/\/diariotiempo.com.uy\/noticias\/wp-content\/uploads\/2024\/09\/menores-si-300x200.jpg 300w, https:\/\/diariotiempo.com.uy\/noticias\/wp-content\/uploads\/2024\/09\/menores-si-768x512.jpg 768w\" sizes=\"auto, (max-width: 900px) 100vw, 900px\" \/><\/figure>\n\n\n\n<figure class=\"wp-block-image size-large\"><img loading=\"lazy\" decoding=\"async\" width=\"900\" height=\"600\" data-id=\"16101\" src=\"https:\/\/diariotiempo.com.uy\/noticias\/wp-content\/uploads\/2024\/09\/mayores-si.jpg\" alt=\"\" class=\"wp-image-16101\" srcset=\"https:\/\/diariotiempo.com.uy\/noticias\/wp-content\/uploads\/2024\/09\/mayores-si.jpg 900w, https:\/\/diariotiempo.com.uy\/noticias\/wp-content\/uploads\/2024\/09\/mayores-si-300x200.jpg 300w, https:\/\/diariotiempo.com.uy\/noticias\/wp-content\/uploads\/2024\/09\/mayores-si-768x512.jpg 768w\" sizes=\"auto, (max-width: 900px) 100vw, 900px\" \/><\/figure>\n<\/figure>\n\n\n\n<p>En la \u00faltima fecha San Isidro se qued\u00f3 con el torneo apertura 2024 en ambas categor\u00edas.<br>En sub 20 de cuatro partidos jugados, logr\u00f3 3 victorias, 1 empate, con 27 goles a favor y 17 en contra, mientras que en mayores tambi\u00e9n se qued\u00f3 con tres victorias, un empate, 23 goles a favor y 13 en contra<\/p>\n\n\n\n<p>Fotos Facebook Liga Futbol de Sal\u00f3n de Pando&nbsp;<\/p>\n","protected":false},"excerpt":{"rendered":"<p>En la \u00faltima fecha San Isidro se qued\u00f3 con el torneo apertura 2024 en ambas&#8230;<\/p>\n","protected":false},"author":1,"featured_media":16101,"comment_status":"closed","ping_status":"closed","sticky":false,"template":"","format":"standard","meta":{"_monsterinsights_skip_tracking":false,"_monsterinsights_sitenote_active":false,"_monsterinsights_sitenote_note":"","_monsterinsights_sitenote_category":0,"footnotes":""},"categories":[8],"tags":[],"class_list":["post-16099","post","type-post","status-publish","format-standard","has-post-thumbnail","hentry","category-deporte"],"featured_image_urls":{"full":["https:\/\/diariotiempo.com.uy\/noticias\/wp-content\/uploads\/2024\/09\/mayores-si.jpg",900,600,false],"thumbnail":["https:\/\/diariotiempo.com.uy\/noticias\/wp-content\/uploads\/2024\/09\/mayores-si-150x150.jpg",150,150,true],"medium":["https:\/\/diariotiempo.com.uy\/noticias\/wp-content\/uploads\/2024\/09\/mayores-si-300x200.jpg",300,200,true],"medium_large":["https:\/\/diariotiempo.com.uy\/noticias\/wp-content\/uploads\/2024\/09\/mayores-si-768x512.jpg",640,427,true],"large":["https:\/\/diariotiempo.com.uy\/noticias\/wp-content\/uploads\/2024\/09\/mayores-si.jpg",640,427,false],"rpg_gallery_admin_thumb":["https:\/\/diariotiempo.com.uy\/noticias\/wp-content\/uploads\/2024\/09\/mayores-si-150x150.jpg",150,150,true],"rpg_gallery_thumb":["https:\/\/diariotiempo.com.uy\/noticias\/wp-content\/uploads\/2024\/09\/mayores-si-150x150.jpg",150,150,true],"1536x1536":["https:\/\/diariotiempo.com.uy\/noticias\/wp-content\/uploads\/2024\/09\/mayores-si.jpg",900,600,false],"2048x2048":["https:\/\/diariotiempo.com.uy\/noticias\/wp-content\/uploads\/2024\/09\/mayores-si.jpg",900,600,false],"covernews-slider-full":["https:\/\/diariotiempo.com.uy\/noticias\/wp-content\/uploads\/2024\/09\/mayores-si.jpg",900,600,false],"covernews-slider-center":["https:\/\/diariotiempo.com.uy\/noticias\/wp-content\/uploads\/2024\/09\/mayores-si-800x500.jpg",800,500,true],"covernews-featured":["https:\/\/diariotiempo.com.uy\/noticias\/wp-content\/uploads\/2024\/09\/mayores-si.jpg",900,600,false],"covernews-medium":["https:\/\/diariotiempo.com.uy\/noticias\/wp-content\/uploads\/2024\/09\/mayores-si-540x340.jpg",540,340,true],"covernews-medium-square":["https:\/\/diariotiempo.com.uy\/noticias\/wp-content\/uploads\/2024\/09\/mayores-si-400x250.jpg",400,250,true]},"author_info":{"display_name":"diario","author_link":"https:\/\/diariotiempo.com.uy\/noticias\/author\/diario\/"},"category_info":"<a href=\"https:\/\/diariotiempo.com.uy\/noticias\/category\/deporte\/\" rel=\"category tag\">DEPORTE<\/a>","tag_info":"DEPORTE","comment_count":"0","_links":{"self":[{"href":"https:\/\/diariotiempo.com.uy\/noticias\/wp-json\/wp\/v2\/posts\/16099","targetHints":{"allow":["GET"]}}],"collection":[{"href":"https:\/\/diariotiempo.com.uy\/noticias\/wp-json\/wp\/v2\/posts"}],"about":[{"href":"https:\/\/diariotiempo.com.uy\/noticias\/wp-json\/wp\/v2\/types\/post"}],"author":[{"embeddable":true,"href":"https:\/\/diariotiempo.com.uy\/noticias\/wp-json\/wp\/v2\/users\/1"}],"replies":[{"embeddable":true,"href":"https:\/\/diariotiempo.com.uy\/noticias\/wp-json\/wp\/v2\/comments?post=16099"}],"version-history":[{"count":1,"href":"https:\/\/diariotiempo.com.uy\/noticias\/wp-json\/wp\/v2\/posts\/16099\/revisions"}],"predecessor-version":[{"id":16102,"href":"https:\/\/diariotiempo.com.uy\/noticias\/wp-json\/wp\/v2\/posts\/16099\/revisions\/16102"}],"wp:featuredmedia":[{"embeddable":true,"href":"https:\/\/diariotiempo.com.uy\/noticias\/wp-json\/wp\/v2\/media\/16101"}],"wp:attachment":[{"href":"https:\/\/diariotiempo.com.uy\/noticias\/wp-json\/wp\/v2\/media?parent=16099"}],"wp:term":[{"taxonomy":"category","embeddable":true,"href":"https:\/\/diariotiempo.com.uy\/noticias\/wp-json\/wp\/v2\/categories?post=16099"},{"taxonomy":"post_tag","embeddable":true,"href":"https:\/\/diariotiempo.com.uy\/noticias\/wp-json\/wp\/v2\/tags?post=16099"}],"curies":[{"name":"wp","href":"https:\/\/api.w.org\/{rel}","templated":true}]}}