{"id":16166,"date":"2024-09-19T16:00:50","date_gmt":"2024-09-19T16:00:50","guid":{"rendered":"https:\/\/diariotiempo.com.uy\/noticias\/?p=16166"},"modified":"2024-09-19T16:00:51","modified_gmt":"2024-09-19T16:00:51","slug":"informe-tecnico-del-medio-ambiente-recomienda-denegarla-autorizacion-ambiental-al-proyecto-de-punta-ballena","status":"publish","type":"post","link":"https:\/\/diariotiempo.com.uy\/noticias\/2024\/09\/19\/informe-tecnico-del-medio-ambiente-recomienda-denegarla-autorizacion-ambiental-al-proyecto-de-punta-ballena\/","title":{"rendered":"Informe t\u00e9cnico del Medio Ambiente recomienda denegarla autorizaci\u00f3n ambiental al Proyecto de Punta Ballena"},"content":{"rendered":"\n<figure class=\"wp-block-image size-full\"><img loading=\"lazy\" decoding=\"async\" width=\"849\" height=\"473\" src=\"https:\/\/diariotiempo.com.uy\/noticias\/wp-content\/uploads\/2024\/09\/PUNTA-BALLENA.jpg\" alt=\"\" class=\"wp-image-16167\" srcset=\"https:\/\/diariotiempo.com.uy\/noticias\/wp-content\/uploads\/2024\/09\/PUNTA-BALLENA.jpg 849w, https:\/\/diariotiempo.com.uy\/noticias\/wp-content\/uploads\/2024\/09\/PUNTA-BALLENA-300x167.jpg 300w, https:\/\/diariotiempo.com.uy\/noticias\/wp-content\/uploads\/2024\/09\/PUNTA-BALLENA-768x428.jpg 768w\" sizes=\"auto, (max-width: 849px) 100vw, 849px\" \/><\/figure>\n\n\n\n<p>El Ministerio de Ambiente concluy\u00f3 el informe t\u00e9cnico sobre el desarrollo de un complejo residencial en la zona de Punta Ballena (Maldonado) que fue enviado a sus impulsores, los que disponen de un plazo de 10 d\u00edas h\u00e1biles si entienden pertinente presentar sus descargos.<\/p>\n\n\n\n<p>El documento t\u00e9cnico establece que el proyecto, que implica la construcci\u00f3n de 29<\/p>\n\n\n\n<p>edificios de cuatro niveles cada uno y su infraestructura asociada, debido a su ubicaci\u00f3n, caracter\u00edsticas y escala \u201cgenerar\u00e1 impactos ambientales negativos inadmisibles\u201d y agrega, en base al an\u00e1lisis aportado por el Ministerio de Vivienda y Ordenamiento Territorial (MVOT), que no es \u201ccompatible con la normativa de ordenamiento territorial aplicable\u201d. En conferencia de prensa, el Ministro de Ambiente, Robert Bouvier comunic\u00f3 que el informe elaborado por los t\u00e9cnicos del \u00c1rea de Evaluaci\u00f3n de Impacto Ambiental de esta Secretar\u00eda de Estado \u201crecomienda rechazar la solicitud, denegando la Autorizaci\u00f3n Ambiental Previa (AAP)\u201d.<\/p>\n\n\n\n<p>El jerarca resalt\u00f3 el cumplimiento del debido proceso para el an\u00e1lisis de la propuesta:<\/p>\n\n\n\n<p>\u201chemos comunicado cada etapa con cautela para asegurar la imparcialidad y rigurosidad t\u00e9cnica. Este procedimiento ha sido exhaustivo, cumpliendo con todas las instancias t\u00e9cnicas requeridas, permitiendo la participaci\u00f3n p\u00fablica y brindando garant\u00edas a los derechos de todas las partes involucradas\u201d, sostuvo Bouvier. El informe detalla las afectaciones ambientales que podr\u00edan producirse y concluye que un emprendimiento de estas caracter\u00edsticas generar\u00e1 impactos inadmisibles sobre \u201cla biodiversidad, el paisaje, el tr\u00e1nsito en la zona y los valores geol\u00f3gicos del sitio, tanto en la fase de construcci\u00f3n como de ocupaci\u00f3n y uso del desarrollo residencial\u201d.<\/p>\n\n\n\n<p>Concretamente se destaca que \u201cdada la extensi\u00f3n y magnitud de la presencia f\u00edsica del proyecto, se generar\u00e1n afectaciones irreversibles sobre la diversidad biol\u00f3gica y el ecosistema terrestre, los que presentan un gran valor para la conservaci\u00f3n a nivel nacional\u201d. El informe agrega que \u201cpara estos impactos ambientales negativos no existe evidencia fundada de medidas de mitigaci\u00f3n efectivas y no resultan adecuadas ni suficientes las medidas de compensaci\u00f3n propuestas por los titulares\u201d. El informe sostiene que \u201cel desarrollo residencial planteado provocar\u00e1 una modificaci\u00f3n irreversible sobre el paisaje ic\u00f3nico de Punta Ballena cuyo valor ha quedado de manifiesto en este proceso de evaluaci\u00f3n ambiental\u201d.<\/p>\n\n\n\n<p>A su vez, el documento t\u00e9cnico destaca las observaciones realizadas por el MVOT, en cuanto que \u201ceste proyecto es pasible de rechazo, por no prever la cesi\u00f3n al dominio p\u00fablico de los 150 metros desde la l\u00ednea de ribera (art\u00edculo 503 de la Ley N\u00b0 19.355) o por no contar con un plan especial que incluya destinar a espacios libres los primeros 150 metros desde la l\u00ednea de la ribera (art\u00edculo 50 de la Ley N\u00b0 18.308)\u201d, ya que el desarrollo inmobiliario se localizar\u00e1 parcialmente dentro de esa franja.<\/p>\n\n\n\n<p>A partir de la notificaci\u00f3n enviada a los titulares de la iniciativa, \u00e9stos tienen la oportunidad de formular sus observaciones y argumentos dentro del plazo de 10 d\u00edas h\u00e1biles desde hoy martes 17 de setiembre de 2024. Cumplida esa instancia, el Ministerio de Ambiente tomar\u00e1 una decisi\u00f3n que quedar\u00e1 plasmada en una resoluci\u00f3n ministerial, a cuyos efectos considerar\u00e1 tanto el informe t\u00e9cnico final como los descargos que pudieran ser presentados por los proponentes.<\/p>\n\n\n\n<p>Fuente ambiente.gub.uy<\/p>\n","protected":false},"excerpt":{"rendered":"<p>El Ministerio de Ambiente concluy\u00f3 el informe t\u00e9cnico sobre el desarrollo de un complejo residencial&#8230;<\/p>\n","protected":false},"author":1,"featured_media":16167,"comment_status":"closed","ping_status":"closed","sticky":false,"template":"","format":"standard","meta":{"_monsterinsights_skip_tracking":false,"_monsterinsights_sitenote_active":false,"_monsterinsights_sitenote_note":"","_monsterinsights_sitenote_category":0,"footnotes":""},"categories":[79],"tags":[],"class_list":["post-16166","post","type-post","status-publish","format-standard","has-post-thumbnail","hentry","category-nacionales"],"featured_image_urls":{"full":["https:\/\/diariotiempo.com.uy\/noticias\/wp-content\/uploads\/2024\/09\/PUNTA-BALLENA.jpg",849,473,false],"thumbnail":["https:\/\/diariotiempo.com.uy\/noticias\/wp-content\/uploads\/2024\/09\/PUNTA-BALLENA-150x150.jpg",150,150,true],"medium":["https:\/\/diariotiempo.com.uy\/noticias\/wp-content\/uploads\/2024\/09\/PUNTA-BALLENA-300x167.jpg",300,167,true],"medium_large":["https:\/\/diariotiempo.com.uy\/noticias\/wp-content\/uploads\/2024\/09\/PUNTA-BALLENA-768x428.jpg",640,357,true],"large":["https:\/\/diariotiempo.com.uy\/noticias\/wp-content\/uploads\/2024\/09\/PUNTA-BALLENA.jpg",640,357,false],"rpg_gallery_admin_thumb":["https:\/\/diariotiempo.com.uy\/noticias\/wp-content\/uploads\/2024\/09\/PUNTA-BALLENA-150x150.jpg",150,150,true],"rpg_gallery_thumb":["https:\/\/diariotiempo.com.uy\/noticias\/wp-content\/uploads\/2024\/09\/PUNTA-BALLENA-150x150.jpg",150,150,true],"1536x1536":["https:\/\/diariotiempo.com.uy\/noticias\/wp-content\/uploads\/2024\/09\/PUNTA-BALLENA.jpg",849,473,false],"2048x2048":["https:\/\/diariotiempo.com.uy\/noticias\/wp-content\/uploads\/2024\/09\/PUNTA-BALLENA.jpg",849,473,false],"covernews-slider-full":["https:\/\/diariotiempo.com.uy\/noticias\/wp-content\/uploads\/2024\/09\/PUNTA-BALLENA.jpg",849,473,false],"covernews-slider-center":["https:\/\/diariotiempo.com.uy\/noticias\/wp-content\/uploads\/2024\/09\/PUNTA-BALLENA-800x473.jpg",800,473,true],"covernews-featured":["https:\/\/diariotiempo.com.uy\/noticias\/wp-content\/uploads\/2024\/09\/PUNTA-BALLENA.jpg",849,473,false],"covernews-medium":["https:\/\/diariotiempo.com.uy\/noticias\/wp-content\/uploads\/2024\/09\/PUNTA-BALLENA-540x340.jpg",540,340,true],"covernews-medium-square":["https:\/\/diariotiempo.com.uy\/noticias\/wp-content\/uploads\/2024\/09\/PUNTA-BALLENA-400x250.jpg",400,250,true]},"author_info":{"display_name":"diario","author_link":"https:\/\/diariotiempo.com.uy\/noticias\/author\/diario\/"},"category_info":"<a href=\"https:\/\/diariotiempo.com.uy\/noticias\/category\/nacionales\/\" rel=\"category tag\">NACIONALES<\/a>","tag_info":"NACIONALES","comment_count":"0","_links":{"self":[{"href":"https:\/\/diariotiempo.com.uy\/noticias\/wp-json\/wp\/v2\/posts\/16166","targetHints":{"allow":["GET"]}}],"collection":[{"href":"https:\/\/diariotiempo.com.uy\/noticias\/wp-json\/wp\/v2\/posts"}],"about":[{"href":"https:\/\/diariotiempo.com.uy\/noticias\/wp-json\/wp\/v2\/types\/post"}],"author":[{"embeddable":true,"href":"https:\/\/diariotiempo.com.uy\/noticias\/wp-json\/wp\/v2\/users\/1"}],"replies":[{"embeddable":true,"href":"https:\/\/diariotiempo.com.uy\/noticias\/wp-json\/wp\/v2\/comments?post=16166"}],"version-history":[{"count":1,"href":"https:\/\/diariotiempo.com.uy\/noticias\/wp-json\/wp\/v2\/posts\/16166\/revisions"}],"predecessor-version":[{"id":16168,"href":"https:\/\/diariotiempo.com.uy\/noticias\/wp-json\/wp\/v2\/posts\/16166\/revisions\/16168"}],"wp:featuredmedia":[{"embeddable":true,"href":"https:\/\/diariotiempo.com.uy\/noticias\/wp-json\/wp\/v2\/media\/16167"}],"wp:attachment":[{"href":"https:\/\/diariotiempo.com.uy\/noticias\/wp-json\/wp\/v2\/media?parent=16166"}],"wp:term":[{"taxonomy":"category","embeddable":true,"href":"https:\/\/diariotiempo.com.uy\/noticias\/wp-json\/wp\/v2\/categories?post=16166"},{"taxonomy":"post_tag","embeddable":true,"href":"https:\/\/diariotiempo.com.uy\/noticias\/wp-json\/wp\/v2\/tags?post=16166"}],"curies":[{"name":"wp","href":"https:\/\/api.w.org\/{rel}","templated":true}]}}