{"id":16190,"date":"2024-09-20T15:58:10","date_gmt":"2024-09-20T15:58:10","guid":{"rendered":"https:\/\/diariotiempo.com.uy\/noticias\/?p=16190"},"modified":"2024-09-20T15:58:11","modified_gmt":"2024-09-20T15:58:11","slug":"21-y-22-nueva-edicion-de-la-fiesta-de-la-chacra","status":"publish","type":"post","link":"https:\/\/diariotiempo.com.uy\/noticias\/2024\/09\/20\/21-y-22-nueva-edicion-de-la-fiesta-de-la-chacra\/","title":{"rendered":"21 y 22 nueva edici\u00f3n de la Fiesta de la Chacra"},"content":{"rendered":"\n<figure class=\"wp-block-image size-full\"><img loading=\"lazy\" decoding=\"async\" width=\"900\" height=\"600\" src=\"https:\/\/diariotiempo.com.uy\/noticias\/wp-content\/uploads\/2024\/09\/chacra-bailke.jpg\" alt=\"\" class=\"wp-image-16191\" srcset=\"https:\/\/diariotiempo.com.uy\/noticias\/wp-content\/uploads\/2024\/09\/chacra-bailke.jpg 900w, https:\/\/diariotiempo.com.uy\/noticias\/wp-content\/uploads\/2024\/09\/chacra-bailke-300x200.jpg 300w, https:\/\/diariotiempo.com.uy\/noticias\/wp-content\/uploads\/2024\/09\/chacra-bailke-768x512.jpg 768w\" sizes=\"auto, (max-width: 900px) 100vw, 900px\" \/><\/figure>\n\n\n\n<p>Con el D\u00eda de la Chacra, Canelones cerr\u00f3 intensa semana de actividades en la Expo Rural Prado 2024<\/p>\n\n\n\n<p>Con el D\u00eda de la Chacra, la promoci\u00f3n de la fiesta y la presencia del departamento en el pabell\u00f3n del Ministerio de Turismo, Canelones cerr\u00f3 este fin de semana su presencia en la Expo Prado 2024. Con una ubicaci\u00f3n central en el predio, un dise\u00f1o c\u00e1lido y atractivo, el pabell\u00f3n canario alcanz\u00f3 un especial destaque presentando propuestas tem\u00e1ticas cada d\u00eda y logr\u00f3 atraer la atenci\u00f3n de miles de visitantes.<\/p>\n\n\n\n<p>La propuesta presentada por la Intendencia de Canelones cont\u00f3 con un paseo ferial permanente integrado por una veintena de emprendimientos surgidos en el departamento, en los que destac\u00f3 la creatividad, la calidad y el compromiso con la sustentabilidad.<\/p>\n\n\n\n<p>El Intendente Marcelo Metediera se mostr\u00f3 satisfecho debido a que se alcanzaron los objetivos trazados. \u201cSe ha mostrado la realidad del departamento, sus formas de producci\u00f3n, sus formas de vivir, pero tambi\u00e9n pudimos exhibir las pol\u00edticas p\u00fablicas que llevamos adelante\u201d, resumi\u00f3. En tal sentido, diversas fueron las intervenciones que se desarrollaron de forma programada en \u00e1reas como g\u00e9nero, desarrollo social, cultura, tr\u00e1nsito, turismo, desarrollo rural, gesti\u00f3n ambiental y desarrollo econ\u00f3mico, entre otras.<\/p>\n\n\n\n<p>La Fiesta de la Chacra en San Jacinto<\/p>\n\n\n\n<p>El pabell\u00f3n de Canelones se transform\u00f3 este s\u00e1bado en una chacra, en la que peque\u00f1os productores rurales del departamento realizaron degustaciones de sus productos caseros. Cocinaron pan en un horno de barro que se construy\u00f3 en tiempo real en el lugar, presentaron espect\u00e1culos de m\u00fasica en vivo y danzas tradicionales. Todo ello con el fin de promocionar la edici\u00f3n 2024 de la Fiesta de la Chacra, que se realizar\u00e1 el pr\u00f3ximo fin de semana.<\/p>\n\n\n\n<p>La Directora de Desarrollo Rural, Claudia S\u00e1nchez, inform\u00f3 que la idea de la actividad fue propiciar que sean los protagonistas de la fiesta quienes inviten al p\u00fablico de la Expo para el evento que a\u00f1o a a\u00f1o se lleva a cabo en San Jacinto. Remarc\u00f3 que la importancia de esta fiesta anual radica en que no se trata simplemente de una recreaci\u00f3n hist\u00f3rica de la vida en nuestro campo, sino que constituye una muestra de todos los proyectos que tiene la Intendencia de Canelones hacia la ruralidad.<\/p>\n\n\n\n<p>El Director de Patrimonio, Federico L\u00f3pez, valor\u00f3 la presencia en la Expo Prado como una excelente oportunidad para mostrar al p\u00fablico de la capital el Canelones rural y al mismo tiempo promocionar la Fiesta de la Chacra, que ya ocupa un lugar destacado en el calendario de fiestas a nivel nacional.<\/p>\n\n\n\n<p>Asimismo, remarc\u00f3 la importancia de ese tipo de eventos, ya que asegur\u00f3 que \u201cestamos en una situaci\u00f3n bisagra donde hay generaciones que se nos van del campo y con ellos se nos va un conocimiento que es imposible retomarlo si no lo registramos, si no lo valoramos y no lo transmitimos\u201d.<\/p>\n\n\n\n<p>Un anfitri\u00f3n de lujo<\/p>\n\n\n\n<p>La Fiesta de la Chacra tendr\u00e1 como figura invitada al cocinero y comunicador Hugo Soca, que acompa\u00f1\u00f3 a los productores canarios en la jornada tem\u00e1tica del s\u00e1bado. En el pabell\u00f3n de la Intendencia Hugo se mostr\u00f3 c\u00e1lido y accesible. Dialog\u00f3 con los presentes y se tom\u00f3 fotograf\u00edas con todas las personas que se lo requirieron. Respecto a su participaci\u00f3n en el evento del pr\u00f3ximo fin de semana, expres\u00f3 que resulta un gran orgullo estar y poder apoyar a los productores y las productoras rurales de Canelones.<\/p>\n\n\n\n<p>Soca agreg\u00f3 que nuestro departamento tiene mucha riqueza gastron\u00f3mica y una importante capacidad de producci\u00f3n de alimentos y que la Fiesta de la Chacra es una excelente ventana de difusi\u00f3n para mostrar nuestra cultura, las recetas, las tradiciones, la m\u00fasica, el baile y la alegr\u00eda de la gente.<\/p>\n","protected":false},"excerpt":{"rendered":"<p>Con el D\u00eda de la Chacra, Canelones cerr\u00f3 intensa semana de actividades en la Expo&#8230;<\/p>\n","protected":false},"author":1,"featured_media":16191,"comment_status":"closed","ping_status":"closed","sticky":false,"template":"","format":"standard","meta":{"_monsterinsights_skip_tracking":false,"_monsterinsights_sitenote_active":false,"_monsterinsights_sitenote_note":"","_monsterinsights_sitenote_category":0,"footnotes":""},"categories":[87],"tags":[],"class_list":["post-16190","post","type-post","status-publish","format-standard","has-post-thumbnail","hentry","category-san-jacinto"],"featured_image_urls":{"full":["https:\/\/diariotiempo.com.uy\/noticias\/wp-content\/uploads\/2024\/09\/chacra-bailke.jpg",900,600,false],"thumbnail":["https:\/\/diariotiempo.com.uy\/noticias\/wp-content\/uploads\/2024\/09\/chacra-bailke-150x150.jpg",150,150,true],"medium":["https:\/\/diariotiempo.com.uy\/noticias\/wp-content\/uploads\/2024\/09\/chacra-bailke-300x200.jpg",300,200,true],"medium_large":["https:\/\/diariotiempo.com.uy\/noticias\/wp-content\/uploads\/2024\/09\/chacra-bailke-768x512.jpg",640,427,true],"large":["https:\/\/diariotiempo.com.uy\/noticias\/wp-content\/uploads\/2024\/09\/chacra-bailke.jpg",640,427,false],"rpg_gallery_admin_thumb":["https:\/\/diariotiempo.com.uy\/noticias\/wp-content\/uploads\/2024\/09\/chacra-bailke-150x150.jpg",150,150,true],"rpg_gallery_thumb":["https:\/\/diariotiempo.com.uy\/noticias\/wp-content\/uploads\/2024\/09\/chacra-bailke-150x150.jpg",150,150,true],"1536x1536":["https:\/\/diariotiempo.com.uy\/noticias\/wp-content\/uploads\/2024\/09\/chacra-bailke.jpg",900,600,false],"2048x2048":["https:\/\/diariotiempo.com.uy\/noticias\/wp-content\/uploads\/2024\/09\/chacra-bailke.jpg",900,600,false],"covernews-slider-full":["https:\/\/diariotiempo.com.uy\/noticias\/wp-content\/uploads\/2024\/09\/chacra-bailke.jpg",900,600,false],"covernews-slider-center":["https:\/\/diariotiempo.com.uy\/noticias\/wp-content\/uploads\/2024\/09\/chacra-bailke-800x500.jpg",800,500,true],"covernews-featured":["https:\/\/diariotiempo.com.uy\/noticias\/wp-content\/uploads\/2024\/09\/chacra-bailke.jpg",900,600,false],"covernews-medium":["https:\/\/diariotiempo.com.uy\/noticias\/wp-content\/uploads\/2024\/09\/chacra-bailke-540x340.jpg",540,340,true],"covernews-medium-square":["https:\/\/diariotiempo.com.uy\/noticias\/wp-content\/uploads\/2024\/09\/chacra-bailke-400x250.jpg",400,250,true]},"author_info":{"display_name":"diario","author_link":"https:\/\/diariotiempo.com.uy\/noticias\/author\/diario\/"},"category_info":"<a href=\"https:\/\/diariotiempo.com.uy\/noticias\/category\/departamental\/san-jacinto\/\" rel=\"category tag\">San Jacinto<\/a>","tag_info":"San Jacinto","comment_count":"0","_links":{"self":[{"href":"https:\/\/diariotiempo.com.uy\/noticias\/wp-json\/wp\/v2\/posts\/16190","targetHints":{"allow":["GET"]}}],"collection":[{"href":"https:\/\/diariotiempo.com.uy\/noticias\/wp-json\/wp\/v2\/posts"}],"about":[{"href":"https:\/\/diariotiempo.com.uy\/noticias\/wp-json\/wp\/v2\/types\/post"}],"author":[{"embeddable":true,"href":"https:\/\/diariotiempo.com.uy\/noticias\/wp-json\/wp\/v2\/users\/1"}],"replies":[{"embeddable":true,"href":"https:\/\/diariotiempo.com.uy\/noticias\/wp-json\/wp\/v2\/comments?post=16190"}],"version-history":[{"count":1,"href":"https:\/\/diariotiempo.com.uy\/noticias\/wp-json\/wp\/v2\/posts\/16190\/revisions"}],"predecessor-version":[{"id":16192,"href":"https:\/\/diariotiempo.com.uy\/noticias\/wp-json\/wp\/v2\/posts\/16190\/revisions\/16192"}],"wp:featuredmedia":[{"embeddable":true,"href":"https:\/\/diariotiempo.com.uy\/noticias\/wp-json\/wp\/v2\/media\/16191"}],"wp:attachment":[{"href":"https:\/\/diariotiempo.com.uy\/noticias\/wp-json\/wp\/v2\/media?parent=16190"}],"wp:term":[{"taxonomy":"category","embeddable":true,"href":"https:\/\/diariotiempo.com.uy\/noticias\/wp-json\/wp\/v2\/categories?post=16190"},{"taxonomy":"post_tag","embeddable":true,"href":"https:\/\/diariotiempo.com.uy\/noticias\/wp-json\/wp\/v2\/tags?post=16190"}],"curies":[{"name":"wp","href":"https:\/\/api.w.org\/{rel}","templated":true}]}}