{"id":16235,"date":"2024-09-24T15:09:49","date_gmt":"2024-09-24T15:09:49","guid":{"rendered":"https:\/\/diariotiempo.com.uy\/noticias\/?p=16235"},"modified":"2024-09-24T15:11:54","modified_gmt":"2024-09-24T15:11:54","slug":"del-23-al-29-semana-internacional-de-personas-sordas","status":"publish","type":"post","link":"https:\/\/diariotiempo.com.uy\/noticias\/2024\/09\/24\/del-23-al-29-semana-internacional-de-personas-sordas\/","title":{"rendered":"Del 23 al 29 \u201cSemana internacional de personas sordas\u201d"},"content":{"rendered":"\n<figure class=\"wp-block-image size-full\"><img loading=\"lazy\" decoding=\"async\" width=\"945\" height=\"532\" src=\"https:\/\/diariotiempo.com.uy\/noticias\/wp-content\/uploads\/2024\/09\/nina.jpg\" alt=\"\" class=\"wp-image-16236\" srcset=\"https:\/\/diariotiempo.com.uy\/noticias\/wp-content\/uploads\/2024\/09\/nina.jpg 945w, https:\/\/diariotiempo.com.uy\/noticias\/wp-content\/uploads\/2024\/09\/nina-300x169.jpg 300w, https:\/\/diariotiempo.com.uy\/noticias\/wp-content\/uploads\/2024\/09\/nina-768x432.jpg 768w\" sizes=\"auto, (max-width: 945px) 100vw, 945px\" \/><\/figure>\n\n\n\n<p>Uruguay, celebra cada 21 de setiembre el \u201cD\u00eda nacional de las personas sordas\u201d en el marco de la Semana Internacional<\/p>\n\n\n\n<p>En Uruguay, el 21 de setiembre se conmemora el \u201cD\u00eda nacional de las personas sordas\u201d, en el marco de la \u201cSemana internacional de personas sordas\u201d, que tiene lugar del 23 al 29 de setiembre. Este a\u00f1o se celebra bajo el lema \u201cSe\u00f1ar alto sobre los derechos en lengua de se\u00f1as\u201d que destaca la importancia de la lengua de se\u00f1as en la promoci\u00f3n y defensa de los derechos de las personas sordas, asegurando que estos sean reconocidos y respetados en la sociedad.<\/p>\n\n\n\n<p>Ni\u00f1a hace una se\u00f1a con su mano y se ve otra mano que hace otra se\u00f1a<\/p>\n\n\n\n<p>La Lengua de Se\u00f1as Uruguaya (LSU) es su lengua natural y as\u00ed lo reconoce la legislaci\u00f3n de nuestro pa\u00eds (Ley 17.378, del a\u00f1o 2001), para asegurar la equiparaci\u00f3n de oportunidades para las personas sordas e hipoac\u00fasicas. Esta lengua es vital para su crecimiento y desarrollo, y les permite acceder a su identidad y cultura. Es sumamente importante que todas las personas accedan a la informaci\u00f3n en su lengua natural. Solo as\u00ed podemos garantizar el cumplimiento de sus derechos.<\/p>\n\n\n\n<p>Muchos derechos fueron conquistados hasta el momento, entre ellos, la creaci\u00f3n de la primera Unidad de Atenci\u00f3n a la Salud para Personas Sordas (USS), la policl\u00ednica Luisa Tirapar\u00e9. Pacientes sordos o padres y madres sordos de pacientes oyentes, pueden acceder a la interpretaci\u00f3n en LSU para cualquier consulta m\u00e9dica o gesti\u00f3n de an\u00e1lisis y estudios, y atenci\u00f3n en farmacia. En esta unidad llevan a cabo acciones de promoci\u00f3n y prevenci\u00f3n de salud, educaci\u00f3n, diagn\u00f3stico precoz y tratamiento.<\/p>\n\n\n\n<p>Uno de los derechos del ni\u00f1o sordo lo constituye el empleo de la lengua de se\u00f1as como patrimonio de la comunidad sorda, la que se equipara con el mismo poder que tiene la lengua oral para los oyentes. Los ni\u00f1os necesitan comunicarse con sus padres y familiares tan pronto como sea posible, desarrollar sus capacidades cognitivas durante la infancia, adquirir conocimientos sobre el mundo; el ni\u00f1o accede al conocimiento mediante el uso de la lengua, intercambia informaci\u00f3n sobre el mundo que le rodea.<\/p>\n\n\n\n<p>El acceso al sistema de salud es una de las mayores barreras a las que se enfrentan las personas sordas en nuestro pa\u00eds. Es por esto que desde el programa de Discapacidad y Rehabilitaci\u00f3n del MSP se insiste en la sensibilizaci\u00f3n del personal de la salud en tem\u00e1ticas de discapacidad.<\/p>\n\n\n\n<p>Es importante utilizar un lenguaje respetuoso y no discriminatorio. El t\u00e9rmino correcto es \u201cpersona sorda\u201d, evite decir \u201cpersona sordomuda\u201d u otros.<\/p>\n\n\n\n<p><strong>Algunos consejos para comunicarse mejor con una persona sorda:<\/strong><\/p>\n\n\n\n<p>La mejor manera de comunicarse es la Lengua de Se\u00f1as Uruguaya.<br><\/p>\n\n\n\n<p>Asegurar en la consulta la presencia f\u00edsica o virtual de un int\u00e9rprete de LSU. Se puede solicitar en:<\/p>\n\n\n\n<h3 class=\"wp-block-heading\"><strong>Centro de investigaci\u00f3n y desarrollo para la persona sorda (Cinde):<\/strong><\/h3>\n\n\n\n<p><strong>Tel\u00e9fono:<\/strong> 2309 9228<\/p>\n\n\n\n<p><strong>Mail:<\/strong> <a href=\"mailto:admcinde@gmail.com\">admcinde@gmail.com<\/a><br><\/p>\n\n\n\n<h3 class=\"wp-block-heading\"><strong>Cooperativa de Traductores e Int\u00e9rpretes de Lengua de Se\u00f1as Uruguaya (Cootrilsu):<\/strong><\/h3>\n\n\n\n<p><strong>Tel\u00e9fono:<\/strong> 099 377 008<\/p>\n\n\n\n<p><strong>Mail:<\/strong> <a href=\"mailto:cootrilsu@gmail.com\">cootrilsu@gmail.com<\/a><br><\/p>\n\n\n\n<p>Si la persona no maneja la LSU ni lectura labial, se puede solicitar un mediador sordo a la USS. Es un recurso fundamental que act\u00faa como un puente comunicacional entre la persona sorda y los profesionales de la salud.<\/p>\n\n\n\n<p>Si la persona sorda maneja la lectura labial: procurar que el espacio tenga buena iluminaci\u00f3n y hablarle siempre de frente, modulando bien las palabras, sin gritar. No tapar la boca, no mirar hacia abajo ni dar la espalda mientras habla. Tener presente que no todas las personas saben leer los labios.<\/p>\n\n\n\n<p>Ser expresivo al hablar, ya que los movimientos faciales y de todo el cuerpo ayudar\u00e1n a la persona a comprender.<\/p>\n\n\n\n<p>Si la persona sabe leer, se puede apoyar escribiendo frases sencillas y realizando dibujos (no poner conectores).<\/p>\n\n\n\n<p>Apoyarse en la utilizaci\u00f3n de material visual para ayudar a la explicaci\u00f3n o informaci\u00f3n que se est\u00e9 brindando.<\/p>\n\n\n\n<p>Dirigirse a los ni\u00f1os desde el comienzo de la consulta, aun en las edades m\u00e1s tempranas, para brindarle la oportunidad de generar un v\u00ednculo y facilitar la comunicaci\u00f3n oportuna y efectiva. La LSU se debe fomentar tempranamente, desde el comienzo de la oralidad.<\/p>\n\n\n\n<p>Evitar retirar aud\u00edfonos o implantes cocleares en los procedimientos.<\/p>\n\n\n\n<p>En \u00faltima instancia y como \u00faltimo recurso un familiar puede cumplir la funci\u00f3n de int\u00e9rprete.<\/p>\n\n\n\n<p><strong>Para m\u00e1s informaci\u00f3n:<\/strong><\/p>\n\n\n\n<p>Recomendaciones para el trato y una atenci\u00f3n adecuada de las personas con discapacidad en los servicios de salud.&nbsp;<\/p>\n","protected":false},"excerpt":{"rendered":"<p>Uruguay, celebra cada 21 de setiembre el \u201cD\u00eda nacional de las personas sordas\u201d en el&#8230;<\/p>\n","protected":false},"author":1,"featured_media":16236,"comment_status":"closed","ping_status":"closed","sticky":false,"template":"","format":"standard","meta":{"_monsterinsights_skip_tracking":false,"_monsterinsights_sitenote_active":false,"_monsterinsights_sitenote_note":"","_monsterinsights_sitenote_category":0,"footnotes":""},"categories":[70],"tags":[],"class_list":["post-16235","post","type-post","status-publish","format-standard","has-post-thumbnail","hentry","category-salud"],"featured_image_urls":{"full":["https:\/\/diariotiempo.com.uy\/noticias\/wp-content\/uploads\/2024\/09\/nina.jpg",945,532,false],"thumbnail":["https:\/\/diariotiempo.com.uy\/noticias\/wp-content\/uploads\/2024\/09\/nina-150x150.jpg",150,150,true],"medium":["https:\/\/diariotiempo.com.uy\/noticias\/wp-content\/uploads\/2024\/09\/nina-300x169.jpg",300,169,true],"medium_large":["https:\/\/diariotiempo.com.uy\/noticias\/wp-content\/uploads\/2024\/09\/nina-768x432.jpg",640,360,true],"large":["https:\/\/diariotiempo.com.uy\/noticias\/wp-content\/uploads\/2024\/09\/nina.jpg",640,360,false],"rpg_gallery_admin_thumb":["https:\/\/diariotiempo.com.uy\/noticias\/wp-content\/uploads\/2024\/09\/nina-150x150.jpg",150,150,true],"rpg_gallery_thumb":["https:\/\/diariotiempo.com.uy\/noticias\/wp-content\/uploads\/2024\/09\/nina-150x150.jpg",150,150,true],"1536x1536":["https:\/\/diariotiempo.com.uy\/noticias\/wp-content\/uploads\/2024\/09\/nina.jpg",945,532,false],"2048x2048":["https:\/\/diariotiempo.com.uy\/noticias\/wp-content\/uploads\/2024\/09\/nina.jpg",945,532,false],"covernews-slider-full":["https:\/\/diariotiempo.com.uy\/noticias\/wp-content\/uploads\/2024\/09\/nina.jpg",945,532,false],"covernews-slider-center":["https:\/\/diariotiempo.com.uy\/noticias\/wp-content\/uploads\/2024\/09\/nina-800x500.jpg",800,500,true],"covernews-featured":["https:\/\/diariotiempo.com.uy\/noticias\/wp-content\/uploads\/2024\/09\/nina.jpg",945,532,false],"covernews-medium":["https:\/\/diariotiempo.com.uy\/noticias\/wp-content\/uploads\/2024\/09\/nina-540x340.jpg",540,340,true],"covernews-medium-square":["https:\/\/diariotiempo.com.uy\/noticias\/wp-content\/uploads\/2024\/09\/nina-400x250.jpg",400,250,true]},"author_info":{"display_name":"diario","author_link":"https:\/\/diariotiempo.com.uy\/noticias\/author\/diario\/"},"category_info":"<a href=\"https:\/\/diariotiempo.com.uy\/noticias\/category\/salud\/\" rel=\"category tag\">SALUD<\/a>","tag_info":"SALUD","comment_count":"0","_links":{"self":[{"href":"https:\/\/diariotiempo.com.uy\/noticias\/wp-json\/wp\/v2\/posts\/16235","targetHints":{"allow":["GET"]}}],"collection":[{"href":"https:\/\/diariotiempo.com.uy\/noticias\/wp-json\/wp\/v2\/posts"}],"about":[{"href":"https:\/\/diariotiempo.com.uy\/noticias\/wp-json\/wp\/v2\/types\/post"}],"author":[{"embeddable":true,"href":"https:\/\/diariotiempo.com.uy\/noticias\/wp-json\/wp\/v2\/users\/1"}],"replies":[{"embeddable":true,"href":"https:\/\/diariotiempo.com.uy\/noticias\/wp-json\/wp\/v2\/comments?post=16235"}],"version-history":[{"count":4,"href":"https:\/\/diariotiempo.com.uy\/noticias\/wp-json\/wp\/v2\/posts\/16235\/revisions"}],"predecessor-version":[{"id":16242,"href":"https:\/\/diariotiempo.com.uy\/noticias\/wp-json\/wp\/v2\/posts\/16235\/revisions\/16242"}],"wp:featuredmedia":[{"embeddable":true,"href":"https:\/\/diariotiempo.com.uy\/noticias\/wp-json\/wp\/v2\/media\/16236"}],"wp:attachment":[{"href":"https:\/\/diariotiempo.com.uy\/noticias\/wp-json\/wp\/v2\/media?parent=16235"}],"wp:term":[{"taxonomy":"category","embeddable":true,"href":"https:\/\/diariotiempo.com.uy\/noticias\/wp-json\/wp\/v2\/categories?post=16235"},{"taxonomy":"post_tag","embeddable":true,"href":"https:\/\/diariotiempo.com.uy\/noticias\/wp-json\/wp\/v2\/tags?post=16235"}],"curies":[{"name":"wp","href":"https:\/\/api.w.org\/{rel}","templated":true}]}}