{"id":16256,"date":"2024-09-26T15:36:01","date_gmt":"2024-09-26T15:36:01","guid":{"rendered":"https:\/\/diariotiempo.com.uy\/noticias\/?p=16256"},"modified":"2024-09-26T15:36:44","modified_gmt":"2024-09-26T15:36:44","slug":"uruguay-celebro-el-primer-dia-del-gestor-cultural-impulsado-por-el-gobierno-de-canelones","status":"publish","type":"post","link":"https:\/\/diariotiempo.com.uy\/noticias\/2024\/09\/26\/uruguay-celebro-el-primer-dia-del-gestor-cultural-impulsado-por-el-gobierno-de-canelones\/","title":{"rendered":"Uruguay celebr\u00f3 el primer d\u00eda del Gestor Cultural impulsado por el Gobierno de Canelones"},"content":{"rendered":"\n<figure class=\"wp-block-image size-full\"><img loading=\"lazy\" decoding=\"async\" width=\"900\" height=\"600\" src=\"https:\/\/diariotiempo.com.uy\/noticias\/wp-content\/uploads\/2024\/09\/tapa-26.jpg\" alt=\"\" class=\"wp-image-16257\" srcset=\"https:\/\/diariotiempo.com.uy\/noticias\/wp-content\/uploads\/2024\/09\/tapa-26.jpg 900w, https:\/\/diariotiempo.com.uy\/noticias\/wp-content\/uploads\/2024\/09\/tapa-26-300x200.jpg 300w, https:\/\/diariotiempo.com.uy\/noticias\/wp-content\/uploads\/2024\/09\/tapa-26-768x512.jpg 768w\" sizes=\"auto, (max-width: 900px) 100vw, 900px\" \/><\/figure>\n\n\n\n<p>Coincidiendo con la fecha de nacimiento del pedrense Gonzalo Car\u00e1mbula, un verdadero referente en la materia, Uruguay conmemor\u00f3 el mi\u00e9rcoles 4 de setiembre por primera vez el D\u00eda Nacional del Gestor Cultural, promulgado a trav\u00e9s de la Ley N\u00b0 20.199 impulsada por Gobierno Departamental de Canelones con el respaldo de la Red Nacional de Direcciones de Cultura, la Universidad de la Rep\u00fablica y la Universidad CLAEH, entre otras. &nbsp;<\/p>\n\n\n\n<p>Para celebrarlo, la Universidad de la Rep\u00fablica con el apoyo de la Intendencia de Canelones y la Intendencia de Montevideo convocaron a un encuentro en las instalaciones de la Sala Acu\u00f1a de Figueroa del edificio anexo del Palacio Legislativo, donde el Decano en Facultad de Ciencias Econ\u00f3micas y de Administraci\u00f3n de la UDELAR, Jorge Xavier, el Intendente de Canelones, Marcelo Metediera, y el Intendente de Montevideo, Mauricio Zunino, estuvieron a cargo de la apertura. &nbsp;<\/p>\n\n\n\n<p>M\u00e1s tarde, el Senador Sebasti\u00e1n Sabini, quien present\u00f3 el proyecto de ley, el Director General de Cultura de Canelones, Sergio Mach\u00edn, y su par de Montevideo, Mar\u00eda In\u00e9s Obald\u00eda, desarrollaron una mesa de di\u00e1logo sobre el legado de Gonzalo Car\u00e1mbula.<\/p>\n\n\n\n<p>La jornada finaliz\u00f3 con un conversatorio sobre la gesti\u00f3n cultural en clave de desarrollo, con la participaci\u00f3n de M\u00f3nica Lacarrieu (Universidad de Buenos Aires), Bruno Maccari (FLACSO Argentina) y Rosario Radakovich (coordinadora de la especializaci\u00f3n en Gesti\u00f3n Cultural de la UDELAR).<\/p>\n\n\n\n<p>Canelones como departamento ha insistido en los \u00faltimos a\u00f1os en el concepto de que, en un pa\u00eds en el que la cultura es el alma de su identidad, el gestor cultural se erige como un pilar fundamental. Estos hombres y mujeres son los arquitectos invisibles que construyen puentes entre el arte y el p\u00fablico, dando vida a proyectos que trascienden generaciones. Es por ello que se trabaj\u00f3 para instaurar este d\u00eda at\u00e1ndolo a la figura y el legado de Car\u00e1mbula.<\/p>\n\n\n\n<p><strong>La cultura como defensa popular<\/strong><\/p>\n\n\n\n<p>El Intendente de Canelones, Marcelo Metediera, afirm\u00f3 que el mejor homenaje a Gonzalo Car\u00e1mbula y a quienes desarrollan la gesti\u00f3n cultural es poder descentralizar la cultura, ponerla al servicio de la comunidad y construir cultura desde los territorios con la gente.<\/p>\n\n\n\n<p>Agreg\u00f3 que se debe \u201cver la cultura como herramienta de defensa popular porque, como dec\u00eda Pugliese, la soberan\u00eda nacional se defiende tambi\u00e9n con la cultura\u201d. Por esto, remarc\u00f3 la necesidad de continuar invirtiendo en todas sus dimensiones, en recursos humanos, profesionales y en infraestructura para promover su desarrollo y realizaci\u00f3n, as\u00ed como universalizar su acceso para todas las personas, en todos los territorios del departamento.<\/p>\n\n\n\n<p>Sergio Mach\u00edn, quien desde su lugar de Director General de Cultura impuls\u00f3 la concreci\u00f3n de la ley que establece el d\u00eda conmemorativo, afirm\u00f3 que este d\u00eda representa una oportunidad para reflexionar y continuar trabajando en la profesionalizaci\u00f3n de los gestores culturales. Adem\u00e1s, remarc\u00f3 la fecha coincidente con el cumplea\u00f1os de Gonzalo Car\u00e1mbula como un hecho significativo ya que record\u00f3 que fue una persona que instal\u00f3 el concepto del ecosistema cultural. \u201cSe trata de una visi\u00f3n que debe tenerse siempre presente que tiene que ver con todas las cosas que suceden alrededor del hecho art\u00edstico y de la construcci\u00f3n de identidad de las personas\u201d, reflexion\u00f3 &nbsp;<\/p>\n\n\n\n<p>Desde la Universidad de la Rep\u00fablica, la Coordinadora de la Especializaci\u00f3n en Gesti\u00f3n Cultural, Dra. Rosario Radakovich, coincidi\u00f3 con Mach\u00edn al afirmar que Car\u00e1mbula fue \u201cuna figura clave e inspiradora\u201d para muchas personas que han comprendido la importancia que la cultura tiene para el desarrollo de las comunidades e inform\u00f3 que desde la universidad, junto al Gobierno de Canelones, se est\u00e1 ampliando la formaci\u00f3n de gestores culturales en el territorio. En este sentido, agreg\u00f3 que \u201chay una red importante que viene trabajando desde este oficio y que tiene todav\u00eda mucho m\u00e1s camino por recorrer\u201d.<\/p>\n\n\n\n<p><strong>\u00a0Gonzalo Car\u00e1mbula: el referente<\/strong><\/p>\n\n\n\n<p>El ex Intendente de Canelones Dr. Marcos Car\u00e1mbula, hermano de Gonzalo, se mostr\u00f3 visiblemente emocionado durante la actividad. Al momento de su ingreso a la sala, agradeci\u00f3 el esfuerzo de Mach\u00edn y de los legisladores que hicieron posible la realizaci\u00f3n de una ley que fortalece \u201cla institucionalidad del derecho a la cultura, que fue por lo que siempre pele\u00f3 Gonzalo\u201d, y expres\u00f3 su deseo de que iniciativas de esta naturaleza permitan consolidar las ideas de su hermano en todos los rincones del pa\u00eds.<\/p>\n\n\n\n<p>Gonzalo Car\u00e1mbula, fallecido el 20 de mayo de 2015, fue un reconocido experto en gesti\u00f3n cultural, con una destacada trayectoria pol\u00edtica que lo llev\u00f3 a ocupar cargos de trascendencia a nivel nacional. Fue diputado, director de Cultura de la Intendencia de Montevideo y director de la Secretar\u00eda de Comunicaci\u00f3n de Presidencia.<\/p>\n\n\n\n<p>&nbsp;Contaba con una vasta formaci\u00f3n en diversas \u00e1reas. Fue abogado con un posgrado en Administraci\u00f3n de empresas por la Universidad de la Rep\u00fablica. Adem\u00e1s, fue diplomado en Financiamiento y econom\u00eda de la cultura por la Universidad de Paris IX y en Derecho de la Cultura por la Universidad Nacional de Educaci\u00f3n a Distancia y Universidad Carlos III.<\/p>\n\n\n\n<p>Dirigi\u00f3 el proyecto de la Licenciatura en Gesti\u00f3n Cultural y Econom\u00eda Creativa en el Instituto universitario CLAEH. Fue docente en Ciencias de la Comunicaci\u00f3n y Gesti\u00f3n Cultural (UDELAR); en la Facultad Latinoamericana de Ciencias Sociales (FLACSO, Argentina); en la Fundaci\u00f3n Bank Boston (Uruguay); en la Universidad de Nueva York y en la Organizaci\u00f3n de Estados Iberoamericanos (M\u00e9xico). &nbsp;Asimismo, cumpli\u00f3 funciones como consultor para Unesco en los temas de cultura y patrimonio e integr\u00f3 el equipo de consultores contratado por la Agencia Espa\u00f1ola de Cooperaci\u00f3n Internacional para el Desarrollo y el Instituto Nacional de Cultura de Per\u00fa para el proyecto Per\u00fa impulso en 2008, entre muchas otras actividades de relevancia. &nbsp;Fue cofundador y editor de la recordada revista La Plaza de su ciudad natal, Las Piedras; fundador del diario Cinco D\u00edas y director del diario La Hora. Integr\u00f3 el consejo editorial de la revista Cultura y desarrollo de la Unesco y form\u00f3 parte del equipo redactor de la Agenda 21 de la Cultura en el a\u00f1o 2004.<\/p>\n","protected":false},"excerpt":{"rendered":"<p>Coincidiendo con la fecha de nacimiento del pedrense Gonzalo Car\u00e1mbula, un verdadero referente en la&#8230;<\/p>\n","protected":false},"author":1,"featured_media":16257,"comment_status":"closed","ping_status":"closed","sticky":false,"template":"","format":"standard","meta":{"_monsterinsights_skip_tracking":false,"_monsterinsights_sitenote_active":false,"_monsterinsights_sitenote_note":"","_monsterinsights_sitenote_category":0,"footnotes":""},"categories":[11],"tags":[],"class_list":["post-16256","post","type-post","status-publish","format-standard","has-post-thumbnail","hentry","category-noticia-destacada"],"featured_image_urls":{"full":["https:\/\/diariotiempo.com.uy\/noticias\/wp-content\/uploads\/2024\/09\/tapa-26.jpg",900,600,false],"thumbnail":["https:\/\/diariotiempo.com.uy\/noticias\/wp-content\/uploads\/2024\/09\/tapa-26-150x150.jpg",150,150,true],"medium":["https:\/\/diariotiempo.com.uy\/noticias\/wp-content\/uploads\/2024\/09\/tapa-26-300x200.jpg",300,200,true],"medium_large":["https:\/\/diariotiempo.com.uy\/noticias\/wp-content\/uploads\/2024\/09\/tapa-26-768x512.jpg",640,427,true],"large":["https:\/\/diariotiempo.com.uy\/noticias\/wp-content\/uploads\/2024\/09\/tapa-26.jpg",640,427,false],"rpg_gallery_admin_thumb":["https:\/\/diariotiempo.com.uy\/noticias\/wp-content\/uploads\/2024\/09\/tapa-26-150x150.jpg",150,150,true],"rpg_gallery_thumb":["https:\/\/diariotiempo.com.uy\/noticias\/wp-content\/uploads\/2024\/09\/tapa-26-150x150.jpg",150,150,true],"1536x1536":["https:\/\/diariotiempo.com.uy\/noticias\/wp-content\/uploads\/2024\/09\/tapa-26.jpg",900,600,false],"2048x2048":["https:\/\/diariotiempo.com.uy\/noticias\/wp-content\/uploads\/2024\/09\/tapa-26.jpg",900,600,false],"covernews-slider-full":["https:\/\/diariotiempo.com.uy\/noticias\/wp-content\/uploads\/2024\/09\/tapa-26.jpg",900,600,false],"covernews-slider-center":["https:\/\/diariotiempo.com.uy\/noticias\/wp-content\/uploads\/2024\/09\/tapa-26-800x500.jpg",800,500,true],"covernews-featured":["https:\/\/diariotiempo.com.uy\/noticias\/wp-content\/uploads\/2024\/09\/tapa-26.jpg",900,600,false],"covernews-medium":["https:\/\/diariotiempo.com.uy\/noticias\/wp-content\/uploads\/2024\/09\/tapa-26-540x340.jpg",540,340,true],"covernews-medium-square":["https:\/\/diariotiempo.com.uy\/noticias\/wp-content\/uploads\/2024\/09\/tapa-26-400x250.jpg",400,250,true]},"author_info":{"display_name":"diario","author_link":"https:\/\/diariotiempo.com.uy\/noticias\/author\/diario\/"},"category_info":"<a href=\"https:\/\/diariotiempo.com.uy\/noticias\/category\/noticia-destacada\/\" rel=\"category tag\">NOTICIA DESTACADA<\/a>","tag_info":"NOTICIA DESTACADA","comment_count":"0","_links":{"self":[{"href":"https:\/\/diariotiempo.com.uy\/noticias\/wp-json\/wp\/v2\/posts\/16256","targetHints":{"allow":["GET"]}}],"collection":[{"href":"https:\/\/diariotiempo.com.uy\/noticias\/wp-json\/wp\/v2\/posts"}],"about":[{"href":"https:\/\/diariotiempo.com.uy\/noticias\/wp-json\/wp\/v2\/types\/post"}],"author":[{"embeddable":true,"href":"https:\/\/diariotiempo.com.uy\/noticias\/wp-json\/wp\/v2\/users\/1"}],"replies":[{"embeddable":true,"href":"https:\/\/diariotiempo.com.uy\/noticias\/wp-json\/wp\/v2\/comments?post=16256"}],"version-history":[{"count":2,"href":"https:\/\/diariotiempo.com.uy\/noticias\/wp-json\/wp\/v2\/posts\/16256\/revisions"}],"predecessor-version":[{"id":16260,"href":"https:\/\/diariotiempo.com.uy\/noticias\/wp-json\/wp\/v2\/posts\/16256\/revisions\/16260"}],"wp:featuredmedia":[{"embeddable":true,"href":"https:\/\/diariotiempo.com.uy\/noticias\/wp-json\/wp\/v2\/media\/16257"}],"wp:attachment":[{"href":"https:\/\/diariotiempo.com.uy\/noticias\/wp-json\/wp\/v2\/media?parent=16256"}],"wp:term":[{"taxonomy":"category","embeddable":true,"href":"https:\/\/diariotiempo.com.uy\/noticias\/wp-json\/wp\/v2\/categories?post=16256"},{"taxonomy":"post_tag","embeddable":true,"href":"https:\/\/diariotiempo.com.uy\/noticias\/wp-json\/wp\/v2\/tags?post=16256"}],"curies":[{"name":"wp","href":"https:\/\/api.w.org\/{rel}","templated":true}]}}