{"id":16261,"date":"2024-09-26T15:37:35","date_gmt":"2024-09-26T15:37:35","guid":{"rendered":"https:\/\/diariotiempo.com.uy\/noticias\/?p=16261"},"modified":"2024-09-26T15:37:36","modified_gmt":"2024-09-26T15:37:36","slug":"dueno-de-perro-que-ataco-a-dos-personas-fue-condenado-por-lesiones","status":"publish","type":"post","link":"https:\/\/diariotiempo.com.uy\/noticias\/2024\/09\/26\/dueno-de-perro-que-ataco-a-dos-personas-fue-condenado-por-lesiones\/","title":{"rendered":"Due\u00f1o de perro que atac\u00f3 a dos personas fue condenado por lesiones"},"content":{"rendered":"\n<p>De J.P.C. Personal de la Seccional 20 Toledo en dos oportunidades toma conocimiento que un can propiedad de un hombre de 38 a\u00f1os (poseedor de un antecedente penal por el delito de receptaci\u00f3n), en una oportunidad en calle Baldenegro el animal, de raza cimarr\u00f3n se le escapa y ataca a una mujer de 35 a\u00f1os, asimismo en otra oportunidad ataca a otra mujer de 57 a\u00f1os de edad, caus\u00e1ndoles a ambas varias mordeduras en distintas partes de su cuerpo.<\/p>\n\n\n\n<p>En las \u00faltimas horas la Justicia dispuso que ARANDA COITI\u00d1O fuera condenado a 3 meses de prisi\u00f3n bajo el r\u00e9gimen de libertad a prueba, imponi\u00e9ndosele medidas cautelares, imputado de dos delitos de lesiones personales culposas en r\u00e9gimen de reiteraci\u00f3n real.<\/p>\n","protected":false},"excerpt":{"rendered":"<p>De J.P.C. Personal de la Seccional 20 Toledo en dos oportunidades toma conocimiento que un&#8230;<\/p>\n","protected":false},"author":1,"featured_media":10433,"comment_status":"closed","ping_status":"closed","sticky":false,"template":"","format":"standard","meta":{"_monsterinsights_skip_tracking":false,"_monsterinsights_sitenote_active":false,"_monsterinsights_sitenote_note":"","_monsterinsights_sitenote_category":0,"footnotes":""},"categories":[6],"tags":[],"class_list":["post-16261","post","type-post","status-publish","format-standard","has-post-thumbnail","hentry","category-policial"],"featured_image_urls":{"full":["https:\/\/diariotiempo.com.uy\/noticias\/wp-content\/uploads\/2023\/04\/camioneta-poli.jpg",800,565,false],"thumbnail":["https:\/\/diariotiempo.com.uy\/noticias\/wp-content\/uploads\/2023\/04\/camioneta-poli-150x150.jpg",150,150,true],"medium":["https:\/\/diariotiempo.com.uy\/noticias\/wp-content\/uploads\/2023\/04\/camioneta-poli-300x212.jpg",300,212,true],"medium_large":["https:\/\/diariotiempo.com.uy\/noticias\/wp-content\/uploads\/2023\/04\/camioneta-poli-768x542.jpg",640,452,true],"large":["https:\/\/diariotiempo.com.uy\/noticias\/wp-content\/uploads\/2023\/04\/camioneta-poli.jpg",640,452,false],"rpg_gallery_admin_thumb":["https:\/\/diariotiempo.com.uy\/noticias\/wp-content\/uploads\/2023\/04\/camioneta-poli.jpg",150,106,false],"rpg_gallery_thumb":["https:\/\/diariotiempo.com.uy\/noticias\/wp-content\/uploads\/2023\/04\/camioneta-poli.jpg",150,106,false],"1536x1536":["https:\/\/diariotiempo.com.uy\/noticias\/wp-content\/uploads\/2023\/04\/camioneta-poli.jpg",800,565,false],"2048x2048":["https:\/\/diariotiempo.com.uy\/noticias\/wp-content\/uploads\/2023\/04\/camioneta-poli.jpg",800,565,false],"covernews-slider-full":["https:\/\/diariotiempo.com.uy\/noticias\/wp-content\/uploads\/2023\/04\/camioneta-poli.jpg",800,565,false],"covernews-slider-center":["https:\/\/diariotiempo.com.uy\/noticias\/wp-content\/uploads\/2023\/04\/camioneta-poli-800x500.jpg",800,500,true],"covernews-featured":["https:\/\/diariotiempo.com.uy\/noticias\/wp-content\/uploads\/2023\/04\/camioneta-poli.jpg",800,565,false],"covernews-medium":["https:\/\/diariotiempo.com.uy\/noticias\/wp-content\/uploads\/2023\/04\/camioneta-poli-540x340.jpg",540,340,true],"covernews-medium-square":["https:\/\/diariotiempo.com.uy\/noticias\/wp-content\/uploads\/2023\/04\/camioneta-poli-400x250.jpg",400,250,true]},"author_info":{"display_name":"diario","author_link":"https:\/\/diariotiempo.com.uy\/noticias\/author\/diario\/"},"category_info":"<a href=\"https:\/\/diariotiempo.com.uy\/noticias\/category\/policial\/\" rel=\"category tag\">POLICIAL<\/a>","tag_info":"POLICIAL","comment_count":"0","_links":{"self":[{"href":"https:\/\/diariotiempo.com.uy\/noticias\/wp-json\/wp\/v2\/posts\/16261","targetHints":{"allow":["GET"]}}],"collection":[{"href":"https:\/\/diariotiempo.com.uy\/noticias\/wp-json\/wp\/v2\/posts"}],"about":[{"href":"https:\/\/diariotiempo.com.uy\/noticias\/wp-json\/wp\/v2\/types\/post"}],"author":[{"embeddable":true,"href":"https:\/\/diariotiempo.com.uy\/noticias\/wp-json\/wp\/v2\/users\/1"}],"replies":[{"embeddable":true,"href":"https:\/\/diariotiempo.com.uy\/noticias\/wp-json\/wp\/v2\/comments?post=16261"}],"version-history":[{"count":1,"href":"https:\/\/diariotiempo.com.uy\/noticias\/wp-json\/wp\/v2\/posts\/16261\/revisions"}],"predecessor-version":[{"id":16262,"href":"https:\/\/diariotiempo.com.uy\/noticias\/wp-json\/wp\/v2\/posts\/16261\/revisions\/16262"}],"wp:featuredmedia":[{"embeddable":true,"href":"https:\/\/diariotiempo.com.uy\/noticias\/wp-json\/wp\/v2\/media\/10433"}],"wp:attachment":[{"href":"https:\/\/diariotiempo.com.uy\/noticias\/wp-json\/wp\/v2\/media?parent=16261"}],"wp:term":[{"taxonomy":"category","embeddable":true,"href":"https:\/\/diariotiempo.com.uy\/noticias\/wp-json\/wp\/v2\/categories?post=16261"},{"taxonomy":"post_tag","embeddable":true,"href":"https:\/\/diariotiempo.com.uy\/noticias\/wp-json\/wp\/v2\/tags?post=16261"}],"curies":[{"name":"wp","href":"https:\/\/api.w.org\/{rel}","templated":true}]}}