{"id":1629,"date":"2021-09-11T00:27:16","date_gmt":"2021-09-11T00:27:16","guid":{"rendered":"https:\/\/diariotiempo.com.uy\/noticias\/?p=1629"},"modified":"2021-09-11T00:27:17","modified_gmt":"2021-09-11T00:27:17","slug":"instalaron-equipo-de-medicion-de-calidad-del-aire-en-villa-olmos","status":"publish","type":"post","link":"https:\/\/diariotiempo.com.uy\/noticias\/2021\/09\/11\/instalaron-equipo-de-medicion-de-calidad-del-aire-en-villa-olmos\/","title":{"rendered":"Instalaron equipo de medici\u00f3n de calidad del aire en Villa Olmos"},"content":{"rendered":"\n<div class=\"wp-block-image\"><figure class=\"aligncenter size-full\"><img loading=\"lazy\" decoding=\"async\" width=\"800\" height=\"432\" src=\"https:\/\/diariotiempo.com.uy\/noticias\/wp-content\/uploads\/2021\/09\/2-3.jpg\" alt=\"\" class=\"wp-image-1630\" srcset=\"https:\/\/diariotiempo.com.uy\/noticias\/wp-content\/uploads\/2021\/09\/2-3.jpg 800w, https:\/\/diariotiempo.com.uy\/noticias\/wp-content\/uploads\/2021\/09\/2-3-300x162.jpg 300w, https:\/\/diariotiempo.com.uy\/noticias\/wp-content\/uploads\/2021\/09\/2-3-768x415.jpg 768w\" sizes=\"auto, (max-width: 800px) 100vw, 800px\" \/><\/figure><\/div>\n\n\n\n<p>Integrantes del equipo de la Direcci\u00f3n General de Gesti\u00f3n Ambiental de la Intendencia de Canelones y de Calidad del Ambiente del Ministerio de Ambiente instalaron, en la escuela N\u00b0 93 de Villa Olmos, un equipo que permite medir la calidad del aire. El monitor, denominado Hi-Vol, mide las part\u00edculas PM10, al tiempo que permite acumular informaci\u00f3n y evaluar la calidad del aire.<\/p>\n\n\n\n<p>El equipo se instal\u00f3 en el predio escolar por varias razones pero, en particular, porque el cuerpo docente se encuentra dispuesto a participar de esta herramienta de gesti\u00f3n del ambiente e incorporarlo en un proyecto educativo para la instituci\u00f3n, seg\u00fan inform\u00f3 Silvia Cabrera, del \u00c1rea de Calidad Ambiental de la Intendencia de Canelones. \u201cEllas ya tienen experiencia en realizar otro tipo de proyectos con la comunidad y la invitaci\u00f3n fue bien recibida por parte del cuerpo docente, la direcci\u00f3n de la escuela y la inspecci\u00f3n de primaria\u201d, asegur\u00f3.<\/p>\n\n\n\n<p>Esta acci\u00f3n se enmarca en el proyecto Parque Escuela de Ladrilleros presentado por la Cooperativa Ladrillos Canarios, que funcionar\u00e1 en el territorio del Municipio de Pando. \u201cLa idea es colocar el equipo previo a la instalaci\u00f3n de ese proyecto, que estar\u00e1 cerca de ac\u00e1, para generar una l\u00ednea de base del par\u00e1metro PM10 y ver c\u00f3mo est\u00e1 hoy. Se dejar\u00e1 funcionando el tiempo que se requiera, durante el tiempo de funcionamiento del emprendimiento de ladrilleros, para poder hacer un control y evaluaci\u00f3n del par\u00e1metro antes y despu\u00e9s\u201d, explic\u00f3 Cabrera.<\/p>\n\n\n\n<p>Presente en la actividad, el Alcalde del Municipio de Pando, Alcides P\u00e9rez, comunic\u00f3 que este es un avance en el proyecto Parque Escuela de Ladrilleros que comenz\u00f3 hace tres a\u00f1os, aproximadamente. La escuela se instalar\u00e1 en la secci\u00f3n este del parque Artigas de Pando, donde antiguamente funcionaba una planta de reciclaje, a un kil\u00f3metro de la escuela N\u00b0 93 de Villa Olmos. \u201cEl proyecto fue presentado por un grupo de productores de ladrillo, con la inquietud de poder tener una formaci\u00f3n para todos aquellos que muchas veces no tienen acceso al trabajo, y pensamos que era una buena oportunidad\u201d, indic\u00f3.<\/p>\n\n\n\n<p>La pr\u00f3xima etapa ser\u00e1 la construcci\u00f3n de la escuela. P\u00e9rez se\u00f1al\u00f3 que \u201cse apuesta a la econom\u00eda circular, al trabajo con tecnolog\u00eda ecoeficiente, con trabajadores formalmente establecidos y, finalmente, producir ladrillos de primera calidad\u201d.<\/p>\n\n\n\n<p>Cooperativa Ladrillos<br>Canarios<br>Desde la cooperativa Ladrillos Canarios, Marcelo Hern\u00e1ndez reflexion\u00f3 acerca del proyecto presentado al Municipio de Pando. \u201cLa idea es que funcione de forma diferente a los hornos tradicionales. Va a haber hornos ecoeficientes y la instancia de hoy es muy valiosa para nosotros porque la pata ambiental es muy importante. El objetivo es trabajar con los ladrilleros, los m\u00e1s peque\u00f1os en un principio, para fomentar buenas pr\u00e1cticas, trabajar en el tema de la formalidad y las leyes sociales, que el ladrillero tenga su cobertura social y un trabajo m\u00e1s digno\u201d, remarc\u00f3.<br>El sector ladrillero involucra a muchas familias de forma directa e indirecta en la localidad. Tradicionalmente, los hornos se ubicaron en la periferia de la ciudad pero el avance de la poblaci\u00f3n hacia los l\u00edmites de lo urbano trajo conflictos. \u201cSe ve una dificultad al hacer ladrillos con los vecinos; lo que queremos hacer es estandarizar los procesos y afectar lo menos posible a los vecinos y la calidad del aire en general\u201d, sostuvo Hern\u00e1ndez.<\/p>\n\n\n\n<p>El PM10 y equipo Hi-Vol<br>En esta oportunidad, los t\u00e9cnicos destacan la ampliaci\u00f3n de la capacidad de monitoreo que va a tener el departamento canario, en particular con el PM10, fracci\u00f3n de polvo que podemos encontrar en la atm\u00f3sfera. Al respecto, Pablo Fern\u00e1ndez, T\u00e9cnico en Monitoreo Ambiental del Ministerio de Ambiente, afirm\u00f3 que \u201cen la atm\u00f3sfera hay suspendidas una cantidad de part\u00edculas que se segregan por tama\u00f1o. El PM10 es esa fracci\u00f3n de material particulado que tiene un tama\u00f1o menor a 10 micr\u00f3metros. La importancia de este par\u00e1metro es porque cuanto m\u00e1s fino es el polvo m\u00e1s implicancias puede tener sobre la salud\u201d.<br>El equipo que se instal\u00f3 se denomina Hi-Vol; succiona una cantidad medible de aire del ambiente hacia una caja de muestreo a trav\u00e9s de un filtro, durante un per\u00edodo de tiempo conocido, generalmente 24 horas. \u201cEste equipamiento permite hacer un monitoreo sostenido y ampliado en la escuela\u201d, manifest\u00f3 Fern\u00e1ndez, y agreg\u00f3 que \u201cnos va a permitir ir aumentando la cantidad de informaci\u00f3n sobre este par\u00e1metro (PM10) y de esa manera pretendemos mejorar la evaluaci\u00f3n, apuntando a la buena gesti\u00f3n de la calidad del aire y ambiental\u201d.<\/p>\n\n\n\n<p>Trabajo interinstitucional<br>Un equipo de similares caracter\u00edsticas ya existe en el departamento y se encuentra instalado en el Costa Urbana Shopping de Ciudad de la Costa, en el que el Ministerio de Ambiente aport\u00f3 el equipo, mientras que los t\u00e9cnicos de la Intendencia de Canelones operan y toman las muestras peri\u00f3dicamente. En esta l\u00ednea, el Alcalde P\u00e9rez subray\u00f3 la importancia del trabajo en equipo con el municipio vecino de Empalme Olmos, ya que el proyecto Parque Escuela de Ladrilleros est\u00e1 en el l\u00edmite de ambos municipios. \u201cPensamos que a corto plazo vamos a empezar a construir la escuela, con las garant\u00edas de que no vamos a contaminar el medio ambiente, por eso el porqu\u00e9 de la instalaci\u00f3n de este equipo en este lugar\u201d, puntualiz\u00f3.<\/p>\n","protected":false},"excerpt":{"rendered":"<p>Integrantes del equipo de la Direcci\u00f3n General de Gesti\u00f3n Ambiental de la Intendencia de Canelones&#8230;<\/p>\n","protected":false},"author":1,"featured_media":1630,"comment_status":"open","ping_status":"open","sticky":false,"template":"","format":"standard","meta":{"_monsterinsights_skip_tracking":false,"_monsterinsights_sitenote_active":false,"_monsterinsights_sitenote_note":"","_monsterinsights_sitenote_category":0,"footnotes":""},"categories":[21],"tags":[],"class_list":["post-1629","post","type-post","status-publish","format-standard","has-post-thumbnail","hentry","category-empalme-olmos"],"featured_image_urls":{"full":["https:\/\/diariotiempo.com.uy\/noticias\/wp-content\/uploads\/2021\/09\/2-3.jpg",800,432,false],"thumbnail":["https:\/\/diariotiempo.com.uy\/noticias\/wp-content\/uploads\/2021\/09\/2-3-150x150.jpg",150,150,true],"medium":["https:\/\/diariotiempo.com.uy\/noticias\/wp-content\/uploads\/2021\/09\/2-3-300x162.jpg",300,162,true],"medium_large":["https:\/\/diariotiempo.com.uy\/noticias\/wp-content\/uploads\/2021\/09\/2-3-768x415.jpg",640,346,true],"large":["https:\/\/diariotiempo.com.uy\/noticias\/wp-content\/uploads\/2021\/09\/2-3.jpg",640,346,false],"rpg_gallery_admin_thumb":["https:\/\/diariotiempo.com.uy\/noticias\/wp-content\/uploads\/2021\/09\/2-3.jpg",150,81,false],"rpg_gallery_thumb":["https:\/\/diariotiempo.com.uy\/noticias\/wp-content\/uploads\/2021\/09\/2-3.jpg",150,81,false],"1536x1536":["https:\/\/diariotiempo.com.uy\/noticias\/wp-content\/uploads\/2021\/09\/2-3.jpg",800,432,false],"2048x2048":["https:\/\/diariotiempo.com.uy\/noticias\/wp-content\/uploads\/2021\/09\/2-3.jpg",800,432,false],"covernews-slider-full":["https:\/\/diariotiempo.com.uy\/noticias\/wp-content\/uploads\/2021\/09\/2-3.jpg",800,432,false],"covernews-slider-center":["https:\/\/diariotiempo.com.uy\/noticias\/wp-content\/uploads\/2021\/09\/2-3.jpg",800,432,false],"covernews-featured":["https:\/\/diariotiempo.com.uy\/noticias\/wp-content\/uploads\/2021\/09\/2-3.jpg",800,432,false],"covernews-medium":["https:\/\/diariotiempo.com.uy\/noticias\/wp-content\/uploads\/2021\/09\/2-3-540x340.jpg",540,340,true],"covernews-medium-square":["https:\/\/diariotiempo.com.uy\/noticias\/wp-content\/uploads\/2021\/09\/2-3-400x250.jpg",400,250,true]},"author_info":{"display_name":"diario","author_link":"https:\/\/diariotiempo.com.uy\/noticias\/author\/diario\/"},"category_info":"<a href=\"https:\/\/diariotiempo.com.uy\/noticias\/category\/departamental\/empalme-olmos\/\" rel=\"category tag\">Empalme Olmos<\/a>","tag_info":"Empalme Olmos","comment_count":"0","_links":{"self":[{"href":"https:\/\/diariotiempo.com.uy\/noticias\/wp-json\/wp\/v2\/posts\/1629","targetHints":{"allow":["GET"]}}],"collection":[{"href":"https:\/\/diariotiempo.com.uy\/noticias\/wp-json\/wp\/v2\/posts"}],"about":[{"href":"https:\/\/diariotiempo.com.uy\/noticias\/wp-json\/wp\/v2\/types\/post"}],"author":[{"embeddable":true,"href":"https:\/\/diariotiempo.com.uy\/noticias\/wp-json\/wp\/v2\/users\/1"}],"replies":[{"embeddable":true,"href":"https:\/\/diariotiempo.com.uy\/noticias\/wp-json\/wp\/v2\/comments?post=1629"}],"version-history":[{"count":1,"href":"https:\/\/diariotiempo.com.uy\/noticias\/wp-json\/wp\/v2\/posts\/1629\/revisions"}],"predecessor-version":[{"id":1631,"href":"https:\/\/diariotiempo.com.uy\/noticias\/wp-json\/wp\/v2\/posts\/1629\/revisions\/1631"}],"wp:featuredmedia":[{"embeddable":true,"href":"https:\/\/diariotiempo.com.uy\/noticias\/wp-json\/wp\/v2\/media\/1630"}],"wp:attachment":[{"href":"https:\/\/diariotiempo.com.uy\/noticias\/wp-json\/wp\/v2\/media?parent=1629"}],"wp:term":[{"taxonomy":"category","embeddable":true,"href":"https:\/\/diariotiempo.com.uy\/noticias\/wp-json\/wp\/v2\/categories?post=1629"},{"taxonomy":"post_tag","embeddable":true,"href":"https:\/\/diariotiempo.com.uy\/noticias\/wp-json\/wp\/v2\/tags?post=1629"}],"curies":[{"name":"wp","href":"https:\/\/api.w.org\/{rel}","templated":true}]}}