{"id":16322,"date":"2024-09-27T15:52:05","date_gmt":"2024-09-27T15:52:05","guid":{"rendered":"https:\/\/diariotiempo.com.uy\/noticias\/?p=16322"},"modified":"2024-09-27T15:52:06","modified_gmt":"2024-09-27T15:52:06","slug":"integrantes-del-munipio-de-soca-expresan-preocupacion-de-su-ciudadania-por-el-acceso-desde-ruta-8-este-a-su-ciudad","status":"publish","type":"post","link":"https:\/\/diariotiempo.com.uy\/noticias\/2024\/09\/27\/integrantes-del-munipio-de-soca-expresan-preocupacion-de-su-ciudadania-por-el-acceso-desde-ruta-8-este-a-su-ciudad\/","title":{"rendered":"Integrantes del Munipio de Soca expresan preocupaci\u00f3n de su ciudadan\u00eda por el acceso desde Ruta 8 (este) a su ciudad"},"content":{"rendered":"\n<figure class=\"wp-block-image size-full\"><img loading=\"lazy\" decoding=\"async\" width=\"900\" height=\"675\" src=\"https:\/\/diariotiempo.com.uy\/noticias\/wp-content\/uploads\/2024\/09\/f.jpg\" alt=\"\" class=\"wp-image-16323\" srcset=\"https:\/\/diariotiempo.com.uy\/noticias\/wp-content\/uploads\/2024\/09\/f.jpg 900w, https:\/\/diariotiempo.com.uy\/noticias\/wp-content\/uploads\/2024\/09\/f-300x225.jpg 300w, https:\/\/diariotiempo.com.uy\/noticias\/wp-content\/uploads\/2024\/09\/f-768x576.jpg 768w\" sizes=\"auto, (max-width: 900px) 100vw, 900px\" \/><\/figure>\n\n\n\n<p>Integrantes del Municipio de Soca manuvieron una reuni\u00f3n en el Ministerio de Obras P\u00fablicas, al respecto emitieron un comunicado en el que expresan:<\/p>\n\n\n\n<p>\u00abEn el d\u00eda de ayer concurrimos, Alcalde del Municipio Soca, Roberto Rodriguez, Concejal Andres Zeballos y Presidente del Centro Comercial Gerardo Trecu, al Ministerio de Obras P\u00fablicas a reuni\u00f3n pactada con el Se\u00f1or Ministro Jos\u00e9 Luis Falero, Director Nacional de Vialidad, Hernan Ciganza, y su equipo t\u00e9cnico.<\/p>\n\n\n\n<p>El prop\u00f3sito de nuestra visita fue trasladar la preocupaci\u00f3n de nuestra ciudadan\u00eda por el acceso de Ruta 8 (este) a nuestra Ciudad.<\/p>\n\n\n\n<p>Nuestro planteo fue solicitar modificar dicho acceso porque entendemos que m\u00e1s all\u00e1 de un tema t\u00e9cnico y de seguridad, la isla retorno ejecutada dificultar\u00eda un f\u00e1cil acceso a nuestra localidad, que vincula por Ruta 35 a toda la Costa de Oro de nuestro departamento.<\/p>\n\n\n\n<p>Entendiendo nuestro reclamo, el se\u00f1or Ministro &nbsp;manifest\u00f3 y se comprometi\u00f3 a estudiar el tema y buscar alternativas viables para su modificaci\u00f3n.<\/p>\n\n\n\n<p>Creemos que nuestra localidad con el paso de los a\u00f1os se a visto perjudicada por distintas formas, primero con la ruta interbalnearia, despu\u00e9s con el nuevo trazado de la ruta 8, que pasa a 2 kil\u00f3metros de nuestra cuidad.<\/p>\n\n\n\n<p>No podemos olvidarnos que esta localidad, desde sus inicios se caracteriz\u00f3 por ser de servicios al pasajero, turista, etc.<\/p>\n\n\n\n<p>El d\u00eda 17 del corriente, se inaugurara un tramo de la doble v\u00eda de Ruta 8, a la altura de Parador Fito, con la presencia de Autoridades Nacionales, Departamentales y la visita del Se\u00f1or Presidente de la Rep\u00fablica, Luis Lacalle Pou, al cual se le entregar\u00e1 una nota firmada por vecinos de la localidad, con dicha solicitud.<\/p>\n\n\n\n<p>Agradecemos la buena voluntad de las Autoridades por recibirnos.\u00bb<\/p>\n","protected":false},"excerpt":{"rendered":"<p>Integrantes del Municipio de Soca manuvieron una reuni\u00f3n en el Ministerio de Obras P\u00fablicas, al&#8230;<\/p>\n","protected":false},"author":1,"featured_media":16323,"comment_status":"closed","ping_status":"closed","sticky":false,"template":"","format":"standard","meta":{"_monsterinsights_skip_tracking":false,"_monsterinsights_sitenote_active":false,"_monsterinsights_sitenote_note":"","_monsterinsights_sitenote_category":0,"footnotes":""},"categories":[84],"tags":[],"class_list":["post-16322","post","type-post","status-publish","format-standard","has-post-thumbnail","hentry","category-soca"],"featured_image_urls":{"full":["https:\/\/diariotiempo.com.uy\/noticias\/wp-content\/uploads\/2024\/09\/f.jpg",900,675,false],"thumbnail":["https:\/\/diariotiempo.com.uy\/noticias\/wp-content\/uploads\/2024\/09\/f-150x150.jpg",150,150,true],"medium":["https:\/\/diariotiempo.com.uy\/noticias\/wp-content\/uploads\/2024\/09\/f-300x225.jpg",300,225,true],"medium_large":["https:\/\/diariotiempo.com.uy\/noticias\/wp-content\/uploads\/2024\/09\/f-768x576.jpg",640,480,true],"large":["https:\/\/diariotiempo.com.uy\/noticias\/wp-content\/uploads\/2024\/09\/f.jpg",640,480,false],"rpg_gallery_admin_thumb":["https:\/\/diariotiempo.com.uy\/noticias\/wp-content\/uploads\/2024\/09\/f-150x150.jpg",150,150,true],"rpg_gallery_thumb":["https:\/\/diariotiempo.com.uy\/noticias\/wp-content\/uploads\/2024\/09\/f-150x150.jpg",150,150,true],"1536x1536":["https:\/\/diariotiempo.com.uy\/noticias\/wp-content\/uploads\/2024\/09\/f.jpg",900,675,false],"2048x2048":["https:\/\/diariotiempo.com.uy\/noticias\/wp-content\/uploads\/2024\/09\/f.jpg",900,675,false],"covernews-slider-full":["https:\/\/diariotiempo.com.uy\/noticias\/wp-content\/uploads\/2024\/09\/f.jpg",900,675,false],"covernews-slider-center":["https:\/\/diariotiempo.com.uy\/noticias\/wp-content\/uploads\/2024\/09\/f-800x500.jpg",800,500,true],"covernews-featured":["https:\/\/diariotiempo.com.uy\/noticias\/wp-content\/uploads\/2024\/09\/f.jpg",900,675,false],"covernews-medium":["https:\/\/diariotiempo.com.uy\/noticias\/wp-content\/uploads\/2024\/09\/f-540x340.jpg",540,340,true],"covernews-medium-square":["https:\/\/diariotiempo.com.uy\/noticias\/wp-content\/uploads\/2024\/09\/f-400x250.jpg",400,250,true]},"author_info":{"display_name":"diario","author_link":"https:\/\/diariotiempo.com.uy\/noticias\/author\/diario\/"},"category_info":"<a href=\"https:\/\/diariotiempo.com.uy\/noticias\/category\/departamental\/soca\/\" rel=\"category tag\">Soca<\/a>","tag_info":"Soca","comment_count":"0","_links":{"self":[{"href":"https:\/\/diariotiempo.com.uy\/noticias\/wp-json\/wp\/v2\/posts\/16322","targetHints":{"allow":["GET"]}}],"collection":[{"href":"https:\/\/diariotiempo.com.uy\/noticias\/wp-json\/wp\/v2\/posts"}],"about":[{"href":"https:\/\/diariotiempo.com.uy\/noticias\/wp-json\/wp\/v2\/types\/post"}],"author":[{"embeddable":true,"href":"https:\/\/diariotiempo.com.uy\/noticias\/wp-json\/wp\/v2\/users\/1"}],"replies":[{"embeddable":true,"href":"https:\/\/diariotiempo.com.uy\/noticias\/wp-json\/wp\/v2\/comments?post=16322"}],"version-history":[{"count":1,"href":"https:\/\/diariotiempo.com.uy\/noticias\/wp-json\/wp\/v2\/posts\/16322\/revisions"}],"predecessor-version":[{"id":16324,"href":"https:\/\/diariotiempo.com.uy\/noticias\/wp-json\/wp\/v2\/posts\/16322\/revisions\/16324"}],"wp:featuredmedia":[{"embeddable":true,"href":"https:\/\/diariotiempo.com.uy\/noticias\/wp-json\/wp\/v2\/media\/16323"}],"wp:attachment":[{"href":"https:\/\/diariotiempo.com.uy\/noticias\/wp-json\/wp\/v2\/media?parent=16322"}],"wp:term":[{"taxonomy":"category","embeddable":true,"href":"https:\/\/diariotiempo.com.uy\/noticias\/wp-json\/wp\/v2\/categories?post=16322"},{"taxonomy":"post_tag","embeddable":true,"href":"https:\/\/diariotiempo.com.uy\/noticias\/wp-json\/wp\/v2\/tags?post=16322"}],"curies":[{"name":"wp","href":"https:\/\/api.w.org\/{rel}","templated":true}]}}