{"id":16414,"date":"2024-10-04T17:11:11","date_gmt":"2024-10-04T17:11:11","guid":{"rendered":"https:\/\/diariotiempo.com.uy\/noticias\/?p=16414"},"modified":"2024-10-04T17:12:29","modified_gmt":"2024-10-04T17:12:29","slug":"nuevo-caif-en-san-antonio-recibe-a-mas-de-70-ninos","status":"publish","type":"post","link":"https:\/\/diariotiempo.com.uy\/noticias\/2024\/10\/04\/nuevo-caif-en-san-antonio-recibe-a-mas-de-70-ninos\/","title":{"rendered":"Nuevo CAIF en San Antonio, \u00a0recibe a m\u00e1s de 70 ni\u00f1os"},"content":{"rendered":"\n<figure class=\"wp-block-gallery has-nested-images columns-default is-cropped wp-block-gallery-1 is-layout-flex wp-block-gallery-is-layout-flex\">\n<figure class=\"wp-block-image size-large\"><img loading=\"lazy\" decoding=\"async\" width=\"700\" height=\"412\" data-id=\"16415\" src=\"https:\/\/diariotiempo.com.uy\/noticias\/wp-content\/uploads\/2024\/10\/caif.jpg\" alt=\"\" class=\"wp-image-16415\" srcset=\"https:\/\/diariotiempo.com.uy\/noticias\/wp-content\/uploads\/2024\/10\/caif.jpg 700w, https:\/\/diariotiempo.com.uy\/noticias\/wp-content\/uploads\/2024\/10\/caif-300x177.jpg 300w\" sizes=\"auto, (max-width: 700px) 100vw, 700px\" \/><\/figure>\n\n\n\n<figure class=\"wp-block-image size-large\"><img loading=\"lazy\" decoding=\"async\" width=\"700\" height=\"467\" data-id=\"16416\" src=\"https:\/\/diariotiempo.com.uy\/noticias\/wp-content\/uploads\/2024\/10\/caif-gente.jpg\" alt=\"\" class=\"wp-image-16416\" srcset=\"https:\/\/diariotiempo.com.uy\/noticias\/wp-content\/uploads\/2024\/10\/caif-gente.jpg 700w, https:\/\/diariotiempo.com.uy\/noticias\/wp-content\/uploads\/2024\/10\/caif-gente-300x200.jpg 300w\" sizes=\"auto, (max-width: 700px) 100vw, 700px\" \/><figcaption class=\"wp-element-caption\">PRESIDENCIA de la REPUBLICA<\/figcaption><\/figure>\n<\/figure>\n\n\n\n<p>El centro de atenci\u00f3n a la infancia y a la familia (CAIF) Mis Huellitas II fue inaugurado formalmente este viernes 27 por autoridades del Instituto del Ni\u00f1o y el Adolescente del Uruguay (INAU) y la Asociaci\u00f3n Amigos de la Educaci\u00f3n y el Desarrollo de la ciudad canaria de San Antonio. El centro recibe a 73 ni\u00f1os de la zona, de entre 0 y 3 a\u00f1os. El INAU atiende a 14.762 ni\u00f1os y adolescentes en el departamento de Canelones.<\/p>\n\n\n\n<p><strong>Inauguraci\u00f3n de CAIF en San Antonio, Canelones<\/strong><\/p>\n\n\n\n<p>La actividad se desarroll\u00f3 en el CAIF ubicado en la ruta n.\u00b0 33, km 56,200 &nbsp;de Canelones, con la presencia del director departamental del INAU de Canelones, Edgardo Isis, la directora de primer infancia de INAU, Laura Enciso, docentes y familias.<\/p>\n\n\n\n<p>Enciso inform\u00f3 que el equipo multidisciplinario que atiende a los ni\u00f1os est\u00e1 integrado por educadoras, maestras, coordinadora de gesti\u00f3n, psic\u00f3loga y asistente social, que trabajan de forma integral en el abordaje de situaciones familiares, dentro y fuera de la instituci\u00f3n, acompa\u00f1ando especialmente a los referentes en cada hogar.<\/p>\n\n\n\n<p>El nuevo centro se origin\u00f3 en respuesta a la inquietud de la comunidad que durante mucho tiempo plante\u00f3 la necesidad de propuestas de atenci\u00f3n de calidad a la primera infancia, agreg\u00f3.<\/p>\n\n\n\n<p>Este lugar permitir\u00e1 ampliar la cobertura, brindar alimentaci\u00f3n, acceso a la cultura y a la salud, as\u00ed como tambi\u00e9n espacios de socializaci\u00f3n y cuidados a los ni\u00f1os y sus familias. \u201cSe trata de un centro muy demandado para la poblaci\u00f3n de la zona\u201d, puntualiz\u00f3.<\/p>\n\n\n\n<p>Por su parte, Isis inform\u00f3 que, en Canelones, el sistema INAU atiende a 14.762 ni\u00f1os y adolescentes, con un equipo de 249 funcionarios. Durante este per\u00edodo, se inauguraron 87 centros en todo el departamento, agreg\u00f3.<\/p>\n\n\n\n<p><em>Fotos Presidencia<\/em><\/p>\n\n\n\n<p><\/p>\n","protected":false},"excerpt":{"rendered":"<p>El centro de atenci\u00f3n a la infancia y a la familia (CAIF) Mis Huellitas II&#8230;<\/p>\n","protected":false},"author":1,"featured_media":16415,"comment_status":"closed","ping_status":"closed","sticky":false,"template":"","format":"standard","meta":{"_monsterinsights_skip_tracking":false,"_monsterinsights_sitenote_active":false,"_monsterinsights_sitenote_note":"","_monsterinsights_sitenote_category":0,"footnotes":""},"categories":[134],"tags":[],"class_list":["post-16414","post","type-post","status-publish","format-standard","has-post-thumbnail","hentry","category-san-antonio"],"featured_image_urls":{"full":["https:\/\/diariotiempo.com.uy\/noticias\/wp-content\/uploads\/2024\/10\/caif.jpg",700,412,false],"thumbnail":["https:\/\/diariotiempo.com.uy\/noticias\/wp-content\/uploads\/2024\/10\/caif-150x150.jpg",150,150,true],"medium":["https:\/\/diariotiempo.com.uy\/noticias\/wp-content\/uploads\/2024\/10\/caif-300x177.jpg",300,177,true],"medium_large":["https:\/\/diariotiempo.com.uy\/noticias\/wp-content\/uploads\/2024\/10\/caif.jpg",640,377,false],"large":["https:\/\/diariotiempo.com.uy\/noticias\/wp-content\/uploads\/2024\/10\/caif.jpg",640,377,false],"rpg_gallery_admin_thumb":["https:\/\/diariotiempo.com.uy\/noticias\/wp-content\/uploads\/2024\/10\/caif-150x150.jpg",150,150,true],"rpg_gallery_thumb":["https:\/\/diariotiempo.com.uy\/noticias\/wp-content\/uploads\/2024\/10\/caif-150x150.jpg",150,150,true],"1536x1536":["https:\/\/diariotiempo.com.uy\/noticias\/wp-content\/uploads\/2024\/10\/caif.jpg",700,412,false],"2048x2048":["https:\/\/diariotiempo.com.uy\/noticias\/wp-content\/uploads\/2024\/10\/caif.jpg",700,412,false],"covernews-slider-full":["https:\/\/diariotiempo.com.uy\/noticias\/wp-content\/uploads\/2024\/10\/caif.jpg",700,412,false],"covernews-slider-center":["https:\/\/diariotiempo.com.uy\/noticias\/wp-content\/uploads\/2024\/10\/caif.jpg",700,412,false],"covernews-featured":["https:\/\/diariotiempo.com.uy\/noticias\/wp-content\/uploads\/2024\/10\/caif.jpg",700,412,false],"covernews-medium":["https:\/\/diariotiempo.com.uy\/noticias\/wp-content\/uploads\/2024\/10\/caif-540x340.jpg",540,340,true],"covernews-medium-square":["https:\/\/diariotiempo.com.uy\/noticias\/wp-content\/uploads\/2024\/10\/caif-400x250.jpg",400,250,true]},"author_info":{"display_name":"diario","author_link":"https:\/\/diariotiempo.com.uy\/noticias\/author\/diario\/"},"category_info":"<a href=\"https:\/\/diariotiempo.com.uy\/noticias\/category\/departamental\/san-antonio\/\" rel=\"category tag\">San Antonio<\/a>","tag_info":"San Antonio","comment_count":"0","_links":{"self":[{"href":"https:\/\/diariotiempo.com.uy\/noticias\/wp-json\/wp\/v2\/posts\/16414","targetHints":{"allow":["GET"]}}],"collection":[{"href":"https:\/\/diariotiempo.com.uy\/noticias\/wp-json\/wp\/v2\/posts"}],"about":[{"href":"https:\/\/diariotiempo.com.uy\/noticias\/wp-json\/wp\/v2\/types\/post"}],"author":[{"embeddable":true,"href":"https:\/\/diariotiempo.com.uy\/noticias\/wp-json\/wp\/v2\/users\/1"}],"replies":[{"embeddable":true,"href":"https:\/\/diariotiempo.com.uy\/noticias\/wp-json\/wp\/v2\/comments?post=16414"}],"version-history":[{"count":2,"href":"https:\/\/diariotiempo.com.uy\/noticias\/wp-json\/wp\/v2\/posts\/16414\/revisions"}],"predecessor-version":[{"id":16418,"href":"https:\/\/diariotiempo.com.uy\/noticias\/wp-json\/wp\/v2\/posts\/16414\/revisions\/16418"}],"wp:featuredmedia":[{"embeddable":true,"href":"https:\/\/diariotiempo.com.uy\/noticias\/wp-json\/wp\/v2\/media\/16415"}],"wp:attachment":[{"href":"https:\/\/diariotiempo.com.uy\/noticias\/wp-json\/wp\/v2\/media?parent=16414"}],"wp:term":[{"taxonomy":"category","embeddable":true,"href":"https:\/\/diariotiempo.com.uy\/noticias\/wp-json\/wp\/v2\/categories?post=16414"},{"taxonomy":"post_tag","embeddable":true,"href":"https:\/\/diariotiempo.com.uy\/noticias\/wp-json\/wp\/v2\/tags?post=16414"}],"curies":[{"name":"wp","href":"https:\/\/api.w.org\/{rel}","templated":true}]}}