{"id":16419,"date":"2024-10-04T17:14:07","date_gmt":"2024-10-04T17:14:07","guid":{"rendered":"https:\/\/diariotiempo.com.uy\/noticias\/?p=16419"},"modified":"2024-10-04T17:14:08","modified_gmt":"2024-10-04T17:14:08","slug":"el-museo-de-la-chacra-abre-sus-puertas-para-celebrar-el-dia-del-patrimonio","status":"publish","type":"post","link":"https:\/\/diariotiempo.com.uy\/noticias\/2024\/10\/04\/el-museo-de-la-chacra-abre-sus-puertas-para-celebrar-el-dia-del-patrimonio\/","title":{"rendered":"El Museo de la Chacra abre sus puertas para celebrar el D\u00eda del Patrimonio"},"content":{"rendered":"\n<figure class=\"wp-block-image size-full\"><img loading=\"lazy\" decoding=\"async\" width=\"464\" height=\"552\" src=\"https:\/\/diariotiempo.com.uy\/noticias\/wp-content\/uploads\/2024\/10\/chacra.jpg\" alt=\"\" class=\"wp-image-16420\" srcset=\"https:\/\/diariotiempo.com.uy\/noticias\/wp-content\/uploads\/2024\/10\/chacra.jpg 464w, https:\/\/diariotiempo.com.uy\/noticias\/wp-content\/uploads\/2024\/10\/chacra-252x300.jpg 252w\" sizes=\"auto, (max-width: 464px) 100vw, 464px\" \/><\/figure>\n\n\n\n<p>El pr\u00f3ximo s\u00e1bado 5 de octubre, el Museo de la Chacra abre sus puertas para celebrar el D\u00eda del Patrimonio y rememorar nuestras ra\u00edces. La celebraci\u00f3n se realizar\u00e1 de 10:00 a 19:00 horas en la Ruta 7 km 56.700, Municipio San Jacinto, con entrada libre y estacionamiento vigilado.<\/p>\n\n\n\n<p>La actividad propone una mirada hacia la memoria de la ruralidad de Canelones, a trav\u00e9s de la exhibici\u00f3n de objetos, recreaci\u00f3n de ranchos y trabajo con bueyes, vestimentas t\u00edpicas, poes\u00eda rural y folcl\u00f3rica y toda la gastronom\u00eda familiar de la chacra, que incluye comidas de olla, guisos, cazuelas, chorizos caseros, asado, tortas fritas, boniatos al horno, panes caseros en horno de barro, frutas y verduras frescas de la chacra a la mesa y pastelitos caseros. <\/p>\n\n\n\n<p>Adem\u00e1s, habr\u00e1 paseos en rastra, siembra con las organizaciones rurales, la charla Memorias de la chacra en los ranchos y demostraci\u00f3n de elaboraci\u00f3n de canastos de mimbre.A las 13:00 horas se realizar\u00e1 la entrega de premios correspondientes a la s\u00e9ptima edici\u00f3n de la Fiesta de la Chacra en San Jacinto, con la participaci\u00f3n del Intendente de Canelones, Marcelo Metediera, y dem\u00e1s autoridades departamentales y locales.<\/p>\n\n\n\n<p>Los visitantes podr\u00e1n disfrutar de una variada grilla de actividades art\u00edsticas que comenzar\u00e1 en el predio desde las 11:30 horas con la presentaci\u00f3n de Silvia Guzm\u00e1n, Walter Mart\u00ednez, el grupo Sin Aprontes, Divar Barreto, Rober de Brun y Los Gauchos de la Cumbia y contar\u00e1 con el gran cierre de Carlos Malo a las 17:30 horas.<\/p>\n","protected":false},"excerpt":{"rendered":"<p>El pr\u00f3ximo s\u00e1bado 5 de octubre, el Museo de la Chacra abre sus puertas para&#8230;<\/p>\n","protected":false},"author":1,"featured_media":16420,"comment_status":"closed","ping_status":"closed","sticky":false,"template":"","format":"standard","meta":{"_monsterinsights_skip_tracking":false,"_monsterinsights_sitenote_active":false,"_monsterinsights_sitenote_note":"","_monsterinsights_sitenote_category":0,"footnotes":""},"categories":[87],"tags":[],"class_list":["post-16419","post","type-post","status-publish","format-standard","has-post-thumbnail","hentry","category-san-jacinto"],"featured_image_urls":{"full":["https:\/\/diariotiempo.com.uy\/noticias\/wp-content\/uploads\/2024\/10\/chacra.jpg",464,552,false],"thumbnail":["https:\/\/diariotiempo.com.uy\/noticias\/wp-content\/uploads\/2024\/10\/chacra-150x150.jpg",150,150,true],"medium":["https:\/\/diariotiempo.com.uy\/noticias\/wp-content\/uploads\/2024\/10\/chacra-252x300.jpg",252,300,true],"medium_large":["https:\/\/diariotiempo.com.uy\/noticias\/wp-content\/uploads\/2024\/10\/chacra.jpg",464,552,false],"large":["https:\/\/diariotiempo.com.uy\/noticias\/wp-content\/uploads\/2024\/10\/chacra.jpg",464,552,false],"rpg_gallery_admin_thumb":["https:\/\/diariotiempo.com.uy\/noticias\/wp-content\/uploads\/2024\/10\/chacra-150x150.jpg",150,150,true],"rpg_gallery_thumb":["https:\/\/diariotiempo.com.uy\/noticias\/wp-content\/uploads\/2024\/10\/chacra-150x150.jpg",150,150,true],"1536x1536":["https:\/\/diariotiempo.com.uy\/noticias\/wp-content\/uploads\/2024\/10\/chacra.jpg",464,552,false],"2048x2048":["https:\/\/diariotiempo.com.uy\/noticias\/wp-content\/uploads\/2024\/10\/chacra.jpg",464,552,false],"covernews-slider-full":["https:\/\/diariotiempo.com.uy\/noticias\/wp-content\/uploads\/2024\/10\/chacra.jpg",464,552,false],"covernews-slider-center":["https:\/\/diariotiempo.com.uy\/noticias\/wp-content\/uploads\/2024\/10\/chacra-464x500.jpg",464,500,true],"covernews-featured":["https:\/\/diariotiempo.com.uy\/noticias\/wp-content\/uploads\/2024\/10\/chacra.jpg",464,552,false],"covernews-medium":["https:\/\/diariotiempo.com.uy\/noticias\/wp-content\/uploads\/2024\/10\/chacra-464x340.jpg",464,340,true],"covernews-medium-square":["https:\/\/diariotiempo.com.uy\/noticias\/wp-content\/uploads\/2024\/10\/chacra-400x250.jpg",400,250,true]},"author_info":{"display_name":"diario","author_link":"https:\/\/diariotiempo.com.uy\/noticias\/author\/diario\/"},"category_info":"<a href=\"https:\/\/diariotiempo.com.uy\/noticias\/category\/departamental\/san-jacinto\/\" rel=\"category tag\">San Jacinto<\/a>","tag_info":"San Jacinto","comment_count":"0","_links":{"self":[{"href":"https:\/\/diariotiempo.com.uy\/noticias\/wp-json\/wp\/v2\/posts\/16419","targetHints":{"allow":["GET"]}}],"collection":[{"href":"https:\/\/diariotiempo.com.uy\/noticias\/wp-json\/wp\/v2\/posts"}],"about":[{"href":"https:\/\/diariotiempo.com.uy\/noticias\/wp-json\/wp\/v2\/types\/post"}],"author":[{"embeddable":true,"href":"https:\/\/diariotiempo.com.uy\/noticias\/wp-json\/wp\/v2\/users\/1"}],"replies":[{"embeddable":true,"href":"https:\/\/diariotiempo.com.uy\/noticias\/wp-json\/wp\/v2\/comments?post=16419"}],"version-history":[{"count":1,"href":"https:\/\/diariotiempo.com.uy\/noticias\/wp-json\/wp\/v2\/posts\/16419\/revisions"}],"predecessor-version":[{"id":16421,"href":"https:\/\/diariotiempo.com.uy\/noticias\/wp-json\/wp\/v2\/posts\/16419\/revisions\/16421"}],"wp:featuredmedia":[{"embeddable":true,"href":"https:\/\/diariotiempo.com.uy\/noticias\/wp-json\/wp\/v2\/media\/16420"}],"wp:attachment":[{"href":"https:\/\/diariotiempo.com.uy\/noticias\/wp-json\/wp\/v2\/media?parent=16419"}],"wp:term":[{"taxonomy":"category","embeddable":true,"href":"https:\/\/diariotiempo.com.uy\/noticias\/wp-json\/wp\/v2\/categories?post=16419"},{"taxonomy":"post_tag","embeddable":true,"href":"https:\/\/diariotiempo.com.uy\/noticias\/wp-json\/wp\/v2\/tags?post=16419"}],"curies":[{"name":"wp","href":"https:\/\/api.w.org\/{rel}","templated":true}]}}