{"id":16455,"date":"2024-10-08T15:08:17","date_gmt":"2024-10-08T15:08:17","guid":{"rendered":"https:\/\/diariotiempo.com.uy\/noticias\/?p=16455"},"modified":"2024-10-08T15:08:18","modified_gmt":"2024-10-08T15:08:18","slug":"uruguay-se-prepara-para-responder-mejor-en-caso-de-incendios-forestales","status":"publish","type":"post","link":"https:\/\/diariotiempo.com.uy\/noticias\/2024\/10\/08\/uruguay-se-prepara-para-responder-mejor-en-caso-de-incendios-forestales\/","title":{"rendered":"Uruguay se prepara para responder mejor en caso de incendios forestales"},"content":{"rendered":"\n<figure class=\"wp-block-image size-full\"><img loading=\"lazy\" decoding=\"async\" width=\"945\" height=\"630\" src=\"https:\/\/diariotiempo.com.uy\/noticias\/wp-content\/uploads\/2024\/10\/bomberos.jpg\" alt=\"\" class=\"wp-image-16456\" srcset=\"https:\/\/diariotiempo.com.uy\/noticias\/wp-content\/uploads\/2024\/10\/bomberos.jpg 945w, https:\/\/diariotiempo.com.uy\/noticias\/wp-content\/uploads\/2024\/10\/bomberos-300x200.jpg 300w, https:\/\/diariotiempo.com.uy\/noticias\/wp-content\/uploads\/2024\/10\/bomberos-768x512.jpg 768w\" sizes=\"auto, (max-width: 945px) 100vw, 945px\" \/><\/figure>\n\n\n\n<p>Se realiz\u00f3 en el Servicio de Parques del Ej\u00e9rcito en Santa Teresa una nueva edici\u00f3n del Curso de combate a incendios forestales.<\/p>\n\n\n\n<p>El Sinae en colaboraci\u00f3n con Bomberos lleva a cabo desde hace varios a\u00f1os iniciativas que contribuyen a mejorar las capacidades de preparaci\u00f3n y respuesta en caso de ocurrencia de este tipo de emergencias.<\/p>\n\n\n\n<p>El fuego no controlado en terrenos forestales puede afectar extensas superficies produciendo grandes da\u00f1os a la vegetaci\u00f3n, fauna y suelo, con las consecuentes p\u00e9rdidas ecol\u00f3gicas, econ\u00f3micas y sociales.<\/p>\n\n\n\n<p>El objetivo del curso dictado por expertos de Bomberos, de la Fuerza A\u00e9rea y personal t\u00e9cnico de la Direcci\u00f3n Nacional de Emergencias es fortalecer la coordinaci\u00f3n entre las instituciones que conforman los recursos disponibles, para una r\u00e1pida, coordinada y eficaz respuesta, basada en la capacitaci\u00f3n t\u00e9cnica del capital humano.<\/p>\n\n\n\n<p>La capacitaci\u00f3n estuvo dirigida a efectivos pertenecientes a la Secci\u00f3n de Atenci\u00f3n a la Emergencia (SAE) del Ej\u00e9rcito Nacional y se realiz\u00f3 en la modalidad de taller te\u00f3rico-pr\u00e1ctico. Durante 3 jornadas participaron 41 integrantes del Ej\u00e9rcito, 15 de la Fuerza A\u00e9rea, 4 de la Armada Nacional, 19 de la Direcci\u00f3n Nacional de Bomberos (DNB), 7 de la Direcci\u00f3n Nacional de Aviaci\u00f3n de la Polic\u00eda Nacional (DNAPN), 11 de la Direcci\u00f3n Nacional de Emergencias (DNE), 2 del Cecoed de Rocha y personal del Servicio de Parques del Ej\u00e9rcito (SE.PA.E).<\/p>\n\n\n\n<p>Las instancias te\u00f3ricas se desarrollaron en 7 m\u00f3dulos, dando abordaje a la teor\u00eda del fuego y comportamiento de los incendios forestales; t\u00e9cnicas de combate del m\u00e9todo indirecto; etapas de combate; herramientas; seguridad en el combate; organizaci\u00f3n del personal; y combate a\u00e9reo en incendios forestales.<\/p>\n\n\n\n<p>Los ejercicios de campo se realizaron en 6 talleres que pusieron en pr\u00e1ctica el cuidado, uso y mantenimiento de herramientas; la asignaci\u00f3n del personal y construcci\u00f3n de l\u00ednea por m\u00e9todos manuales; la utilizaci\u00f3n y cuidado del equipo de protecci\u00f3n personal; un ejercicio simulado de Sistema de Comando de Incidentes (SCI) en respuesta a Incidentes de Incendios Forestales (IIF); la construcci\u00f3n de l\u00ednea con maquinaria pesada y quema de ensanche; y el ejercicio final de quema y sostenimiento de la l\u00ednea de control.<\/p>\n\n\n\n<p>El \u00faltimo d\u00eda se realiz\u00f3 el ejercicio final que consisti\u00f3 en una maniobra de combate en forma conjunta. Se utiliz\u00f3 maquinaria pesada (buld\u00f3cer), drones y helic\u00f3ptero (estos \u00faltimos realizaron acciones te\u00f3ricas de coordinaci\u00f3n de seguridad sin poder operar de forma pr\u00e1ctica debido a las condiciones clim\u00e1ticas), equipos y herramientas manuales (machetes, pulaskis, palines, chicotes, mochilas de agua, mecheros, motosierras, etc.). Debido a las condiciones clim\u00e1ticas el control del fuego se realiz\u00f3 mediante ataque directo de cuadrillas terrestres.<\/p>\n\n\n\n<p>En el cierre del curso los participantes recibieron el certificado que avala la aprobaci\u00f3n del curso Combate Incendio Forestal con una carga horaria de 27 horas.<\/p>\n","protected":false},"excerpt":{"rendered":"<p>Se realiz\u00f3 en el Servicio de Parques del Ej\u00e9rcito en Santa Teresa una nueva edici\u00f3n&#8230;<\/p>\n","protected":false},"author":1,"featured_media":16456,"comment_status":"closed","ping_status":"closed","sticky":false,"template":"","format":"standard","meta":{"_monsterinsights_skip_tracking":false,"_monsterinsights_sitenote_active":false,"_monsterinsights_sitenote_note":"","_monsterinsights_sitenote_category":0,"footnotes":""},"categories":[11],"tags":[],"class_list":["post-16455","post","type-post","status-publish","format-standard","has-post-thumbnail","hentry","category-noticia-destacada"],"featured_image_urls":{"full":["https:\/\/diariotiempo.com.uy\/noticias\/wp-content\/uploads\/2024\/10\/bomberos.jpg",945,630,false],"thumbnail":["https:\/\/diariotiempo.com.uy\/noticias\/wp-content\/uploads\/2024\/10\/bomberos-150x150.jpg",150,150,true],"medium":["https:\/\/diariotiempo.com.uy\/noticias\/wp-content\/uploads\/2024\/10\/bomberos-300x200.jpg",300,200,true],"medium_large":["https:\/\/diariotiempo.com.uy\/noticias\/wp-content\/uploads\/2024\/10\/bomberos-768x512.jpg",640,427,true],"large":["https:\/\/diariotiempo.com.uy\/noticias\/wp-content\/uploads\/2024\/10\/bomberos.jpg",640,427,false],"rpg_gallery_admin_thumb":["https:\/\/diariotiempo.com.uy\/noticias\/wp-content\/uploads\/2024\/10\/bomberos-150x150.jpg",150,150,true],"rpg_gallery_thumb":["https:\/\/diariotiempo.com.uy\/noticias\/wp-content\/uploads\/2024\/10\/bomberos-150x150.jpg",150,150,true],"1536x1536":["https:\/\/diariotiempo.com.uy\/noticias\/wp-content\/uploads\/2024\/10\/bomberos.jpg",945,630,false],"2048x2048":["https:\/\/diariotiempo.com.uy\/noticias\/wp-content\/uploads\/2024\/10\/bomberos.jpg",945,630,false],"covernews-slider-full":["https:\/\/diariotiempo.com.uy\/noticias\/wp-content\/uploads\/2024\/10\/bomberos.jpg",945,630,false],"covernews-slider-center":["https:\/\/diariotiempo.com.uy\/noticias\/wp-content\/uploads\/2024\/10\/bomberos-800x500.jpg",800,500,true],"covernews-featured":["https:\/\/diariotiempo.com.uy\/noticias\/wp-content\/uploads\/2024\/10\/bomberos.jpg",945,630,false],"covernews-medium":["https:\/\/diariotiempo.com.uy\/noticias\/wp-content\/uploads\/2024\/10\/bomberos-540x340.jpg",540,340,true],"covernews-medium-square":["https:\/\/diariotiempo.com.uy\/noticias\/wp-content\/uploads\/2024\/10\/bomberos-400x250.jpg",400,250,true]},"author_info":{"display_name":"diario","author_link":"https:\/\/diariotiempo.com.uy\/noticias\/author\/diario\/"},"category_info":"<a href=\"https:\/\/diariotiempo.com.uy\/noticias\/category\/noticia-destacada\/\" rel=\"category tag\">NOTICIA DESTACADA<\/a>","tag_info":"NOTICIA DESTACADA","comment_count":"0","_links":{"self":[{"href":"https:\/\/diariotiempo.com.uy\/noticias\/wp-json\/wp\/v2\/posts\/16455","targetHints":{"allow":["GET"]}}],"collection":[{"href":"https:\/\/diariotiempo.com.uy\/noticias\/wp-json\/wp\/v2\/posts"}],"about":[{"href":"https:\/\/diariotiempo.com.uy\/noticias\/wp-json\/wp\/v2\/types\/post"}],"author":[{"embeddable":true,"href":"https:\/\/diariotiempo.com.uy\/noticias\/wp-json\/wp\/v2\/users\/1"}],"replies":[{"embeddable":true,"href":"https:\/\/diariotiempo.com.uy\/noticias\/wp-json\/wp\/v2\/comments?post=16455"}],"version-history":[{"count":1,"href":"https:\/\/diariotiempo.com.uy\/noticias\/wp-json\/wp\/v2\/posts\/16455\/revisions"}],"predecessor-version":[{"id":16457,"href":"https:\/\/diariotiempo.com.uy\/noticias\/wp-json\/wp\/v2\/posts\/16455\/revisions\/16457"}],"wp:featuredmedia":[{"embeddable":true,"href":"https:\/\/diariotiempo.com.uy\/noticias\/wp-json\/wp\/v2\/media\/16456"}],"wp:attachment":[{"href":"https:\/\/diariotiempo.com.uy\/noticias\/wp-json\/wp\/v2\/media?parent=16455"}],"wp:term":[{"taxonomy":"category","embeddable":true,"href":"https:\/\/diariotiempo.com.uy\/noticias\/wp-json\/wp\/v2\/categories?post=16455"},{"taxonomy":"post_tag","embeddable":true,"href":"https:\/\/diariotiempo.com.uy\/noticias\/wp-json\/wp\/v2\/tags?post=16455"}],"curies":[{"name":"wp","href":"https:\/\/api.w.org\/{rel}","templated":true}]}}