{"id":16523,"date":"2024-10-11T16:08:55","date_gmt":"2024-10-11T16:08:55","guid":{"rendered":"https:\/\/diariotiempo.com.uy\/noticias\/?p=16523"},"modified":"2024-10-11T16:09:14","modified_gmt":"2024-10-11T16:09:14","slug":"dia-del-patrimonio-y-entrega-de-premios-de-la-septima-edicion-de-la-fiesta-de-la-chacra-en-san-jacinto","status":"publish","type":"post","link":"https:\/\/diariotiempo.com.uy\/noticias\/2024\/10\/11\/dia-del-patrimonio-y-entrega-de-premios-de-la-septima-edicion-de-la-fiesta-de-la-chacra-en-san-jacinto\/","title":{"rendered":"D\u00eda del Patrimonio, y entrega de premios de la s\u00e9ptima edici\u00f3n de la Fiesta de la Chacra en San Jacinto"},"content":{"rendered":"\n<figure class=\"wp-block-gallery has-nested-images columns-2 is-cropped wp-block-gallery-1 is-layout-flex wp-block-gallery-is-layout-flex\">\n<figure class=\"wp-block-image size-large\"><img loading=\"lazy\" decoding=\"async\" width=\"800\" height=\"533\" data-id=\"16524\" src=\"https:\/\/diariotiempo.com.uy\/noticias\/wp-content\/uploads\/2024\/10\/premio-ee.jpg\" alt=\"\" class=\"wp-image-16524\" srcset=\"https:\/\/diariotiempo.com.uy\/noticias\/wp-content\/uploads\/2024\/10\/premio-ee.jpg 800w, https:\/\/diariotiempo.com.uy\/noticias\/wp-content\/uploads\/2024\/10\/premio-ee-300x200.jpg 300w, https:\/\/diariotiempo.com.uy\/noticias\/wp-content\/uploads\/2024\/10\/premio-ee-768x512.jpg 768w\" sizes=\"auto, (max-width: 800px) 100vw, 800px\" \/><\/figure>\n\n\n\n<figure class=\"wp-block-image size-large\"><img loading=\"lazy\" decoding=\"async\" width=\"800\" height=\"533\" data-id=\"16526\" src=\"https:\/\/diariotiempo.com.uy\/noticias\/wp-content\/uploads\/2024\/10\/premiooo.jpg\" alt=\"\" class=\"wp-image-16526\" srcset=\"https:\/\/diariotiempo.com.uy\/noticias\/wp-content\/uploads\/2024\/10\/premiooo.jpg 800w, https:\/\/diariotiempo.com.uy\/noticias\/wp-content\/uploads\/2024\/10\/premiooo-300x200.jpg 300w, https:\/\/diariotiempo.com.uy\/noticias\/wp-content\/uploads\/2024\/10\/premiooo-768x512.jpg 768w\" sizes=\"auto, (max-width: 800px) 100vw, 800px\" \/><\/figure>\n\n\n\n<figure class=\"wp-block-image size-large\"><img loading=\"lazy\" decoding=\"async\" width=\"800\" height=\"533\" data-id=\"16525\" src=\"https:\/\/diariotiempo.com.uy\/noticias\/wp-content\/uploads\/2024\/10\/premios-el.jpg\" alt=\"\" class=\"wp-image-16525\" srcset=\"https:\/\/diariotiempo.com.uy\/noticias\/wp-content\/uploads\/2024\/10\/premios-el.jpg 800w, https:\/\/diariotiempo.com.uy\/noticias\/wp-content\/uploads\/2024\/10\/premios-el-300x200.jpg 300w, https:\/\/diariotiempo.com.uy\/noticias\/wp-content\/uploads\/2024\/10\/premios-el-768x512.jpg 768w\" sizes=\"auto, (max-width: 800px) 100vw, 800px\" \/><\/figure>\n<\/figure>\n\n\n\n<p>En el marco del D\u00eda del Patrimonio, durante el fin de semana en todo el departamento se realizaron diversas actividades vinculadas a la identidad local y la conexi\u00f3n con el entorno natural. El Museo de la Chacra en el Municipio San Jacinto abri\u00f3 nuevamente sus puertas para rememorar nuestras ra\u00edces chacareras.<\/p>\n\n\n\n<p>La celebraci\u00f3n se realiz\u00f3 de 10:00 a 19:00 horas en la Ruta 7 km 56.700, con entrada libre, y propuso una mirada hacia la memoria de la ruralidad de Canelones a trav\u00e9s de la exhibici\u00f3n de objetos, recreaci\u00f3n de ranchos y trabajo con bueyes, vestimentas t\u00edpicas, poes\u00eda rural y folcl\u00f3rica.<\/p>\n\n\n\n<p>Como ya es tradicional, cont\u00f3 con la gastronom\u00eda familiar de la chacra, que incluy\u00f3 comidas de olla, guisos, cazuelas, chorizos caseros, asado, tortas fritas, boniatos al horno, panes caseros en horno de barro, frutas y verduras frescas de la chacra a la mesa y pastelitos caseros.<\/p>\n\n\n\n<p>El Intendente de Canelones, Marcelo Metediera, que realiz\u00f3 una recorrida por las diferentes sociedades de fomento presentes en el predio con sus diversas propuestas, afirm\u00f3 que el museo se conoce por la Fiesta de la Chacra, pero destac\u00f3 que el trabajo con la organizaciones rurales se realiza durante todo el a\u00f1o.<\/p>\n\n\n\n<p>En relaci\u00f3n a la consigna de esta trig\u00e9sima edici\u00f3n del D\u00eda del Patrimonio, el vino como tradici\u00f3n: inmigraci\u00f3n, trabajo e innovaci\u00f3n, afirm\u00f3 que fueron los inmigrantes que llegaron a nuestro pa\u00eds y al departamento quienes fueron forjando esa identidad, que se mantiene hasta nuestros d\u00edas.<\/p>\n\n\n\n<p>El Presidente de la Junta Departamental de Canelones, Daniel Pereira, que tambi\u00e9n visit\u00f3 el museo a cielo abierto, manifest\u00f3 que las actividades que all\u00ed se realizaron fueron claramente identitarias de Canelones, especialmente de los vecinos y vecinas de la zona rural del departamento.<\/p>\n\n\n\n<p>En tanto, la Directora de Desarrollo Rural, Claudia S\u00e1nchez, resalt\u00f3 la apertura del museo, que por segundo a\u00f1o consecutivo se sum\u00f3 a los festejos del patrimonio. Seg\u00fan expres\u00f3, este museo vivo al aire libre ofreci\u00f3 una s\u00edntesis de la cultura rural de Canelones, en la que se valora especialmente la tradici\u00f3n de quienes viven y producen en el campo.<\/p>\n\n\n\n<p>Los visitantes disfrutaron de una variada grilla de actividades art\u00edsticas que comenz\u00f3 en el predio desde las 11:30 y se desarroll\u00f3 hasta las 19:00 horas.<\/p>\n\n\n\n<p>Premiaci\u00f3n de la s\u00e9ptima edici\u00f3n de la Fiesta de la Chacra<\/p>\n\n\n\n<p>Adem\u00e1s de disfrutar del D\u00eda del Patrimonio, durante la jornada del s\u00e1bado se desarroll\u00f3 la entrega de premios correspondiente a la s\u00e9ptima edici\u00f3n de la Fiesta de la Chacra en San Jacinto, con la participaci\u00f3n del Intendente Metediera.<\/p>\n\n\n\n<p>En la categor\u00eda Sabores de la Chacra, el primer premio en Comidas y Recetas de la Chacra fue otorgado a Arenales por su elaboraci\u00f3n de puchero, sopa, torrejas y jugo de naranja, obteniendo la estatuilla chacarera.<\/p>\n\n\n\n<p>En Embutidos, la Sociedad de Fomento Canel\u00f3n Chico fue premiada por su salchich\u00f3n y queso de cerdo, mientras que Los Chacareros se destacaron con el primer premio en chorizo seco.<\/p>\n\n\n\n<p>AMRU obtuvo el primer premio en Quesos y la Sociedad de Fomento Rural Picaso destac\u00f3 en Dulces y Mermeladas con su dulce de zapallo criollo cortado, recibiendo tambi\u00e9n la estatuilla chacarera por la calidad de su producci\u00f3n en esta \u00e1rea.<\/p>\n\n\n\n<p>En el rubro de Maquinarias de la Chacra, Maximiliano Lista fue galardonado en Arenales Tractor y recibi\u00f3 la estatuilla chacarera, mientras que en Canel\u00f3n Chico Tractor, el primer premio fue para la Barra de Pimba. Ra\u00edces Criollas se destac\u00f3 en Villa Nueva Trilladora.<\/p>\n\n\n\n<p>El reconocimiento al Producto de Identidad fue otorgado a Rober De Brun por su caf\u00e9 de boniato, obteniendo la estatuilla chacarera. En la categor\u00eda de Bueyes, los ganadores de las estatuillas fueron Fernando N\u00fa\u00f1ez, Pato Bragundez y Mateo Settimano, destac\u00e1ndose en esta \u00e1rea de la competencia.<\/p>\n\n\n\n<p>Los ni\u00f1os y ni\u00f1as representantes de la chacra tambi\u00e9n fueron premiados. En la categor\u00eda femenina, las ganadoras de la estatuilla chacarera fueron Alfonsina Fortunato, Luzmila Casulo, Franchesca Fortunato y Agustina De Le\u00f3n. En la categor\u00eda masculina, la recibi\u00f3 Basti\u00e1n Acosta.<\/p>\n\n\n\n<p>El premio al Aporte a la Identidad Cultural en los Ranchos fue entregado al grupo musical Sin Aprontes, que recibi\u00f3 la estatuilla chacarero acorde\u00f3n. Adem\u00e1s, la Maestra Directora del Centro Educativo Rural, Margot Espino, fue reconocida por su trayectoria como docente y su aporte a la preservaci\u00f3n de la tradici\u00f3n chacarera.<\/p>\n\n\n\n<p>La ceremonia de entrega cont\u00f3 adem\u00e1s con la participaci\u00f3n del Presidente de la Junta Departamental, Daniel Pereira, el Alcalde de San Jacinto, Cristian Ferraro, la Directora de Desarrollo Rural, Claudia S\u00e1nchez, el Director General de Comunicaci\u00f3n y Relaciones institucionales, Darwin Pe\u00f1a Sapetto, la Directora del Centro Educativo Rural, Margot Espino, adem\u00e1s de otras autoridades departamentales y locales.<\/p>\n\n\n\n<p>Con un abanico de propuestas distribuidas en todo el territorio, el D\u00eda del Patrimonio en Canelones invit\u00f3 a la comunidad a conectarse con sus ra\u00edces y a descubrir el valor de su patrimonio cultural y natural.<\/p>\n","protected":false},"excerpt":{"rendered":"<p>En el marco del D\u00eda del Patrimonio, durante el fin de semana en todo el&#8230;<\/p>\n","protected":false},"author":1,"featured_media":16526,"comment_status":"closed","ping_status":"closed","sticky":false,"template":"","format":"standard","meta":{"_monsterinsights_skip_tracking":false,"_monsterinsights_sitenote_active":false,"_monsterinsights_sitenote_note":"","_monsterinsights_sitenote_category":0,"footnotes":""},"categories":[1,87],"tags":[],"class_list":["post-16523","post","type-post","status-publish","format-standard","has-post-thumbnail","hentry","category-uncategorized","category-san-jacinto"],"featured_image_urls":{"full":["https:\/\/diariotiempo.com.uy\/noticias\/wp-content\/uploads\/2024\/10\/premiooo.jpg",800,533,false],"thumbnail":["https:\/\/diariotiempo.com.uy\/noticias\/wp-content\/uploads\/2024\/10\/premiooo-150x150.jpg",150,150,true],"medium":["https:\/\/diariotiempo.com.uy\/noticias\/wp-content\/uploads\/2024\/10\/premiooo-300x200.jpg",300,200,true],"medium_large":["https:\/\/diariotiempo.com.uy\/noticias\/wp-content\/uploads\/2024\/10\/premiooo-768x512.jpg",640,427,true],"large":["https:\/\/diariotiempo.com.uy\/noticias\/wp-content\/uploads\/2024\/10\/premiooo.jpg",640,426,false],"rpg_gallery_admin_thumb":["https:\/\/diariotiempo.com.uy\/noticias\/wp-content\/uploads\/2024\/10\/premiooo-150x150.jpg",150,150,true],"rpg_gallery_thumb":["https:\/\/diariotiempo.com.uy\/noticias\/wp-content\/uploads\/2024\/10\/premiooo-150x150.jpg",150,150,true],"1536x1536":["https:\/\/diariotiempo.com.uy\/noticias\/wp-content\/uploads\/2024\/10\/premiooo.jpg",800,533,false],"2048x2048":["https:\/\/diariotiempo.com.uy\/noticias\/wp-content\/uploads\/2024\/10\/premiooo.jpg",800,533,false],"covernews-slider-full":["https:\/\/diariotiempo.com.uy\/noticias\/wp-content\/uploads\/2024\/10\/premiooo.jpg",800,533,false],"covernews-slider-center":["https:\/\/diariotiempo.com.uy\/noticias\/wp-content\/uploads\/2024\/10\/premiooo-800x500.jpg",800,500,true],"covernews-featured":["https:\/\/diariotiempo.com.uy\/noticias\/wp-content\/uploads\/2024\/10\/premiooo.jpg",800,533,false],"covernews-medium":["https:\/\/diariotiempo.com.uy\/noticias\/wp-content\/uploads\/2024\/10\/premiooo-540x340.jpg",540,340,true],"covernews-medium-square":["https:\/\/diariotiempo.com.uy\/noticias\/wp-content\/uploads\/2024\/10\/premiooo-400x250.jpg",400,250,true]},"author_info":{"display_name":"diario","author_link":"https:\/\/diariotiempo.com.uy\/noticias\/author\/diario\/"},"category_info":"<a href=\"https:\/\/diariotiempo.com.uy\/noticias\/category\/uncategorized\/\" rel=\"category tag\">NOTICIAS<\/a> <a href=\"https:\/\/diariotiempo.com.uy\/noticias\/category\/departamental\/san-jacinto\/\" rel=\"category tag\">San Jacinto<\/a>","tag_info":"San Jacinto","comment_count":"0","_links":{"self":[{"href":"https:\/\/diariotiempo.com.uy\/noticias\/wp-json\/wp\/v2\/posts\/16523","targetHints":{"allow":["GET"]}}],"collection":[{"href":"https:\/\/diariotiempo.com.uy\/noticias\/wp-json\/wp\/v2\/posts"}],"about":[{"href":"https:\/\/diariotiempo.com.uy\/noticias\/wp-json\/wp\/v2\/types\/post"}],"author":[{"embeddable":true,"href":"https:\/\/diariotiempo.com.uy\/noticias\/wp-json\/wp\/v2\/users\/1"}],"replies":[{"embeddable":true,"href":"https:\/\/diariotiempo.com.uy\/noticias\/wp-json\/wp\/v2\/comments?post=16523"}],"version-history":[{"count":1,"href":"https:\/\/diariotiempo.com.uy\/noticias\/wp-json\/wp\/v2\/posts\/16523\/revisions"}],"predecessor-version":[{"id":16527,"href":"https:\/\/diariotiempo.com.uy\/noticias\/wp-json\/wp\/v2\/posts\/16523\/revisions\/16527"}],"wp:featuredmedia":[{"embeddable":true,"href":"https:\/\/diariotiempo.com.uy\/noticias\/wp-json\/wp\/v2\/media\/16526"}],"wp:attachment":[{"href":"https:\/\/diariotiempo.com.uy\/noticias\/wp-json\/wp\/v2\/media?parent=16523"}],"wp:term":[{"taxonomy":"category","embeddable":true,"href":"https:\/\/diariotiempo.com.uy\/noticias\/wp-json\/wp\/v2\/categories?post=16523"},{"taxonomy":"post_tag","embeddable":true,"href":"https:\/\/diariotiempo.com.uy\/noticias\/wp-json\/wp\/v2\/tags?post=16523"}],"curies":[{"name":"wp","href":"https:\/\/api.w.org\/{rel}","templated":true}]}}