{"id":16544,"date":"2024-10-11T16:17:09","date_gmt":"2024-10-11T16:17:09","guid":{"rendered":"https:\/\/diariotiempo.com.uy\/noticias\/?p=16544"},"modified":"2024-10-11T16:17:09","modified_gmt":"2024-10-11T16:17:09","slug":"apertura-de-sucecion-35","status":"publish","type":"post","link":"https:\/\/diariotiempo.com.uy\/noticias\/2024\/10\/11\/apertura-de-sucecion-35\/","title":{"rendered":"APERTURA DE SUCECI\u00d3N"},"content":{"rendered":"\n<p>JUZGADO LETRADO DE PANDO DE 3\u00ba TURNO<\/p>\n\n\n\n<p>EDICTO: Por disposici\u00f3n del Sr\/a. Juez Letrado de Pando de 3\u00b0 Turno, dictada en autos: \u00bb HERNADEZ MAZINI, ROBERTO &#8211; SUCESI\u00d3N\u00bb IUE 2-84884\/2024, se dispuso la apertura de la sucesi\u00f3n del causante\/s ROBERTO CESAR HERN\u00c1NDEZ MAZINI, emplaz\u00e1ndose por edictos a herederos, acreedores y dem\u00e1s interesados para que comparezcan por el t\u00e9rmino de 30 d\u00edas, a deducir en forma sus derechos. Pando, 01 de octubre de 2024<\/p>\n\n\n\n<p>Firmado electronicamente por : Nicolas Maximiliano Rodriguez Borges. Actuario 10 Pub. de 07\/10\/24 al 18\/10\/24<\/p>\n\n\n\n<p>MATRIMONIO<\/p>\n\n\n\n<p>Se publican los edictos de matrimonio de las distintas oficinas de Registro Civil a los efectos de que los que supieren alg\u00fan impedimento para los matrimonios proyectados denuncien por escrito haciendo conocer las causas ante las oficinas respectivas.<\/p>\n\n\n\n<p>BARROS BLANCOS<\/p>\n\n\n\n<p>OFICINA &nbsp;N\u00ba 407<\/p>\n\n\n\n<p>En Barros Blancos Canelones el d\u00eda 25 de Setiembre de 2024 a las 13.50 horas FRANCISCO ESTEBAN GIUDICE FERREIRA cedula de identidad 38919968 nacido\/a en Uruguay de nacionalidad uruguayo de 37 a\u00f1os soltero de profesi\u00f3n empleado, domiciliado en Martin Fierro, Barros Blancos, Canelones. MICAELA ELIZABETH VALDEZ DIZ c\u00e9dula de identidad 62070625 nacido\/a en Argentina de nacionalidad argentina de 30 a\u00f1os de edad de estado civil soltera de profesi\u00f3n labores, domiciliada en calle Martin Fierro, Barros Blancos, Canelones. Mariana Suarez Oficial de Estado Civil. 3 Pub. del 9\/10\/24 al 11\/10\/24<\/p>\n\n\n\n<p>En Barros Blancos Canelones el d\u00eda 17 de Julio de 2024 a las 11.09 horas MIGUEL ANGEL ESTELA OLIVERA cedula de identidad 45705211 nacido\/a en Uruguay de nacionalidad uruguayo de 60 a\u00f1os soltero de profesi\u00f3n trabajador independiente, domiciliado en Camino Paso Escobar s\/n, Barros Blancos, Canelones. VERONICA PATRICIA FUENTES MART\u00cdNEZ c\u00e9dula de identidad 48193960 nacido\/a en Uruguay de nacionalidad uruguaya de 35 a\u00f1os de edad de estado civil soltera de profesi\u00f3n Ama de casa, domiciliada en Camino Paso Escobar s\/n, Barros Blancos, Canelones. Mariana Suarez Oficial de Estado Civil. 3 Pub. del 10\/10\/24 al 14\/10\/24<\/p>\n\n\n\n<p>LA FLORESTA<\/p>\n\n\n\n<p>OFICINA &nbsp;N\u00ba 411<\/p>\n\n\n\n<p>En La Floresta Canelones el d\u00eda 8 de Octubre de 2024 a las 15.05 horas SHARON NICOLE VILLANUEVA DE LE\u00d3N cedula de identidad 50436700 nacido\/a en Uruguay de nacionalidad uruguayo de 26 a\u00f1os soltera de profesi\u00f3n Zafral, domiciliada en Calle 14, Santa Ana, Canelones. ENZO MOLINARI TARALLO c\u00e9dula de identidad 54890546 nacido\/a en Uruguay de nacionalidad uruguayo de 32 a\u00f1os de edad de estado civil soltero de profesi\u00f3n empleado, domiciliado en Santa Ana, &nbsp;Canelones. Viviana Orto\u00f1o. Oficial de Estado Civil. 3 Pub. del 10\/10\/24 al 14\/10\/24<\/p>\n\n\n\n<p>PANDO<\/p>\n\n\n\n<p>OFICINA &nbsp;N\u00ba 418<\/p>\n\n\n\n<p>En Pando Canelones el d\u00eda 7 de Octubre de 2024 a las 13.32 horas EDUARDO CECILIO RODRIGUEZ DOS SANTOS cedula de identidad 27564198 nacido\/a en Uruguay de nacionalidad uruguayo de 45 a\u00f1os soltero de profesi\u00f3n Abogado, domiciliado en Piovene 1226,Pando, Canelones. LORENA MARISEL MARTINEZ CABALLERO c\u00e9dula de identidad 39066776 nacido\/a en Uruguay de nacionalidad uruguaya de 48 a\u00f1os de edad de estado civil divorciada de profesi\u00f3n Docente, domiciliada en Piovene 1226, Pando, Canelones. Marcelo Curbelo Oficial de Estado Civil. 3 Pub. del 9\/10\/24 al 11\/10\/24<\/p>\n\n\n\n<p>SALINAS<\/p>\n\n\n\n<p>OFICINA &nbsp;N\u00ba 422<\/p>\n\n\n\n<p>En Salinas Canelones el d\u00eda 7 de octubre de 2024 a las 13:36 horas ANA CLARA FAVAL RODRIGUEZ cedula de identidad 38368365 nacido\/a en Uruguay &nbsp;de nacionalidad uruguaya de 38 a\u00f1os de edad de estado civil soltera de profesi\u00f3n empleada, domiciliada en calle Tapes, Salinas,Canelones. JORGE NICOLAS CASTRO CABRERA c\u00e9dula de identidad 30485294 nacido\/a en Uruguay de nacionalidad uruguayo de 43 a\u00f1os de edad de estado civil soltero de profesi\u00f3n &nbsp;independiente, domiciliado en Calle Tapes, Salinas, Canelones Oficial de Estado Civil. 3 Pub. del 9\/10\/24 al 11\/10\/24<\/p>\n\n\n\n<p>En Salinas Canelones el d\u00eda 7 de octubre de 2024 a las 10:26 horas ANA BEATRIZ GONZALEZ FERREIRA cedula de identidad 39334446 nacido\/a en Uruguay &nbsp;de nacionalidad uruguaya de 53 a\u00f1os de edad de estado civil divorciada de profesi\u00f3n empleada, domiciliada en Calle Caraguat\u00e1, Salinas,Canelones. ENRIQUE WILMAR ARADA ACOSTA c\u00e9dula de identidad 26876263 nacido\/a en Uruguay de nacionalidad uruguayo de 50 a\u00f1os de edad de estado civil soltero de profesi\u00f3n Polic\u00eda, domiciliado en calle Caraguat\u00e1, Salinas, Canelones Oficial de Estado Civil. Pablo Carlotta. 3 Pub. del 9\/10\/24 al 11\/10\/24<\/p>\n\n\n\n<p>En Salinas Canelones el d\u00eda 4 de octubre de 2024 a las 11:00 horas GERARDO FABRICIO ARCE ALVARIZA cedula de identidad 49567370 nacido\/a en Uruguay &nbsp;de nacionalidad uruguaya de 31 a\u00f1os de edad de estado civil soltero de profesi\u00f3n pensionista, domiciliado en Av de los Robles, Neptunia,Canelones. ROBERT SEBASTIAN CORREA GARCIA c\u00e9dula de identidad 56993188 nacido\/a en Uruguay de nacionalidad uruguayo de 26 a\u00f1os de edad de estado civil soltero de profesi\u00f3n desempleado, domiciliado en Av. de los Robles, Neptunia, Canelones Oficial de Estado Civil. Pablo Carlotta. 3 Pub. del 9\/10\/24 al 11\/10\/24<\/p>\n\n\n\n<p>En Salinas Canelones el d\u00eda 3 de octubre de 2024 a las 10:28 horas DAIANA NATALY ABREO DE OLIVEIRA cedula de identidad 29519311 nacido\/a en Uruguay &nbsp;de nacionalidad uruguaya de 44 a\u00f1os de edad de estado civil soltera de profesi\u00f3n empleada, domiciliada en Guazubir\u00e1, Salinas, Canelones. FABRIZIO ANTONIO CRISAFFULLI SEGREDO c\u00e9dula de identidad 41780374 nacido\/a en Uruguay de nacionalidad uruguayo de 37 a\u00f1os de edad de estado civil soltero de profesi\u00f3n empleado, domiciliado en Guazubir\u00e1, Salinas, Canelones Oficial de Estado Civil. Pablo Carlotta. 3 Pub. del 9\/10\/24 al 11\/10\/24<\/p>\n\n\n\n<p>GOBIERNO DE CANELONES DIRECCI\u00d3N GENERAL ADMINISTRACI\u00d3N DIRECCI\u00d3N DE NECROPOLIS.<\/p>\n\n\n\n<p>Por disposici\u00f3n del Art.20 Lit. B) de la ordenanza de Necr\u00f3polis N\u00ba 95\/15, se hace saber que: Isa\u00edas Margarito, Elida Nair y Mar\u00eda &nbsp;Ascensi\u00f3n ROSA ROSA; solicita t\u00edtulo de Pante\u00f3n N\u00ba 89 Sector A del cementerio de la ciudad de Tala, por regularizaci\u00f3n del mismo.- Se emplazar\u00e1 a todos los interesados para que concurran en un plazo de 30 d\u00edas corridos, contados a partir de la presente publicaci\u00f3n, a deducir derechos sobre el bien funerario ante Necr\u00f3polis Tala (Cementerio).-<\/p>\n\n\n\n<p>EXPTE. 2024-81-1270-00180.- &nbsp;<\/p>\n\n\n\n<p>ALBA ALICIA GARRETA CALERO. Directora Necr\u00f3polis.<\/p>\n\n\n\n<p>5 Pub. 07\/10\/24 al 11\/10\/24<\/p>\n\n\n\n<p>GOBIERNO DE<\/p>\n\n\n\n<p>CANELONES DIRECCI\u00d3N GENERAL<\/p>\n\n\n\n<p>ADMINISTRACI\u00d3N DIRECCI\u00d3N DE<\/p>\n\n\n\n<p>NECROPOLIS<\/p>\n\n\n\n<p>Por disposici\u00f3n del Art.20 Lit. B) de la ordenanza de Necr\u00f3polis N\u00ba 95\/15, se hace saber que: H\u00e9ctor Javier y Yonir Radam\u00e9s CAPOBIANCO DE L\u00c9ON; solicita t\u00edtulo de Nicho N\u00ba 38 Sector B del Cementerio de la ciudad de Tala, por regularizaci\u00f3n del mismo.- Se emplazar\u00e1 a todos los interesados para que concurran en un plazo de 30 d\u00edas corridos, contados a partir de la presente publicaci\u00f3n, a deducir derechos sobre el bien funerario ante Necr\u00f3polis Tala (Cementerio).-<\/p>\n\n\n\n<p>EXPTE. 2024-81-1270-00165.- &nbsp;ALBA &nbsp;ALICIA GARRETA CALERO. Directora Necr\u00f3polis. 5 Pub. 09\/10\/24 al 15\/10\/24<\/p>\n","protected":false},"excerpt":{"rendered":"<p>JUZGADO LETRADO DE PANDO DE 3\u00ba TURNO EDICTO: Por disposici\u00f3n del Sr\/a. Juez Letrado de&#8230;<\/p>\n","protected":false},"author":1,"featured_media":1819,"comment_status":"closed","ping_status":"closed","sticky":false,"template":"","format":"standard","meta":{"_monsterinsights_skip_tracking":false,"_monsterinsights_sitenote_active":false,"_monsterinsights_sitenote_note":"","_monsterinsights_sitenote_category":0,"footnotes":""},"categories":[27],"tags":[],"class_list":["post-16544","post","type-post","status-publish","format-standard","has-post-thumbnail","hentry","category-edictos"],"featured_image_urls":{"full":["https:\/\/diariotiempo.com.uy\/noticias\/wp-content\/uploads\/2021\/09\/judicial.jpg",800,416,false],"thumbnail":["https:\/\/diariotiempo.com.uy\/noticias\/wp-content\/uploads\/2021\/09\/judicial-150x150.jpg",150,150,true],"medium":["https:\/\/diariotiempo.com.uy\/noticias\/wp-content\/uploads\/2021\/09\/judicial-300x156.jpg",300,156,true],"medium_large":["https:\/\/diariotiempo.com.uy\/noticias\/wp-content\/uploads\/2021\/09\/judicial-768x399.jpg",640,333,true],"large":["https:\/\/diariotiempo.com.uy\/noticias\/wp-content\/uploads\/2021\/09\/judicial.jpg",640,333,false],"rpg_gallery_admin_thumb":["https:\/\/diariotiempo.com.uy\/noticias\/wp-content\/uploads\/2021\/09\/judicial.jpg",150,78,false],"rpg_gallery_thumb":["https:\/\/diariotiempo.com.uy\/noticias\/wp-content\/uploads\/2021\/09\/judicial.jpg",150,78,false],"1536x1536":["https:\/\/diariotiempo.com.uy\/noticias\/wp-content\/uploads\/2021\/09\/judicial.jpg",800,416,false],"2048x2048":["https:\/\/diariotiempo.com.uy\/noticias\/wp-content\/uploads\/2021\/09\/judicial.jpg",800,416,false],"covernews-slider-full":["https:\/\/diariotiempo.com.uy\/noticias\/wp-content\/uploads\/2021\/09\/judicial.jpg",800,416,false],"covernews-slider-center":["https:\/\/diariotiempo.com.uy\/noticias\/wp-content\/uploads\/2021\/09\/judicial.jpg",800,416,false],"covernews-featured":["https:\/\/diariotiempo.com.uy\/noticias\/wp-content\/uploads\/2021\/09\/judicial.jpg",800,416,false],"covernews-medium":["https:\/\/diariotiempo.com.uy\/noticias\/wp-content\/uploads\/2021\/09\/judicial-540x340.jpg",540,340,true],"covernews-medium-square":["https:\/\/diariotiempo.com.uy\/noticias\/wp-content\/uploads\/2021\/09\/judicial-400x250.jpg",400,250,true]},"author_info":{"display_name":"diario","author_link":"https:\/\/diariotiempo.com.uy\/noticias\/author\/diario\/"},"category_info":"<a href=\"https:\/\/diariotiempo.com.uy\/noticias\/category\/publicaciones\/edictos\/\" rel=\"category tag\">Edictos<\/a>","tag_info":"Edictos","comment_count":"0","_links":{"self":[{"href":"https:\/\/diariotiempo.com.uy\/noticias\/wp-json\/wp\/v2\/posts\/16544","targetHints":{"allow":["GET"]}}],"collection":[{"href":"https:\/\/diariotiempo.com.uy\/noticias\/wp-json\/wp\/v2\/posts"}],"about":[{"href":"https:\/\/diariotiempo.com.uy\/noticias\/wp-json\/wp\/v2\/types\/post"}],"author":[{"embeddable":true,"href":"https:\/\/diariotiempo.com.uy\/noticias\/wp-json\/wp\/v2\/users\/1"}],"replies":[{"embeddable":true,"href":"https:\/\/diariotiempo.com.uy\/noticias\/wp-json\/wp\/v2\/comments?post=16544"}],"version-history":[{"count":1,"href":"https:\/\/diariotiempo.com.uy\/noticias\/wp-json\/wp\/v2\/posts\/16544\/revisions"}],"predecessor-version":[{"id":16545,"href":"https:\/\/diariotiempo.com.uy\/noticias\/wp-json\/wp\/v2\/posts\/16544\/revisions\/16545"}],"wp:featuredmedia":[{"embeddable":true,"href":"https:\/\/diariotiempo.com.uy\/noticias\/wp-json\/wp\/v2\/media\/1819"}],"wp:attachment":[{"href":"https:\/\/diariotiempo.com.uy\/noticias\/wp-json\/wp\/v2\/media?parent=16544"}],"wp:term":[{"taxonomy":"category","embeddable":true,"href":"https:\/\/diariotiempo.com.uy\/noticias\/wp-json\/wp\/v2\/categories?post=16544"},{"taxonomy":"post_tag","embeddable":true,"href":"https:\/\/diariotiempo.com.uy\/noticias\/wp-json\/wp\/v2\/tags?post=16544"}],"curies":[{"name":"wp","href":"https:\/\/api.w.org\/{rel}","templated":true}]}}