{"id":1655,"date":"2021-09-17T17:33:37","date_gmt":"2021-09-17T17:33:37","guid":{"rendered":"https:\/\/diariotiempo.com.uy\/noticias\/?p=1655"},"modified":"2021-09-17T17:33:39","modified_gmt":"2021-09-17T17:33:39","slug":"presentaron-proyecto-re-skate-en-el-parque-artigas-de-pando","status":"publish","type":"post","link":"https:\/\/diariotiempo.com.uy\/noticias\/2021\/09\/17\/presentaron-proyecto-re-skate-en-el-parque-artigas-de-pando\/","title":{"rendered":"Presentaron Proyecto Re-Skate en el parque Artigas de Pando"},"content":{"rendered":"\n<figure class=\"wp-block-gallery columns-2 is-cropped wp-block-gallery-1 is-layout-flex wp-block-gallery-is-layout-flex\"><ul class=\"blocks-gallery-grid\"><li class=\"blocks-gallery-item\"><figure><img loading=\"lazy\" decoding=\"async\" width=\"800\" height=\"432\" src=\"https:\/\/diariotiempo.com.uy\/noticias\/wp-content\/uploads\/2021\/09\/dsc_2310.jpg\" alt=\"\" data-id=\"1656\" data-full-url=\"https:\/\/diariotiempo.com.uy\/noticias\/wp-content\/uploads\/2021\/09\/dsc_2310.jpg\" data-link=\"https:\/\/diariotiempo.com.uy\/noticias\/?attachment_id=1656\" class=\"wp-image-1656\" srcset=\"https:\/\/diariotiempo.com.uy\/noticias\/wp-content\/uploads\/2021\/09\/dsc_2310.jpg 800w, https:\/\/diariotiempo.com.uy\/noticias\/wp-content\/uploads\/2021\/09\/dsc_2310-300x162.jpg 300w, https:\/\/diariotiempo.com.uy\/noticias\/wp-content\/uploads\/2021\/09\/dsc_2310-768x415.jpg 768w\" sizes=\"auto, (max-width: 800px) 100vw, 800px\" \/><\/figure><\/li><li class=\"blocks-gallery-item\"><figure><img loading=\"lazy\" decoding=\"async\" width=\"800\" height=\"432\" src=\"https:\/\/diariotiempo.com.uy\/noticias\/wp-content\/uploads\/2021\/09\/dsc_2482.jpg\" alt=\"\" data-id=\"1657\" data-full-url=\"https:\/\/diariotiempo.com.uy\/noticias\/wp-content\/uploads\/2021\/09\/dsc_2482.jpg\" data-link=\"https:\/\/diariotiempo.com.uy\/noticias\/?attachment_id=1657\" class=\"wp-image-1657\" srcset=\"https:\/\/diariotiempo.com.uy\/noticias\/wp-content\/uploads\/2021\/09\/dsc_2482.jpg 800w, https:\/\/diariotiempo.com.uy\/noticias\/wp-content\/uploads\/2021\/09\/dsc_2482-300x162.jpg 300w, https:\/\/diariotiempo.com.uy\/noticias\/wp-content\/uploads\/2021\/09\/dsc_2482-768x415.jpg 768w\" sizes=\"auto, (max-width: 800px) 100vw, 800px\" \/><\/figure><\/li><li class=\"blocks-gallery-item\"><figure><img loading=\"lazy\" decoding=\"async\" width=\"800\" height=\"432\" src=\"https:\/\/diariotiempo.com.uy\/noticias\/wp-content\/uploads\/2021\/09\/dsc_2490_0.jpg\" alt=\"\" data-id=\"1658\" data-full-url=\"https:\/\/diariotiempo.com.uy\/noticias\/wp-content\/uploads\/2021\/09\/dsc_2490_0.jpg\" data-link=\"https:\/\/diariotiempo.com.uy\/noticias\/?attachment_id=1658\" class=\"wp-image-1658\" srcset=\"https:\/\/diariotiempo.com.uy\/noticias\/wp-content\/uploads\/2021\/09\/dsc_2490_0.jpg 800w, https:\/\/diariotiempo.com.uy\/noticias\/wp-content\/uploads\/2021\/09\/dsc_2490_0-300x162.jpg 300w, https:\/\/diariotiempo.com.uy\/noticias\/wp-content\/uploads\/2021\/09\/dsc_2490_0-768x415.jpg 768w\" sizes=\"auto, (max-width: 800px) 100vw, 800px\" \/><\/figure><\/li><\/ul><\/figure>\n\n\n\n<p>El proyecto Re-Skate se presenta como una posibilidad de intervenci\u00f3n en la comunidad canaria a trav\u00e9s del desarrollo del skate como un deporte urbano, capitalizando el potencial social que ofrece esta pr\u00e1ctica en relaci\u00f3n con la promoci\u00f3n de la convivencia arm\u00f3nica en los espacios p\u00fablicos, vistos como entornos activos para la poblaci\u00f3n del departamento. Fue elaborado en conjunto con la Federaci\u00f3n Uruguaya de Pat\u00edn y Hockey.<\/p>\n\n\n\n<p>La parte social del deporte El Intendente Yamand\u00fa Orsi dijo que \u201cel hecho de lo que genera, no s\u00f3lo desde el punto de vista deportivo sino desde el punto de vista social, est\u00e1 fuera de discusi\u00f3n. Quienes vivimos en localidades en las que en un momento determinado apareci\u00f3 una pista somos testigos de la explosi\u00f3n que genera y de cu\u00e1nta gurisada se va enganchando\u201d. Sobre el fomento del skate, Orsi se\u00f1al\u00f3 que la Intendencia trabaja en distintos aspectos: \u201cGenerando mejores espacios para la actividad y fomentando las escuelitas. <\/p>\n\n\n\n<p>En cada localidad se est\u00e1 instalando un equipo de gurises que les ense\u00f1an a los dem\u00e1s y nosotros estamos promoviendo ahora la formaci\u00f3n de los instructores. Con esas acciones, por lo menos, vamos sosteniendo la actividad y capaz que contagi\u00e1ndola\u201d. Por su parte, el Director de Deportes del Gobierno de Canelones, Alejandro Pereda, explic\u00f3 que la formaci\u00f3n de instructores \u201ces un experiencia piloto en el pa\u00eds, que desarrollaremos gracias al aporte de personas que se formaron, que est\u00e1n tituladas en el Instituto Superior de Educaci\u00f3n F\u00edsica, y tambi\u00e9n de instructores que obtuvieron experiencia y reconocimiento en el extranjero. <\/p>\n\n\n\n<p>Entre todos se gener\u00f3 un programa con determinadas materias que se llevan adelante de forma virtual y otras presenciales o pr\u00e1cticas en todas las pistas del departamento. En noviembre se evaluar\u00e1 la experiencia para instalarla permanentemente\u201d. En esta l\u00ednea de trabajo conjunto entre la Intendencia y la Federaci\u00f3n Uruguaya de Pat\u00edn y Hockey, el Presidente de la federaci\u00f3n sostuvo que \u201cesta es una de la de las intendencias que m\u00e1s nos ha apoyado. Canelones es uno de los departamentos que tiene m\u00e1s pistas despu\u00e9s de Montevideo\u201d. Adem\u00e1s, asegur\u00f3 que en Canelones hay condiciones para arrancar este proyecto, que viene en ascenso a partir de su incorporaci\u00f3n como deporte ol\u00edmpico.<br>La Tricampeona Nacional de Skate es pandense.<\/p>\n\n\n\n<p>En el marco de la presentaci\u00f3n del proyecto, se homenaje\u00f3 a la Tricampeona Nacional de Skate, Julieta Gonz\u00e1lez, quien destac\u00f3 la adrenalina del deporte: \u201cLa adrenalina de andar, de hacer trucos. Cada vez que hac\u00e9s un truco nuevo, te vas superando a vos mismo\u201d. A su vez, cont\u00f3 que fue campeona nacional en 2017, 2018 y 2019. En 2020 no hubo competencias por la pandemia pero en breve ir\u00e1 a competir a Argentina. Asimismo, la skater Ver\u00f3nica Hern\u00e1ndez fue reconocida por la Federaci\u00f3n Uruguaya de Pat\u00edn y Hockey por su trabajo en la ense\u00f1anza de la pr\u00e1ctica de dicho deporte. Comunic\u00f3 que en el a\u00f1o 2012 se arm\u00f3 un equipo que fue el colectivo La Olla.<\/p>\n\n\n\n<p>\u201cAh\u00ed estuvimos varios a\u00f1os juntos hasta que se hizo la pista. Cuando comenzamos la escuelita de skate, para m\u00ed fue algo hermoso que fueran 22 ni\u00f1as y 22 varones, que en ese momento eran ni\u00f1as y ni\u00f1os, pero ahora ya son adolescentes. De ah\u00ed surgi\u00f3 Julieta, que fue una de las primeras alumnas y que hoy tambi\u00e9n es campeona, ha venido participando en los campeonatos a lo largo de todo Uruguay y ha ido aumentando el nivel. Tambi\u00e9n lo que ha hecho es ayudar a que el nivel femenino de skate se haya elevado\u201d, puntualiz\u00f3. Canelones cuenta con varias pistas de skate a lo largo de todo el departamento, que se han iluminado y mantenido para que los j\u00f3venes puedan desarrollar el deporte.<\/p>\n","protected":false},"excerpt":{"rendered":"<p>El proyecto Re-Skate se presenta como una posibilidad de intervenci\u00f3n en la comunidad canaria a&#8230;<\/p>\n","protected":false},"author":1,"featured_media":1656,"comment_status":"open","ping_status":"open","sticky":false,"template":"","format":"standard","meta":{"_monsterinsights_skip_tracking":false,"_monsterinsights_sitenote_active":false,"_monsterinsights_sitenote_note":"","_monsterinsights_sitenote_category":0,"footnotes":""},"categories":[80],"tags":[],"class_list":["post-1655","post","type-post","status-publish","format-standard","has-post-thumbnail","hentry","category-local"],"featured_image_urls":{"full":["https:\/\/diariotiempo.com.uy\/noticias\/wp-content\/uploads\/2021\/09\/dsc_2310.jpg",800,432,false],"thumbnail":["https:\/\/diariotiempo.com.uy\/noticias\/wp-content\/uploads\/2021\/09\/dsc_2310-150x150.jpg",150,150,true],"medium":["https:\/\/diariotiempo.com.uy\/noticias\/wp-content\/uploads\/2021\/09\/dsc_2310-300x162.jpg",300,162,true],"medium_large":["https:\/\/diariotiempo.com.uy\/noticias\/wp-content\/uploads\/2021\/09\/dsc_2310-768x415.jpg",640,346,true],"large":["https:\/\/diariotiempo.com.uy\/noticias\/wp-content\/uploads\/2021\/09\/dsc_2310.jpg",640,346,false],"rpg_gallery_admin_thumb":["https:\/\/diariotiempo.com.uy\/noticias\/wp-content\/uploads\/2021\/09\/dsc_2310.jpg",150,81,false],"rpg_gallery_thumb":["https:\/\/diariotiempo.com.uy\/noticias\/wp-content\/uploads\/2021\/09\/dsc_2310.jpg",150,81,false],"1536x1536":["https:\/\/diariotiempo.com.uy\/noticias\/wp-content\/uploads\/2021\/09\/dsc_2310.jpg",800,432,false],"2048x2048":["https:\/\/diariotiempo.com.uy\/noticias\/wp-content\/uploads\/2021\/09\/dsc_2310.jpg",800,432,false],"covernews-slider-full":["https:\/\/diariotiempo.com.uy\/noticias\/wp-content\/uploads\/2021\/09\/dsc_2310.jpg",800,432,false],"covernews-slider-center":["https:\/\/diariotiempo.com.uy\/noticias\/wp-content\/uploads\/2021\/09\/dsc_2310.jpg",800,432,false],"covernews-featured":["https:\/\/diariotiempo.com.uy\/noticias\/wp-content\/uploads\/2021\/09\/dsc_2310.jpg",800,432,false],"covernews-medium":["https:\/\/diariotiempo.com.uy\/noticias\/wp-content\/uploads\/2021\/09\/dsc_2310-540x340.jpg",540,340,true],"covernews-medium-square":["https:\/\/diariotiempo.com.uy\/noticias\/wp-content\/uploads\/2021\/09\/dsc_2310-400x250.jpg",400,250,true]},"author_info":{"display_name":"diario","author_link":"https:\/\/diariotiempo.com.uy\/noticias\/author\/diario\/"},"category_info":"<a href=\"https:\/\/diariotiempo.com.uy\/noticias\/category\/deporte\/local\/\" rel=\"category tag\">Local<\/a>","tag_info":"Local","comment_count":"0","_links":{"self":[{"href":"https:\/\/diariotiempo.com.uy\/noticias\/wp-json\/wp\/v2\/posts\/1655","targetHints":{"allow":["GET"]}}],"collection":[{"href":"https:\/\/diariotiempo.com.uy\/noticias\/wp-json\/wp\/v2\/posts"}],"about":[{"href":"https:\/\/diariotiempo.com.uy\/noticias\/wp-json\/wp\/v2\/types\/post"}],"author":[{"embeddable":true,"href":"https:\/\/diariotiempo.com.uy\/noticias\/wp-json\/wp\/v2\/users\/1"}],"replies":[{"embeddable":true,"href":"https:\/\/diariotiempo.com.uy\/noticias\/wp-json\/wp\/v2\/comments?post=1655"}],"version-history":[{"count":1,"href":"https:\/\/diariotiempo.com.uy\/noticias\/wp-json\/wp\/v2\/posts\/1655\/revisions"}],"predecessor-version":[{"id":1659,"href":"https:\/\/diariotiempo.com.uy\/noticias\/wp-json\/wp\/v2\/posts\/1655\/revisions\/1659"}],"wp:featuredmedia":[{"embeddable":true,"href":"https:\/\/diariotiempo.com.uy\/noticias\/wp-json\/wp\/v2\/media\/1656"}],"wp:attachment":[{"href":"https:\/\/diariotiempo.com.uy\/noticias\/wp-json\/wp\/v2\/media?parent=1655"}],"wp:term":[{"taxonomy":"category","embeddable":true,"href":"https:\/\/diariotiempo.com.uy\/noticias\/wp-json\/wp\/v2\/categories?post=1655"},{"taxonomy":"post_tag","embeddable":true,"href":"https:\/\/diariotiempo.com.uy\/noticias\/wp-json\/wp\/v2\/tags?post=1655"}],"curies":[{"name":"wp","href":"https:\/\/api.w.org\/{rel}","templated":true}]}}