{"id":16563,"date":"2024-10-14T15:09:56","date_gmt":"2024-10-14T15:09:56","guid":{"rendered":"https:\/\/diariotiempo.com.uy\/noticias\/?p=16563"},"modified":"2024-10-14T15:09:56","modified_gmt":"2024-10-14T15:09:56","slug":"apertura-de-sucecion-36","status":"publish","type":"post","link":"https:\/\/diariotiempo.com.uy\/noticias\/2024\/10\/14\/apertura-de-sucecion-36\/","title":{"rendered":"APERTURA DE SUCECI\u00d3N"},"content":{"rendered":"\n<p>JUZGADO LETRADO DE PANDO DE 3\u00ba TURNO<\/p>\n\n\n\n<p>EDICTO: Por disposici\u00f3n del Sr\/a. Juez Letrado de Pando de 3\u00b0 Turno, dictada en autos: \u00bb HERNADEZ MAZINI, ROBERTO &#8211; SUCESI\u00d3N\u00bb IUE 2-84884\/2024, se dispuso la apertura de la sucesi\u00f3n del causante\/s ROBERTO CESAR HERN\u00c1NDEZ MAZINI, emplaz\u00e1ndose por edictos a herederos, acreedores y dem\u00e1s interesados para que comparezcan por el t\u00e9rmino de 30 d\u00edas, a deducir en forma sus derechos. Pando, 01 de octubre de 2024<\/p>\n\n\n\n<p>Firmado electronicamente por : Nicolas Maximiliano Rodriguez Borges. Actuario 10 Pub. de 07\/10\/24 al 18\/10\/24<\/p>\n\n\n\n<p>JUZGADO LETRADO DE CIUDAD DE LA COSTA DE 4\u00ba TURNO<\/p>\n\n\n\n<p>EDICTO: Por disposici\u00f3n del Sr\/a. Juez Letrado de Ciudad de la Costa de 4\u00b0 Turno, dictada en autos: \u00abFAN, JUAN y otro &#8211; SUCESI\u00d3N\u00bb IUE 2-52068\/2024, se dispuso la apertura de la sucesi\u00f3n del causante\/s JUAN CARLOS FAN Y LUISA CARMEN CABRERA, emplaz\u00e1ndose por edictos a herederos, acreedores y dem\u00e1s interesados para que comparezcan por el t\u00e9rmino de 30 d\u00edas, a deducir en forma sus derechos. Ciudad de la Costa, 16 de julio de 2024<\/p>\n\n\n\n<p>Firmado electr\u00f3nicamente por: Diego Martin Pasar\u00f3n Gra\u00f1a. Actuario Adjunto 10 Pub. de 14\/10\/24 al 25\/10\/24<\/p>\n\n\n\n<p>MATRIMONIO<\/p>\n\n\n\n<p>Se publican los edictos de matrimonio de las distintas oficinas de Registro Civil a los efectos de que los que supieren alg\u00fan impedimento para los matrimonios proyectados denuncien por escrito haciendo conocer las causas ante las oficinas respectivas.<\/p>\n\n\n\n<p>BARROS BLANCOS<\/p>\n\n\n\n<p>OFICINA &nbsp;N\u00ba 407<\/p>\n\n\n\n<p>En Barros Blancos Canelones el d\u00eda 9 de Octubre de 2024 a las 09.44 horas YONY RICHAR FIGUEROA OLIVERA cedula de identidad 43446297 nacido\/a en Uruguay de nacionalidad uruguayo de 39 a\u00f1os soltero de profesi\u00f3n empleado, domiciliado en Avanida de las Americas, Barros Blancos, Canelones. DEBORAH ALEXANDRA FIGUEREDO COURAU c\u00e9dula de identidad 52193451 nacido\/a en Uruguay de nacionalidad uruguayay de 32 a\u00f1os de edad de estado civil soltera de profesi\u00f3n actualmente desocupada, domiciliada en Avenida de las Americas 2, Barros Blancos, Canelones. Mariana Suarez Oficial de Estado Civil. 3 Pub. del 14\/10\/24 al 16\/10\/24<\/p>\n\n\n\n<p>En Barros Blancos Canelones el d\u00eda 9 de octubre de 2024 a las 14.40 horas JOHON MAICOL ACOSTA SOSA cedula de identidad 53607702 nacido\/a en Uruguay de nacionalidad uruguayo de 29 a\u00f1os soltero de profesi\u00f3n empleado, domiciliado en Rio Uruguay, Barros Blancos, Canelones. ANA LAURA MODESTO CATALDO c\u00e9dula de identidad 53520974 nacido\/a en Uruguay de nacionalidad uruguaya de 30 a\u00f1os de edad de estado civil soltera de profesi\u00f3n empleada, domiciliada en Rio Uruguay, Barros Blancos, Canelones. Mariana Suarez Oficial de Estado Civil. 3 Pub. del 14\/10\/24 al 16\/10\/24<\/p>\n\n\n\n<p>En Barros Blancos Canelones el d\u00eda 17 de Julio de 2024 a las 11.09 horas MIGUEL ANGEL ESTELA OLIVERA cedula de identidad 45705211 nacido\/a en Uruguay de nacionalidad uruguayo de 60 a\u00f1os soltero de profesi\u00f3n trabajador independiente, domiciliado en Camino Paso Escobar s\/n, Barros Blancos, Canelones. VERONICA PATRICIA FUENTES MART\u00cdNEZ c\u00e9dula de identidad 48193960 nacido\/a en Uruguay de nacionalidad uruguaya de 35 a\u00f1os de edad de estado civil soltera de profesi\u00f3n Ama de casa, domiciliada en Camino Paso Escobar s\/n, Barros Blancos, Canelones. Mariana Suarez Oficial de Estado Civil. 3 Pub. del 10\/10\/24 al 14\/10\/24<\/p>\n\n\n\n<p>LA FLORESTA<\/p>\n\n\n\n<p>OFICINA &nbsp;N\u00ba 411<\/p>\n\n\n\n<p>En La Floresta Canelones el d\u00eda 8 de Octubre de 2024 a las 15.05 horas SHARON NICOLE VILLANUEVA DE LE\u00d3N cedula de identidad 50436700 nacido\/a en Uruguay de nacionalidad uruguayo de 26 a\u00f1os soltera de profesi\u00f3n Zafral, domiciliada en Calle 14, Santa Ana, Canelones. ENZO MOLINARI TARALLO c\u00e9dula de identidad 54890546 nacido\/a en Uruguay de nacionalidad uruguayo de 32 a\u00f1os de edad de estado civil soltero de profesi\u00f3n empleado, domiciliado en Santa Ana, &nbsp;Canelones. Viviana Orto\u00f1o. Oficial de Estado Civil. 3 Pub. del 10\/10\/24 al 14\/10\/24<\/p>\n\n\n\n<p>En La Floresta Canelones el d\u00eda 9 de Octubre de 2024 a las 14.04 horas SANDRA ROCIO LAQUINTANA REY cedula de identidad 37751258nacido\/a en Uruguay de nacionalidad uruguaya de 51 a\u00f1os divorciada de profesi\u00f3n desempleada, domiciliada en Carabelas, La Floresta, Canelones. JUAN ENRIQUE SOTO MEDINA c\u00e9dula de identidad 18947048 nacido\/a en Uruguay de nacionalidad uruguayo de 56 a\u00f1os de edad de estado civil divorciado de profesi\u00f3n Municipal, domiciliado en Carabelas, La Floresta, &nbsp;Canelones. Viviana Orto\u00f1o. Oficial de Estado Civil. 3 Pub. del 14\/10\/24 al 16\/10\/24<\/p>\n\n\n\n<p>PANDO<\/p>\n\n\n\n<p>OFICINA &nbsp;N\u00ba 418<\/p>\n\n\n\n<p>En Pando Canelones el d\u00eda 10 de Octubre de 2024 a las 11.20 horas MAR\u00cdA EMILIA BINDRITSCH PRADERIO cedula de identidad 48748387 nacido\/a en Uruguay de nacionalidad uruguaya de 28 a\u00f1os soltera de profesi\u00f3n Nutricionista, domiciliada en Zorrilla de San Martin 884, Pando, Canelones. JUAN DIEGO PONCET ANDRADE c\u00e9dula de identidad 49575284 nacido\/a en Uruguay de nacionalidad uruguaya de 29 a\u00f1os de edad de estado civil soltero de profesi\u00f3n Contador P\u00fablico, domiciliado en Zorrilla de San Martin 884, Pando, Canelones. Marcelo Curbelo Oficial de Estado Civil. 3 Pub. del 14\/10\/24 al 116\/10\/24<\/p>\n\n\n\n<p>SALINAS<\/p>\n\n\n\n<p>OFICINA &nbsp;N\u00ba 422<\/p>\n\n\n\n<p>En Salinas Canelones el d\u00eda 9 de octubre de 2024 a las 10:35 horas CATHERINE DAHIANA PIBETA LIMA cedula de identidad 52979944 nacido\/a en Uruguay &nbsp;de nacionalidad uruguaya de 28 a\u00f1os de edad de estado civil soltera de profesi\u00f3n labores, domiciliada enSas Villa Aeroparque ,Canelones. JUAN GABRIEL GONZALEZ SILVA c\u00e9dula de identidad 57106752 nacido\/a en Uruguay de nacionalidad uruguayo de 27 a\u00f1os de edad de estado civil soltero de profesi\u00f3n &nbsp;comerciante, domiciliado en Sas Villa Aeroparque, Canelones. Pablo Carlotta Oficial de Estado Civil. 3 Pub. del 14\/10\/24 al 16\/10\/24<\/p>\n\n\n\n<p>En Salinas Canelones el d\u00eda 9 de octubre de 2024 a las 14:40 horas ANA MARIA OCAMPO ACU\u00d1A cedula de identidad 47178957 nacido\/a en Uruguay &nbsp;de nacionalidad uruguaya de 47 a\u00f1os de edad de estado civil soltera de profesi\u00f3n empleada, domiciliada en Calle A\u00f1agualpo, Salinas, Canelones. JOSE LUIS MOMBRU DUARTE c\u00e9dula de identidad 29380447 nacido\/a en Uruguay de nacionalidad uruguayo de 56 a\u00f1os de edad de estado civil divorciado de profesi\u00f3n Pintor, domiciliado en calle A\u00f1agualpo, Salinas, Canelones Oficial de Estado Civil. Pablo Carlotta. 3 Pub. del 14\/10\/24 al 16\/10\/24<\/p>\n\n\n\n<p>GOBIERNO DE<\/p>\n\n\n\n<p>GOBIERNO DE<\/p>\n\n\n\n<p>CANELONES<\/p>\n\n\n\n<p>DIRECCI\u00d3N GENERAL<\/p>\n\n\n\n<p>ADMINISTRACI\u00d3N DIRECCI\u00d3N DE<\/p>\n\n\n\n<p>NECROPOLIS<\/p>\n\n\n\n<p>Por disposici\u00f3n del Art.20 Lit. B) de la ordenanza de Necr\u00f3polis N\u00ba 95\/15, se hace saber que: H\u00e9ctor Javier y Yonir Radam\u00e9s CAPOBIANCO DE L\u00c9ON; solicita t\u00edtulo de Nicho N\u00ba 38 Sector B del Cementerio de la ciudad de Tala, por regularizaci\u00f3n del mismo.- Se emplazar\u00e1 a todos los interesados para que concurran en un plazo de 30 d\u00edas corridos, contados a partir de la presente publicaci\u00f3n, a deducir derechos sobre el bien funerario ante Necr\u00f3polis Tala (Cementerio).-<\/p>\n\n\n\n<p>EXPTE. 2024-81-1270-00165.- &nbsp;ALBA &nbsp;ALICIA GARRETA CALERO. Directora Necr\u00f3polis. 5 Pub. 09\/10\/24 al 15\/10\/24<\/p>\n\n\n\n<p>CONVOCATORIA<\/p>\n\n\n\n<p>CENTRO DE RETIRADOS MILITARES<\/p>\n\n\n\n<p>\u201cSPORTIVO LAVALLEJA\u201d CONVOCATORIA A<\/p>\n\n\n\n<p>ASAMBLEA GENERAL ORDINARIA<\/p>\n\n\n\n<p>Acorde a los Art. Nros. 10, 11, 12 y 13del Estatuto Social, \u00e9ste Centro convoca a Asamblea General Ordinaria, a realizarse en su sede de Ruta 75 km. 35(Villa Jardines, Dpto. de Canelones), el d\u00eda domingo 03 de noviembre del 2024 a lahora 11:00 primer llamado y hora 11:30 segundo llamado, donde se re\u00fane la Asambleaen forma v\u00e1lida con el n\u00famero de socios presentes.ORDEN DEL DIA:1. Palabras de bienvenida por parte del Se\u00f1or Presidente.2. Lectura del Acta Anterior.3. Memoria y balance anual.4. Designaci\u00f3n por la Mesa de 3 (tres) asociados para firmar el Acta de la Asamblea. 3 Pub. del 14\/10\/24 al 16\/10\/24<\/p>\n","protected":false},"excerpt":{"rendered":"<p>JUZGADO LETRADO DE PANDO DE 3\u00ba TURNO EDICTO: Por disposici\u00f3n del Sr\/a. Juez Letrado de&#8230;<\/p>\n","protected":false},"author":1,"featured_media":1819,"comment_status":"closed","ping_status":"closed","sticky":false,"template":"","format":"standard","meta":{"_monsterinsights_skip_tracking":false,"_monsterinsights_sitenote_active":false,"_monsterinsights_sitenote_note":"","_monsterinsights_sitenote_category":0,"footnotes":""},"categories":[27],"tags":[],"class_list":["post-16563","post","type-post","status-publish","format-standard","has-post-thumbnail","hentry","category-edictos"],"featured_image_urls":{"full":["https:\/\/diariotiempo.com.uy\/noticias\/wp-content\/uploads\/2021\/09\/judicial.jpg",800,416,false],"thumbnail":["https:\/\/diariotiempo.com.uy\/noticias\/wp-content\/uploads\/2021\/09\/judicial-150x150.jpg",150,150,true],"medium":["https:\/\/diariotiempo.com.uy\/noticias\/wp-content\/uploads\/2021\/09\/judicial-300x156.jpg",300,156,true],"medium_large":["https:\/\/diariotiempo.com.uy\/noticias\/wp-content\/uploads\/2021\/09\/judicial-768x399.jpg",640,333,true],"large":["https:\/\/diariotiempo.com.uy\/noticias\/wp-content\/uploads\/2021\/09\/judicial.jpg",640,333,false],"rpg_gallery_admin_thumb":["https:\/\/diariotiempo.com.uy\/noticias\/wp-content\/uploads\/2021\/09\/judicial.jpg",150,78,false],"rpg_gallery_thumb":["https:\/\/diariotiempo.com.uy\/noticias\/wp-content\/uploads\/2021\/09\/judicial.jpg",150,78,false],"1536x1536":["https:\/\/diariotiempo.com.uy\/noticias\/wp-content\/uploads\/2021\/09\/judicial.jpg",800,416,false],"2048x2048":["https:\/\/diariotiempo.com.uy\/noticias\/wp-content\/uploads\/2021\/09\/judicial.jpg",800,416,false],"covernews-slider-full":["https:\/\/diariotiempo.com.uy\/noticias\/wp-content\/uploads\/2021\/09\/judicial.jpg",800,416,false],"covernews-slider-center":["https:\/\/diariotiempo.com.uy\/noticias\/wp-content\/uploads\/2021\/09\/judicial.jpg",800,416,false],"covernews-featured":["https:\/\/diariotiempo.com.uy\/noticias\/wp-content\/uploads\/2021\/09\/judicial.jpg",800,416,false],"covernews-medium":["https:\/\/diariotiempo.com.uy\/noticias\/wp-content\/uploads\/2021\/09\/judicial-540x340.jpg",540,340,true],"covernews-medium-square":["https:\/\/diariotiempo.com.uy\/noticias\/wp-content\/uploads\/2021\/09\/judicial-400x250.jpg",400,250,true]},"author_info":{"display_name":"diario","author_link":"https:\/\/diariotiempo.com.uy\/noticias\/author\/diario\/"},"category_info":"<a href=\"https:\/\/diariotiempo.com.uy\/noticias\/category\/publicaciones\/edictos\/\" rel=\"category tag\">Edictos<\/a>","tag_info":"Edictos","comment_count":"0","_links":{"self":[{"href":"https:\/\/diariotiempo.com.uy\/noticias\/wp-json\/wp\/v2\/posts\/16563","targetHints":{"allow":["GET"]}}],"collection":[{"href":"https:\/\/diariotiempo.com.uy\/noticias\/wp-json\/wp\/v2\/posts"}],"about":[{"href":"https:\/\/diariotiempo.com.uy\/noticias\/wp-json\/wp\/v2\/types\/post"}],"author":[{"embeddable":true,"href":"https:\/\/diariotiempo.com.uy\/noticias\/wp-json\/wp\/v2\/users\/1"}],"replies":[{"embeddable":true,"href":"https:\/\/diariotiempo.com.uy\/noticias\/wp-json\/wp\/v2\/comments?post=16563"}],"version-history":[{"count":1,"href":"https:\/\/diariotiempo.com.uy\/noticias\/wp-json\/wp\/v2\/posts\/16563\/revisions"}],"predecessor-version":[{"id":16564,"href":"https:\/\/diariotiempo.com.uy\/noticias\/wp-json\/wp\/v2\/posts\/16563\/revisions\/16564"}],"wp:featuredmedia":[{"embeddable":true,"href":"https:\/\/diariotiempo.com.uy\/noticias\/wp-json\/wp\/v2\/media\/1819"}],"wp:attachment":[{"href":"https:\/\/diariotiempo.com.uy\/noticias\/wp-json\/wp\/v2\/media?parent=16563"}],"wp:term":[{"taxonomy":"category","embeddable":true,"href":"https:\/\/diariotiempo.com.uy\/noticias\/wp-json\/wp\/v2\/categories?post=16563"},{"taxonomy":"post_tag","embeddable":true,"href":"https:\/\/diariotiempo.com.uy\/noticias\/wp-json\/wp\/v2\/tags?post=16563"}],"curies":[{"name":"wp","href":"https:\/\/api.w.org\/{rel}","templated":true}]}}