{"id":16573,"date":"2024-10-16T16:30:43","date_gmt":"2024-10-16T16:30:43","guid":{"rendered":"https:\/\/diariotiempo.com.uy\/noticias\/?p=16573"},"modified":"2024-10-16T16:30:52","modified_gmt":"2024-10-16T16:30:52","slug":"dos-jovenes-muertos-y-varios-lesionadas-una-de-ellas-de-gravedad-en-siniestro-en-ruta-7","status":"publish","type":"post","link":"https:\/\/diariotiempo.com.uy\/noticias\/2024\/10\/16\/dos-jovenes-muertos-y-varios-lesionadas-una-de-ellas-de-gravedad-en-siniestro-en-ruta-7\/","title":{"rendered":"Dos j\u00f3venes muertos, y \u00a0varios lesionadas, una de ellas de gravedad, en siniestro en ruta 7"},"content":{"rendered":"\n<figure class=\"wp-block-image aligncenter size-full\"><img loading=\"lazy\" decoding=\"async\" width=\"758\" height=\"413\" src=\"https:\/\/diariotiempo.com.uy\/noticias\/wp-content\/uploads\/2024\/10\/CAMIONETA-DOS.jpg\" alt=\"\" class=\"wp-image-16574\" srcset=\"https:\/\/diariotiempo.com.uy\/noticias\/wp-content\/uploads\/2024\/10\/CAMIONETA-DOS.jpg 758w, https:\/\/diariotiempo.com.uy\/noticias\/wp-content\/uploads\/2024\/10\/CAMIONETA-DOS-300x163.jpg 300w\" sizes=\"auto, (max-width: 758px) 100vw, 758px\" \/><\/figure>\n\n\n\n<p>Un choque por alcance entre una camioneta y un auto dej\u00f3 a dos j\u00f3venes de 27 y 20 a\u00f1os muertos, y a varias personas lesionadas, una de ellas de gravedad, en ruta 7.<\/p>\n\n\n\n<p>Polic\u00eda Caminera inform\u00f3 &nbsp;a Subrayado que el siniestro fatal ocurri\u00f3 a la altura del kil\u00f3metro 75,800 de la ruta 7, en Tala, sobre las 6:45 de la ma\u00f1ana de este domingo.<\/p>\n\n\n\n<p>Por causas a determinar, la camioneta con cuatro ocupantes choc\u00f3 por alcance al auto -en el que viajaban tres personas- cuando este disminuy\u00f3 la velocidad en un puente en reparaci\u00f3n.<\/p>\n\n\n\n<p>\u00abA ra\u00edz del impacto, el auto es despedido impactando con una columna y volcando, a su vez la camioneta luego del impacto vuelca quedando en posici\u00f3n lateral, ambos veh\u00edculos fuera de ruta\u00bb, indica el parte.<\/p>\n\n\n\n<p>El conductor del auto, de 24 a\u00f1os, result\u00f3 con traumatismo leve y su espirometr\u00eda result\u00f3 con 0,90 de alcohol en sangre. Junto a \u00e9l viajaban otro joven de 23 a\u00f1os y una adolescente de 15, ambos con traumatismos leves.<\/p>\n\n\n\n<p>En la camioneta viajaba el conductor de 27 a\u00f1os y un joven de 20 que murieron en el lugar, as\u00ed como un adolescente de 17 que fue trasladado en estado grave y otro hombre de 28 a\u00f1os, politraumatizado y trasladado. La fiscal de Pando, Premisieri, est\u00e1 a cargo de la investigaci\u00f3n.<\/p>\n\n\n\n<p><\/p>\n","protected":false},"excerpt":{"rendered":"<p>Un choque por alcance entre una camioneta y un auto dej\u00f3 a dos j\u00f3venes de&#8230;<\/p>\n","protected":false},"author":1,"featured_media":16574,"comment_status":"closed","ping_status":"closed","sticky":false,"template":"","format":"standard","meta":{"_monsterinsights_skip_tracking":false,"_monsterinsights_sitenote_active":false,"_monsterinsights_sitenote_note":"","_monsterinsights_sitenote_category":0,"footnotes":""},"categories":[11],"tags":[],"class_list":["post-16573","post","type-post","status-publish","format-standard","has-post-thumbnail","hentry","category-noticia-destacada"],"featured_image_urls":{"full":["https:\/\/diariotiempo.com.uy\/noticias\/wp-content\/uploads\/2024\/10\/CAMIONETA-DOS.jpg",758,413,false],"thumbnail":["https:\/\/diariotiempo.com.uy\/noticias\/wp-content\/uploads\/2024\/10\/CAMIONETA-DOS-150x150.jpg",150,150,true],"medium":["https:\/\/diariotiempo.com.uy\/noticias\/wp-content\/uploads\/2024\/10\/CAMIONETA-DOS-300x163.jpg",300,163,true],"medium_large":["https:\/\/diariotiempo.com.uy\/noticias\/wp-content\/uploads\/2024\/10\/CAMIONETA-DOS.jpg",640,349,false],"large":["https:\/\/diariotiempo.com.uy\/noticias\/wp-content\/uploads\/2024\/10\/CAMIONETA-DOS.jpg",640,349,false],"rpg_gallery_admin_thumb":["https:\/\/diariotiempo.com.uy\/noticias\/wp-content\/uploads\/2024\/10\/CAMIONETA-DOS-150x150.jpg",150,150,true],"rpg_gallery_thumb":["https:\/\/diariotiempo.com.uy\/noticias\/wp-content\/uploads\/2024\/10\/CAMIONETA-DOS-150x150.jpg",150,150,true],"1536x1536":["https:\/\/diariotiempo.com.uy\/noticias\/wp-content\/uploads\/2024\/10\/CAMIONETA-DOS.jpg",758,413,false],"2048x2048":["https:\/\/diariotiempo.com.uy\/noticias\/wp-content\/uploads\/2024\/10\/CAMIONETA-DOS.jpg",758,413,false],"covernews-slider-full":["https:\/\/diariotiempo.com.uy\/noticias\/wp-content\/uploads\/2024\/10\/CAMIONETA-DOS.jpg",758,413,false],"covernews-slider-center":["https:\/\/diariotiempo.com.uy\/noticias\/wp-content\/uploads\/2024\/10\/CAMIONETA-DOS.jpg",758,413,false],"covernews-featured":["https:\/\/diariotiempo.com.uy\/noticias\/wp-content\/uploads\/2024\/10\/CAMIONETA-DOS.jpg",758,413,false],"covernews-medium":["https:\/\/diariotiempo.com.uy\/noticias\/wp-content\/uploads\/2024\/10\/CAMIONETA-DOS-540x340.jpg",540,340,true],"covernews-medium-square":["https:\/\/diariotiempo.com.uy\/noticias\/wp-content\/uploads\/2024\/10\/CAMIONETA-DOS-400x250.jpg",400,250,true]},"author_info":{"display_name":"diario","author_link":"https:\/\/diariotiempo.com.uy\/noticias\/author\/diario\/"},"category_info":"<a href=\"https:\/\/diariotiempo.com.uy\/noticias\/category\/noticia-destacada\/\" rel=\"category tag\">NOTICIA DESTACADA<\/a>","tag_info":"NOTICIA DESTACADA","comment_count":"0","_links":{"self":[{"href":"https:\/\/diariotiempo.com.uy\/noticias\/wp-json\/wp\/v2\/posts\/16573","targetHints":{"allow":["GET"]}}],"collection":[{"href":"https:\/\/diariotiempo.com.uy\/noticias\/wp-json\/wp\/v2\/posts"}],"about":[{"href":"https:\/\/diariotiempo.com.uy\/noticias\/wp-json\/wp\/v2\/types\/post"}],"author":[{"embeddable":true,"href":"https:\/\/diariotiempo.com.uy\/noticias\/wp-json\/wp\/v2\/users\/1"}],"replies":[{"embeddable":true,"href":"https:\/\/diariotiempo.com.uy\/noticias\/wp-json\/wp\/v2\/comments?post=16573"}],"version-history":[{"count":2,"href":"https:\/\/diariotiempo.com.uy\/noticias\/wp-json\/wp\/v2\/posts\/16573\/revisions"}],"predecessor-version":[{"id":16576,"href":"https:\/\/diariotiempo.com.uy\/noticias\/wp-json\/wp\/v2\/posts\/16573\/revisions\/16576"}],"wp:featuredmedia":[{"embeddable":true,"href":"https:\/\/diariotiempo.com.uy\/noticias\/wp-json\/wp\/v2\/media\/16574"}],"wp:attachment":[{"href":"https:\/\/diariotiempo.com.uy\/noticias\/wp-json\/wp\/v2\/media?parent=16573"}],"wp:term":[{"taxonomy":"category","embeddable":true,"href":"https:\/\/diariotiempo.com.uy\/noticias\/wp-json\/wp\/v2\/categories?post=16573"},{"taxonomy":"post_tag","embeddable":true,"href":"https:\/\/diariotiempo.com.uy\/noticias\/wp-json\/wp\/v2\/tags?post=16573"}],"curies":[{"name":"wp","href":"https:\/\/api.w.org\/{rel}","templated":true}]}}