{"id":16591,"date":"2024-10-18T14:57:57","date_gmt":"2024-10-18T14:57:57","guid":{"rendered":"https:\/\/diariotiempo.com.uy\/noticias\/?p=16591"},"modified":"2024-10-18T14:57:57","modified_gmt":"2024-10-18T14:57:57","slug":"apertura-de-sucecion-37","status":"publish","type":"post","link":"https:\/\/diariotiempo.com.uy\/noticias\/2024\/10\/18\/apertura-de-sucecion-37\/","title":{"rendered":"APERTURA DE SUCECI\u00d3N"},"content":{"rendered":"\n<p>JUZGADO LETRADO DE PANDO DE 3\u00ba TURNO<\/p>\n\n\n\n<p>EDICTO: Por disposici\u00f3n del Sr\/a. Juez Letrado de Pando de 3\u00b0 Turno, dictada en autos: \u00bb HERNADEZ MAZINI, ROBERTO &#8211; SUCESI\u00d3N\u00bb IUE 2-84884\/2024, se dispuso la apertura de la sucesi\u00f3n del causante\/s ROBERTO CESAR HERN\u00c1NDEZ MAZINI, emplaz\u00e1ndose por edictos a herederos, acreedores y dem\u00e1s interesados para que comparezcan por el t\u00e9rmino de 30 d\u00edas, a deducir en forma sus derechos. Pando, 01 de octubre de 2024<\/p>\n\n\n\n<p>Firmado electronicamente por : Nicolas Maximiliano Rodriguez Borges. Actuario 10 Pub. de 07\/10\/24 al 18\/10\/24<\/p>\n\n\n\n<p>JUZGADO LETRADO DE PANDO DE 4\u00ba<\/p>\n\n\n\n<p>&nbsp;TURNO<\/p>\n\n\n\n<p>EDICTO: Por disposici\u00f3n del Sr\/a. Juez Letrado de Pando de 4\u00b0 Turno, dictada en autos: \u00bb SILVA, JULIO &#8211; SUCESI\u00d3N\u00bb IUE 2-49327\/2024, se dispuso la apertura de la sucesi\u00f3n del causante\/s JULIO EDUARDO SILVA, emplaz\u00e1ndose por edictos a herederos, acreedores y dem\u00e1s interesados para que comparezcan por el t\u00e9rmino de 30 d\u00edas, a deducir en forma sus derechos. Pando, 21 de junio de 2024<\/p>\n\n\n\n<p>Firmado electronicamente por : Viviana Karen Rodriguez Ru\u00edz. Actuario 10 Pub. de 17\/10\/24 al 30\/10\/24<\/p>\n\n\n\n<p>JUZGADO LETRADO DE CIUDAD DE LA COSTA DE 4\u00ba TURNO<\/p>\n\n\n\n<p>EDICTO: Por disposici\u00f3n del Sr\/a. Juez Letrado de Ciudad de la Costa de 4\u00b0 Turno, dictada en autos: \u00abFAN, JUAN y otro &#8211; SUCESI\u00d3N\u00bb IUE 2-52068\/2024, se dispuso la apertura de la sucesi\u00f3n del causante\/s JUAN CARLOS FAN Y LUISA CARMEN CABRERA, emplaz\u00e1ndose por edictos a herederos, acreedores y dem\u00e1s interesados para que comparezcan por el t\u00e9rmino de 30 d\u00edas, a deducir en forma sus derechos. Ciudad de la Costa, 16 de julio de 2024<\/p>\n\n\n\n<p>Firmado electr\u00f3nicamente por: Diego Martin Pasar\u00f3n Gra\u00f1a. Actuario Adjunto 10 Pub. de 14\/10\/24 al 25\/10\/24<\/p>\n\n\n\n<p>JUZGADO LETRADO DE CIUDAD DE LA COSTA DE 6\u00ba<\/p>\n\n\n\n<p>TURNO<\/p>\n\n\n\n<p>EDICTO:Por disposici\u00f3n del Sr\/a. Juez Letrado de Ciudad de la Costa de 6\u00b0 Turno, dictada<\/p>\n\n\n\n<p>en autos: \u00abD&#8217;ESTE MARCHESE, SUSANA &#8211; SUCESI\u00d3N\u00bb IUE 2-90480\/2024, sedispuso la apertura de la sucesi\u00f3n del causante\/s Susana D&#8217;ESTE MARCHESE, emplaz\u00e1ndose por edictos a herederos, acreedores y dem\u00e1s interesados para que comparezcan por el t\u00e9rmino de 30 d\u00edas, a deducir en forma sus derechos. Ciudad de la Costa, 09 de octubre de 2024.<\/p>\n\n\n\n<p>Firmado electr\u00f3nicamente por: Diego Martin Pasar\u00f3n Gra\u00f1a. Actuario Adjunto 10 Pub. de 16\/10\/24 al 29\/10\/24<\/p>\n\n\n\n<p>MATRIMONIO<\/p>\n\n\n\n<p>Se publican los edictos de matrimonio de las distintas oficinas de Registro Civil a los efectos de que los que supieren alg\u00fan impedimento para los matrimonios proyectados denuncien por escrito haciendo conocer las causas ante las oficinas respectivas.<\/p>\n\n\n\n<p>BARROS BLANCOS<\/p>\n\n\n\n<p>OFICINA &nbsp;N\u00ba 407<\/p>\n\n\n\n<p>En Barros Blancos Canelones el d\u00eda 9 de Octubre de 2024 a las 09:51 horas FABIAN GRAETZ RUVERTONI cedula de identidad 43328322 nacido\/a en Uruguay de nacionalidad uruguayo de 34 a\u00f1os soltero de profesi\u00f3n Arquitecto, domiciliado en &nbsp;en General Gregorio Suarez 2727, Montevideo, Montevideo. MELISA CURIEL FRYDLENDER c\u00e9dula de identidad 47203992 nacido\/a en Uruguay de nacionalidad uruguaya de 29 a\u00f1os de edad de estado civil soltera de profesi\u00f3n Licenciada Psicolog\u00eda, domiciliada en General Gregorio Suarez 2727, Montevideo, Montevideo, Canelones. Mariana Suarez Oficial de Estado Civil. 3 Pub. del 16\/10\/24 al 18\/10\/24<\/p>\n\n\n\n<p>En Barros Blancos Canelones el d\u00eda 9 de Octubre de 2024 a las 10:24 horas JUAN DIEGO MART\u00cdNEZ DE ANGELIS cedula de identidad 47399428 nacido\/a en Uruguay de nacionalidad uruguayo de 31 a\u00f1os,soltero de profesi\u00f3n Trabajador Independiente, domiciliado en &nbsp;Bulevar General Artigas3262, Montevideo, Montevideo. CAMILA R\u00d3MER PEDREIRA c\u00e9dula de identidad 49261950 nacido\/a en Uruguay de nacionalidad uruguaya de 28 a\u00f1os de edad de estado civil soltera de profesi\u00f3n Odontologa domiciliada en Bulevar General Artigas3662, Montevideo, Montevideo, Canelones.<\/p>\n\n\n\n<p>Mariana Suarez Oficial de Estado Civil. 3 Pub. del 17\/10\/24 al 21\/10\/24<\/p>\n\n\n\n<p>PANDO<\/p>\n\n\n\n<p>OFICINA &nbsp;N\u00ba 418<\/p>\n\n\n\n<p>En Pando Canelones el d\u00eda 10 de Octubre de 2024 a las 11.20 horas MAR\u00cdA EMILIA BINDRITSCH PRADERIO cedula de identidad 48748387 nacido\/a en Uruguay de nacionalidad uruguaya de 28 a\u00f1os soltera de profesi\u00f3n Nutricionista, domiciliada en Zorrilla de San Martin 884, Pando, Canelones. JUAN DIEGO PONCET ANDRADE c\u00e9dula de identidad 49575284 nacido\/a en Uruguay de nacionalidad uruguaya de 29 a\u00f1os de edad de estado civil soltero de profesi\u00f3n Contador P\u00fablico, domiciliado en Zorrilla de San Martin 884, Pando, Canelones. Marcelo Curbelo Oficial de Estado Civil. 3 Pub. del 15\/10\/24 al 17\/10\/24<\/p>\n\n\n\n<p>En Pando Canelones el d\u00eda 14 de Octubre de 2024 a las 14.58 horas CLAUDIO NAZARETH CANTERO CONTRERA cedula de identidad 42407210 nacido\/a en Uruguay de nacionalidad uruguaya de 39 a\u00f1os soltero de profesi\u00f3n Registros M\u00e9dicos, domiciliado en Camino Trouville, Barros Blancos, Canelones. MARELEY HERN\u00c1NDEZ CAMEJO c\u00e9dula de identidad 43127261 nacido\/a en<\/p>\n\n\n\n<p>Uruguay de nacionalidad uruguaya de 44 a\u00f1os de edad de estado civil divorciada de profesi\u00f3n Registros M\u00e9dicos, domiciliada en Camino Trouville, Barros Blancos, Canelones. Marcelo Curbelo Oficial de Estado Civil. 3 Pub. del 17\/10\/24 al 21\/10\/24<\/p>\n\n\n\n<p>SALINAS<\/p>\n\n\n\n<p>OFICINA &nbsp;N\u00ba 422<\/p>\n\n\n\n<p>En Salinas Canelones el d\u00eda 9 de octubre de 2024 a las 10:35 horas CATHERINE DAHIANA PIBETE LIMA cedula de identidad 52979944 nacido\/a en Uruguay &nbsp;de nacionalidad uruguaya de 28 a\u00f1os de edad de estado civil soltera de profesi\u00f3n labores, domiciliada enSas Villa Aeroparque ,Canelones. JUAN GABRIEL GONZALEZ SILVA c\u00e9dula de identidad 57106752 nacido\/a en Uruguay de nacionalidad uruguayo de 27 a\u00f1os de edad de estado civil soltero de profesi\u00f3n &nbsp;comerciante, domiciliado en Sas Villa Aeroparque, Canelones. Pablo Carlotta Oficial de Estado Civil. &nbsp;3 Pub. del 16\/10\/24 al 18\/10\/24<\/p>\n","protected":false},"excerpt":{"rendered":"<p>JUZGADO LETRADO DE PANDO DE 3\u00ba TURNO EDICTO: Por disposici\u00f3n del Sr\/a. Juez Letrado de&#8230;<\/p>\n","protected":false},"author":1,"featured_media":1819,"comment_status":"closed","ping_status":"closed","sticky":false,"template":"","format":"standard","meta":{"_monsterinsights_skip_tracking":false,"_monsterinsights_sitenote_active":false,"_monsterinsights_sitenote_note":"","_monsterinsights_sitenote_category":0,"footnotes":""},"categories":[27],"tags":[],"class_list":["post-16591","post","type-post","status-publish","format-standard","has-post-thumbnail","hentry","category-edictos"],"featured_image_urls":{"full":["https:\/\/diariotiempo.com.uy\/noticias\/wp-content\/uploads\/2021\/09\/judicial.jpg",800,416,false],"thumbnail":["https:\/\/diariotiempo.com.uy\/noticias\/wp-content\/uploads\/2021\/09\/judicial-150x150.jpg",150,150,true],"medium":["https:\/\/diariotiempo.com.uy\/noticias\/wp-content\/uploads\/2021\/09\/judicial-300x156.jpg",300,156,true],"medium_large":["https:\/\/diariotiempo.com.uy\/noticias\/wp-content\/uploads\/2021\/09\/judicial-768x399.jpg",640,333,true],"large":["https:\/\/diariotiempo.com.uy\/noticias\/wp-content\/uploads\/2021\/09\/judicial.jpg",640,333,false],"rpg_gallery_admin_thumb":["https:\/\/diariotiempo.com.uy\/noticias\/wp-content\/uploads\/2021\/09\/judicial.jpg",150,78,false],"rpg_gallery_thumb":["https:\/\/diariotiempo.com.uy\/noticias\/wp-content\/uploads\/2021\/09\/judicial.jpg",150,78,false],"1536x1536":["https:\/\/diariotiempo.com.uy\/noticias\/wp-content\/uploads\/2021\/09\/judicial.jpg",800,416,false],"2048x2048":["https:\/\/diariotiempo.com.uy\/noticias\/wp-content\/uploads\/2021\/09\/judicial.jpg",800,416,false],"covernews-slider-full":["https:\/\/diariotiempo.com.uy\/noticias\/wp-content\/uploads\/2021\/09\/judicial.jpg",800,416,false],"covernews-slider-center":["https:\/\/diariotiempo.com.uy\/noticias\/wp-content\/uploads\/2021\/09\/judicial.jpg",800,416,false],"covernews-featured":["https:\/\/diariotiempo.com.uy\/noticias\/wp-content\/uploads\/2021\/09\/judicial.jpg",800,416,false],"covernews-medium":["https:\/\/diariotiempo.com.uy\/noticias\/wp-content\/uploads\/2021\/09\/judicial-540x340.jpg",540,340,true],"covernews-medium-square":["https:\/\/diariotiempo.com.uy\/noticias\/wp-content\/uploads\/2021\/09\/judicial-400x250.jpg",400,250,true]},"author_info":{"display_name":"diario","author_link":"https:\/\/diariotiempo.com.uy\/noticias\/author\/diario\/"},"category_info":"<a href=\"https:\/\/diariotiempo.com.uy\/noticias\/category\/publicaciones\/edictos\/\" rel=\"category tag\">Edictos<\/a>","tag_info":"Edictos","comment_count":"0","_links":{"self":[{"href":"https:\/\/diariotiempo.com.uy\/noticias\/wp-json\/wp\/v2\/posts\/16591","targetHints":{"allow":["GET"]}}],"collection":[{"href":"https:\/\/diariotiempo.com.uy\/noticias\/wp-json\/wp\/v2\/posts"}],"about":[{"href":"https:\/\/diariotiempo.com.uy\/noticias\/wp-json\/wp\/v2\/types\/post"}],"author":[{"embeddable":true,"href":"https:\/\/diariotiempo.com.uy\/noticias\/wp-json\/wp\/v2\/users\/1"}],"replies":[{"embeddable":true,"href":"https:\/\/diariotiempo.com.uy\/noticias\/wp-json\/wp\/v2\/comments?post=16591"}],"version-history":[{"count":1,"href":"https:\/\/diariotiempo.com.uy\/noticias\/wp-json\/wp\/v2\/posts\/16591\/revisions"}],"predecessor-version":[{"id":16592,"href":"https:\/\/diariotiempo.com.uy\/noticias\/wp-json\/wp\/v2\/posts\/16591\/revisions\/16592"}],"wp:featuredmedia":[{"embeddable":true,"href":"https:\/\/diariotiempo.com.uy\/noticias\/wp-json\/wp\/v2\/media\/1819"}],"wp:attachment":[{"href":"https:\/\/diariotiempo.com.uy\/noticias\/wp-json\/wp\/v2\/media?parent=16591"}],"wp:term":[{"taxonomy":"category","embeddable":true,"href":"https:\/\/diariotiempo.com.uy\/noticias\/wp-json\/wp\/v2\/categories?post=16591"},{"taxonomy":"post_tag","embeddable":true,"href":"https:\/\/diariotiempo.com.uy\/noticias\/wp-json\/wp\/v2\/tags?post=16591"}],"curies":[{"name":"wp","href":"https:\/\/api.w.org\/{rel}","templated":true}]}}