{"id":16853,"date":"2024-11-04T15:09:02","date_gmt":"2024-11-04T15:09:02","guid":{"rendered":"https:\/\/diariotiempo.com.uy\/noticias\/?p=16853"},"modified":"2024-11-04T15:09:03","modified_gmt":"2024-11-04T15:09:03","slug":"fondo-de-solidaridad-abrio-postulaciones-para-acceder-a-becas-economicas-en-2025","status":"publish","type":"post","link":"https:\/\/diariotiempo.com.uy\/noticias\/2024\/11\/04\/fondo-de-solidaridad-abrio-postulaciones-para-acceder-a-becas-economicas-en-2025\/","title":{"rendered":"Fondo de Solidaridad abri\u00f3 postulaciones para acceder a becas econ\u00f3micas en 2025"},"content":{"rendered":"\n<figure class=\"wp-block-image size-full\"><img loading=\"lazy\" decoding=\"async\" width=\"900\" height=\"530\" src=\"https:\/\/diariotiempo.com.uy\/noticias\/wp-content\/uploads\/2024\/11\/AM_934_01_Editada.jpg\" alt=\"\" class=\"wp-image-16854\" srcset=\"https:\/\/diariotiempo.com.uy\/noticias\/wp-content\/uploads\/2024\/11\/AM_934_01_Editada.jpg 900w, https:\/\/diariotiempo.com.uy\/noticias\/wp-content\/uploads\/2024\/11\/AM_934_01_Editada-300x177.jpg 300w, https:\/\/diariotiempo.com.uy\/noticias\/wp-content\/uploads\/2024\/11\/AM_934_01_Editada-768x452.jpg 768w\" sizes=\"auto, (max-width: 900px) 100vw, 900px\" \/><\/figure>\n\n\n\n<p>En una entrevista con Comunicaci\u00f3n Presidencial, la titular del Fondo de Solidaridad, Rosario Cervi\u00f1o, explic\u00f3 que los estudiantes de carreras terciarias p\u00fablicas, tanto de la Universidad de la Rep\u00fablica (Udelar), la Direcci\u00f3n General de Educaci\u00f3n T\u00e9cnico Profesional (DGETP-UTU) como la Universidad Tecnol\u00f3gica del Uruguay (UTEC), ya pueden solicitar becas en l\u00ednea, a trav\u00e9s de un formulario publicado en el Portal de Estudiantes del fondo. Con este apoyo econ\u00f3mico, se puede cursar m\u00e1s de 170 carreras.<\/p>\n\n\n\n<p>La referida ayuda est\u00e1 destinada a j\u00f3venes provenientes de hogares que no dispongan de los medios suficientes para acompa\u00f1arlos en sus proyectos educativos; por ello, al postularse, se les pide el detalle de la situaci\u00f3n socioecon\u00f3mica y patrimonial de la familia. Cada caso es analizado y quienes cumplan con los criterios obtienen el apoyo, ya que no hay cupos.<\/p>\n\n\n\n<p>La iniciativa no se limita a estudiantes del interior, se pueden presentar los que cursen en cualquier departamento, incluso quienes estudien y vivan en el mismo lugar. Quienes completen el formulario ahora podr\u00e1n acceder al beneficio en el a\u00f1o 2025.<\/p>\n\n\n\n<p>La beca consiste en 2 bases de prestaciones y contribuciones (BPC) mensuales, lo que representa 12.354 pesos, a valores 2024, con posibilidad de renovaci\u00f3n al finalizar cada a\u00f1o, y es posible mantenerla a lo largo de toda la carrera. Los j\u00f3venes que est\u00e9n terminando el bachillerato tambi\u00e9n pueden comenzar las inscripciones en noviembre y, si bien estas se extienden hasta el 28 de febrero, disponen de tiempo hasta el mes de abril para aprobar todas las materias y no se les exige escolaridad.<\/p>\n\n\n\n<p>En 2024 la instituci\u00f3n brind\u00f3 apoyo a 9.320 personas, que podr\u00e1n solicitar la renovaci\u00f3n para el a\u00f1o pr\u00f3ximo, tambi\u00e9n en l\u00ednea, a partir del 1.\u00b0 de enero de 2025. Para lograrla, es fundamental contar con buenos resultados acad\u00e9micos, lo que es evaluado por un \u00e1rea espec\u00edfica de la instituci\u00f3n. En el caso de las carreras universitarias, se valora un avance de la escolaridad del 50%, en las carreras t\u00e9cnicas, del 40%.<\/p>\n\n\n\n<p>\u201cLlevamos varios a\u00f1os con un promedio de 9.000 becas. Estamos orgullosos de que nuestros j\u00f3venes puedan seguir estudiando con este apoyo econ\u00f3mico, es muy necesario para el pa\u00eds\u201d, dijo Cervi\u00f1o.<\/p>\n\n\n\n<p>Desde su creaci\u00f3n, hace 30 a\u00f1os, el fondo otorg\u00f3 175.012 becas a 73.490 j\u00f3venes de todo el pa\u00eds y se convirti\u00f3 en el establecimiento que brind\u00f3 m\u00e1s beneficios de este tipo en todo Uruguay. En promedio, m\u00e1s de uno de cada cinco egresados recibi\u00f3 la beca en alg\u00fan momento de su carrera. Una particularidad es que el 92% de estos j\u00f3venes integran la primera generaci\u00f3n que accede a la educaci\u00f3n terciaria en su familia.La instituci\u00f3n tambi\u00e9n acompa\u00f1a la vida estudiantil de los becarios a trav\u00e9s de talleres, charlas y capacitaciones, entre otros beneficios, sumado a ayudas especiales, como computadoras y otras partidas.La jerarca record\u00f3 que el Fondo de Solidaridad se financia con aportes de los egresados de carreras terciarias a partir del quinto a\u00f1o de haberse graduado. \u201cAgradecemos a nuestros contribuyentes. Es un aporte importante para que nuestros j\u00f3venes puedan seguir y finalizar sus estudios terciarios\u201d, expres\u00f3.<\/p>\n\n\n\n<p>Fuente: Uruguay Presidencia<\/p>\n","protected":false},"excerpt":{"rendered":"<p>En una entrevista con Comunicaci\u00f3n Presidencial, la titular del Fondo de Solidaridad, Rosario Cervi\u00f1o, explic\u00f3&#8230;<\/p>\n","protected":false},"author":1,"featured_media":16854,"comment_status":"closed","ping_status":"closed","sticky":false,"template":"","format":"standard","meta":{"_monsterinsights_skip_tracking":false,"_monsterinsights_sitenote_active":false,"_monsterinsights_sitenote_note":"","_monsterinsights_sitenote_category":0,"footnotes":""},"categories":[11],"tags":[],"class_list":["post-16853","post","type-post","status-publish","format-standard","has-post-thumbnail","hentry","category-noticia-destacada"],"featured_image_urls":{"full":["https:\/\/diariotiempo.com.uy\/noticias\/wp-content\/uploads\/2024\/11\/AM_934_01_Editada.jpg",900,530,false],"thumbnail":["https:\/\/diariotiempo.com.uy\/noticias\/wp-content\/uploads\/2024\/11\/AM_934_01_Editada-150x150.jpg",150,150,true],"medium":["https:\/\/diariotiempo.com.uy\/noticias\/wp-content\/uploads\/2024\/11\/AM_934_01_Editada-300x177.jpg",300,177,true],"medium_large":["https:\/\/diariotiempo.com.uy\/noticias\/wp-content\/uploads\/2024\/11\/AM_934_01_Editada-768x452.jpg",640,377,true],"large":["https:\/\/diariotiempo.com.uy\/noticias\/wp-content\/uploads\/2024\/11\/AM_934_01_Editada.jpg",640,377,false],"rpg_gallery_admin_thumb":["https:\/\/diariotiempo.com.uy\/noticias\/wp-content\/uploads\/2024\/11\/AM_934_01_Editada-150x150.jpg",150,150,true],"rpg_gallery_thumb":["https:\/\/diariotiempo.com.uy\/noticias\/wp-content\/uploads\/2024\/11\/AM_934_01_Editada-150x150.jpg",150,150,true],"1536x1536":["https:\/\/diariotiempo.com.uy\/noticias\/wp-content\/uploads\/2024\/11\/AM_934_01_Editada.jpg",900,530,false],"2048x2048":["https:\/\/diariotiempo.com.uy\/noticias\/wp-content\/uploads\/2024\/11\/AM_934_01_Editada.jpg",900,530,false],"covernews-slider-full":["https:\/\/diariotiempo.com.uy\/noticias\/wp-content\/uploads\/2024\/11\/AM_934_01_Editada.jpg",900,530,false],"covernews-slider-center":["https:\/\/diariotiempo.com.uy\/noticias\/wp-content\/uploads\/2024\/11\/AM_934_01_Editada-800x500.jpg",800,500,true],"covernews-featured":["https:\/\/diariotiempo.com.uy\/noticias\/wp-content\/uploads\/2024\/11\/AM_934_01_Editada.jpg",900,530,false],"covernews-medium":["https:\/\/diariotiempo.com.uy\/noticias\/wp-content\/uploads\/2024\/11\/AM_934_01_Editada-540x340.jpg",540,340,true],"covernews-medium-square":["https:\/\/diariotiempo.com.uy\/noticias\/wp-content\/uploads\/2024\/11\/AM_934_01_Editada-400x250.jpg",400,250,true]},"author_info":{"display_name":"diario","author_link":"https:\/\/diariotiempo.com.uy\/noticias\/author\/diario\/"},"category_info":"<a href=\"https:\/\/diariotiempo.com.uy\/noticias\/category\/noticia-destacada\/\" rel=\"category tag\">NOTICIA DESTACADA<\/a>","tag_info":"NOTICIA DESTACADA","comment_count":"0","_links":{"self":[{"href":"https:\/\/diariotiempo.com.uy\/noticias\/wp-json\/wp\/v2\/posts\/16853","targetHints":{"allow":["GET"]}}],"collection":[{"href":"https:\/\/diariotiempo.com.uy\/noticias\/wp-json\/wp\/v2\/posts"}],"about":[{"href":"https:\/\/diariotiempo.com.uy\/noticias\/wp-json\/wp\/v2\/types\/post"}],"author":[{"embeddable":true,"href":"https:\/\/diariotiempo.com.uy\/noticias\/wp-json\/wp\/v2\/users\/1"}],"replies":[{"embeddable":true,"href":"https:\/\/diariotiempo.com.uy\/noticias\/wp-json\/wp\/v2\/comments?post=16853"}],"version-history":[{"count":1,"href":"https:\/\/diariotiempo.com.uy\/noticias\/wp-json\/wp\/v2\/posts\/16853\/revisions"}],"predecessor-version":[{"id":16855,"href":"https:\/\/diariotiempo.com.uy\/noticias\/wp-json\/wp\/v2\/posts\/16853\/revisions\/16855"}],"wp:featuredmedia":[{"embeddable":true,"href":"https:\/\/diariotiempo.com.uy\/noticias\/wp-json\/wp\/v2\/media\/16854"}],"wp:attachment":[{"href":"https:\/\/diariotiempo.com.uy\/noticias\/wp-json\/wp\/v2\/media?parent=16853"}],"wp:term":[{"taxonomy":"category","embeddable":true,"href":"https:\/\/diariotiempo.com.uy\/noticias\/wp-json\/wp\/v2\/categories?post=16853"},{"taxonomy":"post_tag","embeddable":true,"href":"https:\/\/diariotiempo.com.uy\/noticias\/wp-json\/wp\/v2\/tags?post=16853"}],"curies":[{"name":"wp","href":"https:\/\/api.w.org\/{rel}","templated":true}]}}