{"id":16960,"date":"2024-11-12T14:51:02","date_gmt":"2024-11-12T14:51:02","guid":{"rendered":"https:\/\/diariotiempo.com.uy\/noticias\/?p=16960"},"modified":"2024-11-12T14:51:11","modified_gmt":"2024-11-12T14:51:11","slug":"perdidas-totales-en-lamentable-incendio-en-casan-centrica-de-pando","status":"publish","type":"post","link":"https:\/\/diariotiempo.com.uy\/noticias\/2024\/11\/12\/perdidas-totales-en-lamentable-incendio-en-casan-centrica-de-pando\/","title":{"rendered":"P\u00e9rdidas totales en lamentable incendio en casan c\u00e9ntrica de Pando"},"content":{"rendered":"\n<figure class=\"wp-block-image size-full\"><img loading=\"lazy\" decoding=\"async\" width=\"515\" height=\"796\" src=\"https:\/\/diariotiempo.com.uy\/noticias\/wp-content\/uploads\/2024\/11\/ventana-dos.jpg\" alt=\"\" class=\"wp-image-16961\" srcset=\"https:\/\/diariotiempo.com.uy\/noticias\/wp-content\/uploads\/2024\/11\/ventana-dos.jpg 515w, https:\/\/diariotiempo.com.uy\/noticias\/wp-content\/uploads\/2024\/11\/ventana-dos-194x300.jpg 194w\" sizes=\"auto, (max-width: 515px) 100vw, 515px\" \/><\/figure>\n\n\n\n<p>Una vivienda sito en calle Solis entre 18 de Julio y Avda. Artigas tom\u00f3 fuego siendo las p\u00e9rdidas totales.<\/p>\n\n\n\n<p>La familia necesita la colaboraci\u00f3n de toda la comunidad.<\/p>\n\n\n\n<p>Los tel\u00e9fonos para brindar ayuda son 097470051 o al 097467784.<\/p>\n\n\n\n<p>En Inmobiliaria Torres, ubicada en Artigas 886, hay una alcanc\u00eda para todos los que quieran colaborar con esta familia.<\/p>\n\n\n\n<p>Su hermana inform\u00f3 que se est\u00e1n necesitando materiales de construcci\u00f3n y ropa para los 3 integrantes de la familia, tristemente quedaron con lo puesto.<\/p>\n\n\n\n<p><strong>Los talles que necesitan son:<\/strong><\/p>\n\n\n\n<p>&#8211; De ni\u00f1o: 14\/16 de ropa y calzado 37<\/p>\n\n\n\n<p>&#8211; De dama: S\/M de arriba, 38 de abajo y calzado 38<\/p>\n\n\n\n<p>&#8211; De hombre: M de arriba y abajo, calzado 41<\/p>\n\n\n\n<p>Las cuentan para colaborar son:<\/p>\n\n\n\n<p>&#8211; Banco Ita\u00fa n\u2022 7077790 a nombre de Cris Valeria Monzalvo Costa (transferencias y dep\u00f3sitos en abitab\/red pagos)<\/p>\n\n\n\n<p>&#8211; Banco BBVA n\u2022 26350483 a nombre de Ana Paula Echenique Cabrera (transferencias y dep\u00f3sitos en Red Pagos)<\/p>\n","protected":false},"excerpt":{"rendered":"<p>Una vivienda sito en calle Solis entre 18 de Julio y Avda. Artigas tom\u00f3 fuego&#8230;<\/p>\n","protected":false},"author":1,"featured_media":16961,"comment_status":"closed","ping_status":"closed","sticky":false,"template":"","format":"standard","meta":{"_monsterinsights_skip_tracking":false,"_monsterinsights_sitenote_active":false,"_monsterinsights_sitenote_note":"","_monsterinsights_sitenote_category":0,"footnotes":""},"categories":[11],"tags":[],"class_list":["post-16960","post","type-post","status-publish","format-standard","has-post-thumbnail","hentry","category-noticia-destacada"],"featured_image_urls":{"full":["https:\/\/diariotiempo.com.uy\/noticias\/wp-content\/uploads\/2024\/11\/ventana-dos.jpg",515,796,false],"thumbnail":["https:\/\/diariotiempo.com.uy\/noticias\/wp-content\/uploads\/2024\/11\/ventana-dos-150x150.jpg",150,150,true],"medium":["https:\/\/diariotiempo.com.uy\/noticias\/wp-content\/uploads\/2024\/11\/ventana-dos-194x300.jpg",194,300,true],"medium_large":["https:\/\/diariotiempo.com.uy\/noticias\/wp-content\/uploads\/2024\/11\/ventana-dos.jpg",515,796,false],"large":["https:\/\/diariotiempo.com.uy\/noticias\/wp-content\/uploads\/2024\/11\/ventana-dos.jpg",515,796,false],"rpg_gallery_admin_thumb":["https:\/\/diariotiempo.com.uy\/noticias\/wp-content\/uploads\/2024\/11\/ventana-dos-150x150.jpg",150,150,true],"rpg_gallery_thumb":["https:\/\/diariotiempo.com.uy\/noticias\/wp-content\/uploads\/2024\/11\/ventana-dos-150x150.jpg",150,150,true],"1536x1536":["https:\/\/diariotiempo.com.uy\/noticias\/wp-content\/uploads\/2024\/11\/ventana-dos.jpg",515,796,false],"2048x2048":["https:\/\/diariotiempo.com.uy\/noticias\/wp-content\/uploads\/2024\/11\/ventana-dos.jpg",515,796,false],"covernews-slider-full":["https:\/\/diariotiempo.com.uy\/noticias\/wp-content\/uploads\/2024\/11\/ventana-dos-515x715.jpg",515,715,true],"covernews-slider-center":["https:\/\/diariotiempo.com.uy\/noticias\/wp-content\/uploads\/2024\/11\/ventana-dos-515x500.jpg",515,500,true],"covernews-featured":["https:\/\/diariotiempo.com.uy\/noticias\/wp-content\/uploads\/2024\/11\/ventana-dos.jpg",515,796,false],"covernews-medium":["https:\/\/diariotiempo.com.uy\/noticias\/wp-content\/uploads\/2024\/11\/ventana-dos-515x340.jpg",515,340,true],"covernews-medium-square":["https:\/\/diariotiempo.com.uy\/noticias\/wp-content\/uploads\/2024\/11\/ventana-dos-400x250.jpg",400,250,true]},"author_info":{"display_name":"diario","author_link":"https:\/\/diariotiempo.com.uy\/noticias\/author\/diario\/"},"category_info":"<a href=\"https:\/\/diariotiempo.com.uy\/noticias\/category\/noticia-destacada\/\" rel=\"category tag\">NOTICIA DESTACADA<\/a>","tag_info":"NOTICIA DESTACADA","comment_count":"0","_links":{"self":[{"href":"https:\/\/diariotiempo.com.uy\/noticias\/wp-json\/wp\/v2\/posts\/16960","targetHints":{"allow":["GET"]}}],"collection":[{"href":"https:\/\/diariotiempo.com.uy\/noticias\/wp-json\/wp\/v2\/posts"}],"about":[{"href":"https:\/\/diariotiempo.com.uy\/noticias\/wp-json\/wp\/v2\/types\/post"}],"author":[{"embeddable":true,"href":"https:\/\/diariotiempo.com.uy\/noticias\/wp-json\/wp\/v2\/users\/1"}],"replies":[{"embeddable":true,"href":"https:\/\/diariotiempo.com.uy\/noticias\/wp-json\/wp\/v2\/comments?post=16960"}],"version-history":[{"count":2,"href":"https:\/\/diariotiempo.com.uy\/noticias\/wp-json\/wp\/v2\/posts\/16960\/revisions"}],"predecessor-version":[{"id":16963,"href":"https:\/\/diariotiempo.com.uy\/noticias\/wp-json\/wp\/v2\/posts\/16960\/revisions\/16963"}],"wp:featuredmedia":[{"embeddable":true,"href":"https:\/\/diariotiempo.com.uy\/noticias\/wp-json\/wp\/v2\/media\/16961"}],"wp:attachment":[{"href":"https:\/\/diariotiempo.com.uy\/noticias\/wp-json\/wp\/v2\/media?parent=16960"}],"wp:term":[{"taxonomy":"category","embeddable":true,"href":"https:\/\/diariotiempo.com.uy\/noticias\/wp-json\/wp\/v2\/categories?post=16960"},{"taxonomy":"post_tag","embeddable":true,"href":"https:\/\/diariotiempo.com.uy\/noticias\/wp-json\/wp\/v2\/tags?post=16960"}],"curies":[{"name":"wp","href":"https:\/\/api.w.org\/{rel}","templated":true}]}}