{"id":16966,"date":"2024-11-12T14:53:46","date_gmt":"2024-11-12T14:53:46","guid":{"rendered":"https:\/\/diariotiempo.com.uy\/noticias\/?p=16966"},"modified":"2024-11-12T14:53:47","modified_gmt":"2024-11-12T14:53:47","slug":"horror-mato-a-golpes-a-su-hija-de-cinco-meses","status":"publish","type":"post","link":"https:\/\/diariotiempo.com.uy\/noticias\/2024\/11\/12\/horror-mato-a-golpes-a-su-hija-de-cinco-meses\/","title":{"rendered":"Horror: Mat\u00f3 a golpes a su hija de cinco meses"},"content":{"rendered":"\n<p>Un hombre mat\u00f3 a golpes a su hija, una beb\u00e9 de cinco meses, el domingo en la ma\u00f1ana en el Cerro de Montevideo, \u00e9l se encuentra a detenido y a disposici\u00f3n de la Justicia.<\/p>\n\n\n\n<p>En la ma\u00f1ana de este domingo pr\u00f3ximo a la hora 07:00 se produjo una discusi\u00f3n en una vivienda ubicada en Pasaje La V\u00eda y Proyectada 15 metros.<\/p>\n\n\n\n<p>Los vecinos se despertaron a ra\u00edz de los gritos que escucharon provenientes de esa casa donde se encontraba un joven de 22 a\u00f1os y una mujer de 23 junto a sus hijos, una beb\u00e9 de cinco meses y un ni\u00f1o de 4 a\u00f1os.Testigos dijeron a Subrayado que el hombre salt\u00f3 desde un primer piso en b\u00f3xer con la peque\u00f1a en brazos y cay\u00f3 en el techo de su auto que estaba estacionado afuera de la vivienda. Seguidamente comenz\u00f3 a correr y en determinado momento fren\u00f3 y tir\u00f3 a la beb\u00e9 contra el piso.<\/p>\n\n\n\n<p>El agresor intent\u00f3 escapar, pero fue detenido por los vecinos y se encuentra a disposici\u00f3n de la Justicia.<\/p>\n\n\n\n<p>Una vecina fue quien levant\u00f3 a la peque\u00f1a y se la llev\u00f3 a la madre que estaba en la calle pidiendo ayuda y gritando que su pareja iba a matar a la beb\u00e9.<\/p>\n\n\n\n<p>El periodista Miguel Chagas inform\u00f3 que el hijo de la pareja, el var\u00f3n de cuatro a\u00f1os, le coment\u00f3 a una vecina que su padre hab\u00eda sacado a su hermanita de la cama y la hab\u00eda tirado contra el piso.<\/p>\n\n\n\n<p>La peque\u00f1a lleg\u00f3 sin vida al Hospital del Cerro y el menor fue asistido por un estado de nervios.<\/p>\n\n\n\n<p>Seg\u00fan supo Subrayado, no hab\u00eda denuncias de violencia dom\u00e9stica previas, pero la mayor\u00eda de los vecinos aseguran que las discusiones eran frecuentes.<\/p>\n","protected":false},"excerpt":{"rendered":"<p>Un hombre mat\u00f3 a golpes a su hija, una beb\u00e9 de cinco meses, el domingo&#8230;<\/p>\n","protected":false},"author":1,"featured_media":10433,"comment_status":"closed","ping_status":"closed","sticky":false,"template":"","format":"standard","meta":{"_monsterinsights_skip_tracking":false,"_monsterinsights_sitenote_active":false,"_monsterinsights_sitenote_note":"","_monsterinsights_sitenote_category":0,"footnotes":""},"categories":[6],"tags":[],"class_list":["post-16966","post","type-post","status-publish","format-standard","has-post-thumbnail","hentry","category-policial"],"featured_image_urls":{"full":["https:\/\/diariotiempo.com.uy\/noticias\/wp-content\/uploads\/2023\/04\/camioneta-poli.jpg",800,565,false],"thumbnail":["https:\/\/diariotiempo.com.uy\/noticias\/wp-content\/uploads\/2023\/04\/camioneta-poli-150x150.jpg",150,150,true],"medium":["https:\/\/diariotiempo.com.uy\/noticias\/wp-content\/uploads\/2023\/04\/camioneta-poli-300x212.jpg",300,212,true],"medium_large":["https:\/\/diariotiempo.com.uy\/noticias\/wp-content\/uploads\/2023\/04\/camioneta-poli-768x542.jpg",640,452,true],"large":["https:\/\/diariotiempo.com.uy\/noticias\/wp-content\/uploads\/2023\/04\/camioneta-poli.jpg",640,452,false],"rpg_gallery_admin_thumb":["https:\/\/diariotiempo.com.uy\/noticias\/wp-content\/uploads\/2023\/04\/camioneta-poli.jpg",150,106,false],"rpg_gallery_thumb":["https:\/\/diariotiempo.com.uy\/noticias\/wp-content\/uploads\/2023\/04\/camioneta-poli.jpg",150,106,false],"1536x1536":["https:\/\/diariotiempo.com.uy\/noticias\/wp-content\/uploads\/2023\/04\/camioneta-poli.jpg",800,565,false],"2048x2048":["https:\/\/diariotiempo.com.uy\/noticias\/wp-content\/uploads\/2023\/04\/camioneta-poli.jpg",800,565,false],"covernews-slider-full":["https:\/\/diariotiempo.com.uy\/noticias\/wp-content\/uploads\/2023\/04\/camioneta-poli.jpg",800,565,false],"covernews-slider-center":["https:\/\/diariotiempo.com.uy\/noticias\/wp-content\/uploads\/2023\/04\/camioneta-poli-800x500.jpg",800,500,true],"covernews-featured":["https:\/\/diariotiempo.com.uy\/noticias\/wp-content\/uploads\/2023\/04\/camioneta-poli.jpg",800,565,false],"covernews-medium":["https:\/\/diariotiempo.com.uy\/noticias\/wp-content\/uploads\/2023\/04\/camioneta-poli-540x340.jpg",540,340,true],"covernews-medium-square":["https:\/\/diariotiempo.com.uy\/noticias\/wp-content\/uploads\/2023\/04\/camioneta-poli-400x250.jpg",400,250,true]},"author_info":{"display_name":"diario","author_link":"https:\/\/diariotiempo.com.uy\/noticias\/author\/diario\/"},"category_info":"<a href=\"https:\/\/diariotiempo.com.uy\/noticias\/category\/policial\/\" rel=\"category tag\">POLICIAL<\/a>","tag_info":"POLICIAL","comment_count":"0","_links":{"self":[{"href":"https:\/\/diariotiempo.com.uy\/noticias\/wp-json\/wp\/v2\/posts\/16966","targetHints":{"allow":["GET"]}}],"collection":[{"href":"https:\/\/diariotiempo.com.uy\/noticias\/wp-json\/wp\/v2\/posts"}],"about":[{"href":"https:\/\/diariotiempo.com.uy\/noticias\/wp-json\/wp\/v2\/types\/post"}],"author":[{"embeddable":true,"href":"https:\/\/diariotiempo.com.uy\/noticias\/wp-json\/wp\/v2\/users\/1"}],"replies":[{"embeddable":true,"href":"https:\/\/diariotiempo.com.uy\/noticias\/wp-json\/wp\/v2\/comments?post=16966"}],"version-history":[{"count":1,"href":"https:\/\/diariotiempo.com.uy\/noticias\/wp-json\/wp\/v2\/posts\/16966\/revisions"}],"predecessor-version":[{"id":16967,"href":"https:\/\/diariotiempo.com.uy\/noticias\/wp-json\/wp\/v2\/posts\/16966\/revisions\/16967"}],"wp:featuredmedia":[{"embeddable":true,"href":"https:\/\/diariotiempo.com.uy\/noticias\/wp-json\/wp\/v2\/media\/10433"}],"wp:attachment":[{"href":"https:\/\/diariotiempo.com.uy\/noticias\/wp-json\/wp\/v2\/media?parent=16966"}],"wp:term":[{"taxonomy":"category","embeddable":true,"href":"https:\/\/diariotiempo.com.uy\/noticias\/wp-json\/wp\/v2\/categories?post=16966"},{"taxonomy":"post_tag","embeddable":true,"href":"https:\/\/diariotiempo.com.uy\/noticias\/wp-json\/wp\/v2\/tags?post=16966"}],"curies":[{"name":"wp","href":"https:\/\/api.w.org\/{rel}","templated":true}]}}