{"id":16998,"date":"2024-11-15T13:51:15","date_gmt":"2024-11-15T13:51:15","guid":{"rendered":"https:\/\/diariotiempo.com.uy\/noticias\/?p=16998"},"modified":"2024-11-15T13:51:16","modified_gmt":"2024-11-15T13:51:16","slug":"interior-reinauguro-base-de-policia-cientifica-en-estacion-atlantida","status":"publish","type":"post","link":"https:\/\/diariotiempo.com.uy\/noticias\/2024\/11\/15\/interior-reinauguro-base-de-policia-cientifica-en-estacion-atlantida\/","title":{"rendered":"Interior reinaugur\u00f3 base de Polic\u00eda Cient\u00edfica en Estaci\u00f3n Atl\u00e1ntida"},"content":{"rendered":"\n<figure class=\"wp-block-image size-full\"><img loading=\"lazy\" decoding=\"async\" width=\"800\" height=\"471\" src=\"https:\/\/diariotiempo.com.uy\/noticias\/wp-content\/uploads\/2024\/11\/atlantida-cinta.jpg\" alt=\"\" class=\"wp-image-16999\" srcset=\"https:\/\/diariotiempo.com.uy\/noticias\/wp-content\/uploads\/2024\/11\/atlantida-cinta.jpg 800w, https:\/\/diariotiempo.com.uy\/noticias\/wp-content\/uploads\/2024\/11\/atlantida-cinta-300x177.jpg 300w, https:\/\/diariotiempo.com.uy\/noticias\/wp-content\/uploads\/2024\/11\/atlantida-cinta-768x452.jpg 768w\" sizes=\"auto, (max-width: 800px) 100vw, 800px\" \/><\/figure>\n\n\n\n<p>Este martes 12, autoridades del Ministerio del Interior, encabezadas por el titular de la cartera, Nicol\u00e1s Martinelli, reinauguraron el edificio que ocupa la base de Polic\u00eda Cient\u00edfica de la zona operacional 5 en Estaci\u00f3n Atl\u00e1ntida, tras una inversi\u00f3n de 4.274.559 pesos. Asimismo, en el marco del plan Avanzar y tambi\u00e9n en el departamento de Canelones, otro integrante de la fuerza policial accedi\u00f3 a una vivienda.<\/p>\n\n\n\n<p>Asistieron, adem\u00e1s, a la ceremonia de reapertura el presidente de la Unidad Nacional de Seguridad Vial, Alejandro Draper; el titular de la Administraci\u00f3n Nacional de Correos, Ivo Gonz\u00e1lez; el subdirector ejecutivo de la Polic\u00eda Nacional, Efra\u00edn Abreu, y el jefe de Polic\u00eda de Canelones, V\u00edctor Trezza. Los acompa\u00f1aron autoridades policiales, nacionales y departamentales.El proceso de renovaci\u00f3n edilicia responde a un enfoque integral de cercan\u00eda, accesibilidad, confiabilidad y colaboraci\u00f3n mutua entre los miembros de la comunidad. Las obras requirieron una inversi\u00f3n de 4.274.559 pesos. En declaraciones a la prensa, Trezza resalt\u00f3 la importancia de la reinauguraci\u00f3n, semanas antes del inicio de una nueva temporada estival, para atender a las necesidades de trabajadores y ciudadanos.El rango operacional de la mencionada base abarca las comisar\u00edas de Salinas, Parque del Plata, Atl\u00e1ntida, La Floresta, Cuchilla Alta y Soca. Con esta reapertura, no solo se descentralizan los servicios t\u00e9cnicos, sino que se mejora el soporte tecnol\u00f3gico, sostuvo el jerarca.<\/p>\n\n\n\n<p><strong>Funcionarios policiales acceden a soluciones habitacionales<\/strong><\/p>\n\n\n\n<p>En horas de la ma\u00f1ana, Martinelli, Hackenbruch y el titular de la Direcci\u00f3n Nacional de Seguridad Social Policial, Luis Rodr\u00edguez, proporcionaron una vivienda a un efectivo policial, sita en el balneario Salinas, actividad que se efectu\u00f3 en el marco del plan Avanzar.<\/p>\n\n\n\n<p>Durante la entrega de las llaves, Martinelli resalt\u00f3 lasmejoras implementadas durante la presente administraci\u00f3n en materia de acceso a la vivienda para los efectivos, que permitieron un progreso cualitativo y cuantitativo \u201ctremendamente importante\u201d para la familia policial.Parte de las acciones mencionadas por el jerarca se vinculan con la labor del Ministerio del Interior, la Direcci\u00f3n Nacional de Integraci\u00f3n Social y Urbana y el plan Avanzar para priorizar la entrega de soluciones habitacionales a los efectivos policiales que viven en contextos cr\u00edticos. El programa ha permitido que nueve de ellos dispusieran de una vivienda propia. Seg\u00fan Martinelli, en la actualidad, hay m\u00e1s de 50 carpetas en etapa de estudio. En tanto, Hackenbruch indic\u00f3 que, desde la cartera que dirige, se ha trabajado \u201cmuy fuerte\u201d en la b\u00fasqueda de soluciones para todos los sectores de la sociedad.<\/p>\n","protected":false},"excerpt":{"rendered":"<p>Este martes 12, autoridades del Ministerio del Interior, encabezadas por el titular de la cartera,&#8230;<\/p>\n","protected":false},"author":1,"featured_media":16999,"comment_status":"closed","ping_status":"closed","sticky":false,"template":"","format":"standard","meta":{"_monsterinsights_skip_tracking":false,"_monsterinsights_sitenote_active":false,"_monsterinsights_sitenote_note":"","_monsterinsights_sitenote_category":0,"footnotes":""},"categories":[25],"tags":[],"class_list":["post-16998","post","type-post","status-publish","format-standard","has-post-thumbnail","hentry","category-atlantida"],"featured_image_urls":{"full":["https:\/\/diariotiempo.com.uy\/noticias\/wp-content\/uploads\/2024\/11\/atlantida-cinta.jpg",800,471,false],"thumbnail":["https:\/\/diariotiempo.com.uy\/noticias\/wp-content\/uploads\/2024\/11\/atlantida-cinta-150x150.jpg",150,150,true],"medium":["https:\/\/diariotiempo.com.uy\/noticias\/wp-content\/uploads\/2024\/11\/atlantida-cinta-300x177.jpg",300,177,true],"medium_large":["https:\/\/diariotiempo.com.uy\/noticias\/wp-content\/uploads\/2024\/11\/atlantida-cinta-768x452.jpg",640,377,true],"large":["https:\/\/diariotiempo.com.uy\/noticias\/wp-content\/uploads\/2024\/11\/atlantida-cinta.jpg",640,377,false],"rpg_gallery_admin_thumb":["https:\/\/diariotiempo.com.uy\/noticias\/wp-content\/uploads\/2024\/11\/atlantida-cinta-150x150.jpg",150,150,true],"rpg_gallery_thumb":["https:\/\/diariotiempo.com.uy\/noticias\/wp-content\/uploads\/2024\/11\/atlantida-cinta-150x150.jpg",150,150,true],"1536x1536":["https:\/\/diariotiempo.com.uy\/noticias\/wp-content\/uploads\/2024\/11\/atlantida-cinta.jpg",800,471,false],"2048x2048":["https:\/\/diariotiempo.com.uy\/noticias\/wp-content\/uploads\/2024\/11\/atlantida-cinta.jpg",800,471,false],"covernews-slider-full":["https:\/\/diariotiempo.com.uy\/noticias\/wp-content\/uploads\/2024\/11\/atlantida-cinta.jpg",800,471,false],"covernews-slider-center":["https:\/\/diariotiempo.com.uy\/noticias\/wp-content\/uploads\/2024\/11\/atlantida-cinta.jpg",800,471,false],"covernews-featured":["https:\/\/diariotiempo.com.uy\/noticias\/wp-content\/uploads\/2024\/11\/atlantida-cinta.jpg",800,471,false],"covernews-medium":["https:\/\/diariotiempo.com.uy\/noticias\/wp-content\/uploads\/2024\/11\/atlantida-cinta-540x340.jpg",540,340,true],"covernews-medium-square":["https:\/\/diariotiempo.com.uy\/noticias\/wp-content\/uploads\/2024\/11\/atlantida-cinta-400x250.jpg",400,250,true]},"author_info":{"display_name":"diario","author_link":"https:\/\/diariotiempo.com.uy\/noticias\/author\/diario\/"},"category_info":"<a href=\"https:\/\/diariotiempo.com.uy\/noticias\/category\/departamental\/atlantida\/\" rel=\"category tag\">Atl\u00e1ntida<\/a>","tag_info":"Atl\u00e1ntida","comment_count":"0","_links":{"self":[{"href":"https:\/\/diariotiempo.com.uy\/noticias\/wp-json\/wp\/v2\/posts\/16998","targetHints":{"allow":["GET"]}}],"collection":[{"href":"https:\/\/diariotiempo.com.uy\/noticias\/wp-json\/wp\/v2\/posts"}],"about":[{"href":"https:\/\/diariotiempo.com.uy\/noticias\/wp-json\/wp\/v2\/types\/post"}],"author":[{"embeddable":true,"href":"https:\/\/diariotiempo.com.uy\/noticias\/wp-json\/wp\/v2\/users\/1"}],"replies":[{"embeddable":true,"href":"https:\/\/diariotiempo.com.uy\/noticias\/wp-json\/wp\/v2\/comments?post=16998"}],"version-history":[{"count":1,"href":"https:\/\/diariotiempo.com.uy\/noticias\/wp-json\/wp\/v2\/posts\/16998\/revisions"}],"predecessor-version":[{"id":17000,"href":"https:\/\/diariotiempo.com.uy\/noticias\/wp-json\/wp\/v2\/posts\/16998\/revisions\/17000"}],"wp:featuredmedia":[{"embeddable":true,"href":"https:\/\/diariotiempo.com.uy\/noticias\/wp-json\/wp\/v2\/media\/16999"}],"wp:attachment":[{"href":"https:\/\/diariotiempo.com.uy\/noticias\/wp-json\/wp\/v2\/media?parent=16998"}],"wp:term":[{"taxonomy":"category","embeddable":true,"href":"https:\/\/diariotiempo.com.uy\/noticias\/wp-json\/wp\/v2\/categories?post=16998"},{"taxonomy":"post_tag","embeddable":true,"href":"https:\/\/diariotiempo.com.uy\/noticias\/wp-json\/wp\/v2\/tags?post=16998"}],"curies":[{"name":"wp","href":"https:\/\/api.w.org\/{rel}","templated":true}]}}