{"id":17021,"date":"2024-11-18T17:57:37","date_gmt":"2024-11-18T17:57:37","guid":{"rendered":"https:\/\/diariotiempo.com.uy\/noticias\/?p=17021"},"modified":"2024-11-18T17:57:38","modified_gmt":"2024-11-18T17:57:38","slug":"dos-efectivos-heridos-y-seis-detenidos-en-operativo-antidrogas-realizado-en-la-playa-de-san-luis","status":"publish","type":"post","link":"https:\/\/diariotiempo.com.uy\/noticias\/2024\/11\/18\/dos-efectivos-heridos-y-seis-detenidos-en-operativo-antidrogas-realizado-en-la-playa-de-san-luis\/","title":{"rendered":"Dos efectivos heridos y seis detenidos en operativo antidrogas realizado en la playa de San Luis"},"content":{"rendered":"\n<p>La droga fue incautada en el balneario San Luis de Canelones, en un operativo de la Polic\u00eda Antidrogas y el Grupo de Inteligencia de la Armada. Este viernes de ma\u00f1ana se realizan varios allanamientos.<\/p>\n\n\n\n<p>El operativo se realiz\u00f3 en la pasada madrugada en una zona del balneario San Luis de Canelones. All\u00ed se ten\u00eda la informaci\u00f3n de que iban a sacar por la playa un importante cargamento de droga(se presume que coca\u00edna) por lo que la Polic\u00eda Antidrogas y el Grupo de Inteligencia de la Armada Nacional montaron un operativo.<\/p>\n\n\n\n<p>Seg\u00fan informaci\u00f3n primaria &nbsp;los polic\u00edas y los efectivos de la Armada interceptaron a los delincuentes en una embarcaci\u00f3n cargada con varios bolsones de droga. All\u00ed se produce un intenso tiroteo en el que resultan heridos un agente de la Brigada Antidrogas con un roce de bala en la cabeza, y un efectivo de la Armada con un disparo en el rostro, que en principio no ser\u00eda grave.<\/p>\n\n\n\n<p>Luego de la redada en la playa se produjo el tiroteo que habr\u00eda proseguido luego al norte de la ruta interbalnearia, situaci\u00f3n que caus\u00f3 p\u00e1nico entre los vecinos.<\/p>\n\n\n\n<p>Como resultado del operativo fueron detenidas seis personas y se incaut\u00f3 la droga, que se estima supera los 1.000 kilos, es decir, m\u00e1s de una tonelada.<\/p>\n\n\n\n<p>Adem\u00e1s se incaut\u00f3 la embarcaci\u00f3n, veh\u00edculos de los delincuentes, armas, cargadores y municiones.<\/p>\n\n\n\n<p>El mismo viernes de ma\u00f1ana continuaron con los allanamientos en la zona para dar con el resto de la organizaci\u00f3n criminal y m\u00e1s droga.<\/p>\n","protected":false},"excerpt":{"rendered":"<p>La droga fue incautada en el balneario San Luis de Canelones, en un operativo de&#8230;<\/p>\n","protected":false},"author":1,"featured_media":17022,"comment_status":"closed","ping_status":"closed","sticky":false,"template":"","format":"standard","meta":{"_monsterinsights_skip_tracking":false,"_monsterinsights_sitenote_active":false,"_monsterinsights_sitenote_note":"","_monsterinsights_sitenote_category":0,"footnotes":""},"categories":[11],"tags":[],"class_list":["post-17021","post","type-post","status-publish","format-standard","has-post-thumbnail","hentry","category-noticia-destacada"],"featured_image_urls":{"full":["https:\/\/diariotiempo.com.uy\/noticias\/wp-content\/uploads\/2024\/11\/a.jpg",674,368,false],"thumbnail":["https:\/\/diariotiempo.com.uy\/noticias\/wp-content\/uploads\/2024\/11\/a-150x150.jpg",150,150,true],"medium":["https:\/\/diariotiempo.com.uy\/noticias\/wp-content\/uploads\/2024\/11\/a-300x164.jpg",300,164,true],"medium_large":["https:\/\/diariotiempo.com.uy\/noticias\/wp-content\/uploads\/2024\/11\/a.jpg",640,349,false],"large":["https:\/\/diariotiempo.com.uy\/noticias\/wp-content\/uploads\/2024\/11\/a.jpg",640,349,false],"rpg_gallery_admin_thumb":["https:\/\/diariotiempo.com.uy\/noticias\/wp-content\/uploads\/2024\/11\/a-150x150.jpg",150,150,true],"rpg_gallery_thumb":["https:\/\/diariotiempo.com.uy\/noticias\/wp-content\/uploads\/2024\/11\/a-150x150.jpg",150,150,true],"1536x1536":["https:\/\/diariotiempo.com.uy\/noticias\/wp-content\/uploads\/2024\/11\/a.jpg",674,368,false],"2048x2048":["https:\/\/diariotiempo.com.uy\/noticias\/wp-content\/uploads\/2024\/11\/a.jpg",674,368,false],"covernews-slider-full":["https:\/\/diariotiempo.com.uy\/noticias\/wp-content\/uploads\/2024\/11\/a.jpg",674,368,false],"covernews-slider-center":["https:\/\/diariotiempo.com.uy\/noticias\/wp-content\/uploads\/2024\/11\/a.jpg",674,368,false],"covernews-featured":["https:\/\/diariotiempo.com.uy\/noticias\/wp-content\/uploads\/2024\/11\/a.jpg",674,368,false],"covernews-medium":["https:\/\/diariotiempo.com.uy\/noticias\/wp-content\/uploads\/2024\/11\/a-540x340.jpg",540,340,true],"covernews-medium-square":["https:\/\/diariotiempo.com.uy\/noticias\/wp-content\/uploads\/2024\/11\/a-400x250.jpg",400,250,true]},"author_info":{"display_name":"diario","author_link":"https:\/\/diariotiempo.com.uy\/noticias\/author\/diario\/"},"category_info":"<a href=\"https:\/\/diariotiempo.com.uy\/noticias\/category\/noticia-destacada\/\" rel=\"category tag\">NOTICIA DESTACADA<\/a>","tag_info":"NOTICIA DESTACADA","comment_count":"0","_links":{"self":[{"href":"https:\/\/diariotiempo.com.uy\/noticias\/wp-json\/wp\/v2\/posts\/17021","targetHints":{"allow":["GET"]}}],"collection":[{"href":"https:\/\/diariotiempo.com.uy\/noticias\/wp-json\/wp\/v2\/posts"}],"about":[{"href":"https:\/\/diariotiempo.com.uy\/noticias\/wp-json\/wp\/v2\/types\/post"}],"author":[{"embeddable":true,"href":"https:\/\/diariotiempo.com.uy\/noticias\/wp-json\/wp\/v2\/users\/1"}],"replies":[{"embeddable":true,"href":"https:\/\/diariotiempo.com.uy\/noticias\/wp-json\/wp\/v2\/comments?post=17021"}],"version-history":[{"count":1,"href":"https:\/\/diariotiempo.com.uy\/noticias\/wp-json\/wp\/v2\/posts\/17021\/revisions"}],"predecessor-version":[{"id":17023,"href":"https:\/\/diariotiempo.com.uy\/noticias\/wp-json\/wp\/v2\/posts\/17021\/revisions\/17023"}],"wp:featuredmedia":[{"embeddable":true,"href":"https:\/\/diariotiempo.com.uy\/noticias\/wp-json\/wp\/v2\/media\/17022"}],"wp:attachment":[{"href":"https:\/\/diariotiempo.com.uy\/noticias\/wp-json\/wp\/v2\/media?parent=17021"}],"wp:term":[{"taxonomy":"category","embeddable":true,"href":"https:\/\/diariotiempo.com.uy\/noticias\/wp-json\/wp\/v2\/categories?post=17021"},{"taxonomy":"post_tag","embeddable":true,"href":"https:\/\/diariotiempo.com.uy\/noticias\/wp-json\/wp\/v2\/tags?post=17021"}],"curies":[{"name":"wp","href":"https:\/\/api.w.org\/{rel}","templated":true}]}}